{"id":58264,"date":"2025-09-21T08:30:26","date_gmt":"2025-09-21T06:30:26","guid":{"rendered":"https:\/\/edublog.educastur.es\/ixuxu\/?p=58264"},"modified":"2025-09-21T11:39:27","modified_gmt":"2025-09-21T09:39:27","slug":"el-tiempu-el-comercio-143","status":"publish","type":"post","link":"https:\/\/edublog.educastur.es\/ixuxu\/2025\/09\/el-tiempu-el-comercio-143\/","title":{"rendered":"El tiempu (El Comercio)"},"content":{"rendered":"<p style=\"text-align: center\"><a href=\"https:\/\/s3.ppllstatics.com\/elcomercio\/www\/multimedia\/2025\/09\/20\/tiempo-asturias-domingo-21-septiembre-k6dD-U2302588077118HVD-1200x870@El%20Comercio.jpg\"><img loading=\"lazy\" decoding=\"async\" class=\"aligncenter size-large\" src=\"https:\/\/s3.ppllstatics.com\/elcomercio\/www\/multimedia\/2025\/09\/20\/tiempo-asturias-domingo-21-septiembre-k6dD-U2302588077118HVD-1200x870@El%20Comercio.jpg\" width=\"1200\" height=\"870\" \/><\/a><\/p>\n<p>Tres dellos d\u00edes calorosos que tuvimos esta selmana, <strong>el s\u00e1badu reparemos<\/strong> como les condiciones meteorol\u00f3xiques camudaron deb\u00edu al pasu d&#8217;un frente fr\u00edu que consigui\u00f3 aumentar la nubosid\u00e1 y baxar les temperatures mientres el d\u00eda. <strong>El domingu<\/strong> vamos encarar una xornada na que nuevamente van baxar ent\u00e1 m\u00e1s les temperatures. Prevense intervalos nublos con bastios a lo llargo del d\u00eda que van ser m\u00e1s frecuentes mientres la segunda parte de la xornada y pudiendo venir acompa\u00f1aos de nube. <strong>Los vientos<\/strong> van ser fluexos de noroeste-oeste polo xeneral con dalguna racha daqu\u00e9 m\u00e1s moderada s\u00eda que non escontra&#8217;l sector occidental.<\/p>\n<p><!--more--><\/p>\n<p><strong>El llunes<\/strong> 22 de setiembre <strong>va dar entamu oficialmente la seronda astron\u00f3mica<\/strong> concretamente a les 20:19 hores de la tarde. Y prueba d&#8217;ello va ser el tiempu tan serondiegu que se va esperar con cielos bien nublos, precipitaciones d\u00e9biles a moderaes mientres tola xornada que van ser persistentes na mari\u00f1a y un nuevu descensu de les temperatures. Va haber posibilid\u00e1 de ver les primeres nieves n&#8217;altos cumes cuidao que s&#8217;espera que la cota ronde los 1900\/2000 metros d&#8217;altor. Tiempu bastante frescu tami\u00e9n para&#8217;l martes anque y\u00e1 con estabilid\u00e1 cola que vamos siguir nos siguientes d\u00edes.<\/p>\n","protected":false},"excerpt":{"rendered":"<p>Tres dellos d\u00edes calorosos que tuvimos esta selmana, el s\u00e1badu reparemos como les condiciones meteorol\u00f3xiques camudaron deb\u00edu al pasu d&#8217;un frente fr\u00edu que consigui\u00f3 aumentar la nubosid\u00e1 y baxar les temperatures mientres el d\u00eda. El domingu vamos encarar una xornada na que nuevamente van baxar ent\u00e1 m\u00e1s les temperatures. Prevense intervalos nublos con bastios a [&hellip;]<\/p>\n","protected":false},"author":117,"featured_media":0,"comment_status":"closed","ping_status":"open","sticky":false,"template":"","format":"standard","meta":{"footnotes":""},"categories":[5],"tags":[],"class_list":["post-58264","post","type-post","status-publish","format-standard","hentry","category-tiempu"],"_links":{"self":[{"href":"https:\/\/edublog.educastur.es\/ixuxu\/wp-json\/wp\/v2\/posts\/58264","targetHints":{"allow":["GET"]}}],"collection":[{"href":"https:\/\/edublog.educastur.es\/ixuxu\/wp-json\/wp\/v2\/posts"}],"about":[{"href":"https:\/\/edublog.educastur.es\/ixuxu\/wp-json\/wp\/v2\/types\/post"}],"author":[{"embeddable":true,"href":"https:\/\/edublog.educastur.es\/ixuxu\/wp-json\/wp\/v2\/users\/117"}],"replies":[{"embeddable":true,"href":"https:\/\/edublog.educastur.es\/ixuxu\/wp-json\/wp\/v2\/comments?post=58264"}],"version-history":[{"count":2,"href":"https:\/\/edublog.educastur.es\/ixuxu\/wp-json\/wp\/v2\/posts\/58264\/revisions"}],"predecessor-version":[{"id":58266,"href":"https:\/\/edublog.educastur.es\/ixuxu\/wp-json\/wp\/v2\/posts\/58264\/revisions\/58266"}],"wp:attachment":[{"href":"https:\/\/edublog.educastur.es\/ixuxu\/wp-json\/wp\/v2\/media?parent=58264"}],"wp:term":[{"taxonomy":"category","embeddable":true,"href":"https:\/\/edublog.educastur.es\/ixuxu\/wp-json\/wp\/v2\/categories?post=58264"},{"taxonomy":"post_tag","embeddable":true,"href":"https:\/\/edublog.educastur.es\/ixuxu\/wp-json\/wp\/v2\/tags?post=58264"}],"curies":[{"name":"wp","href":"https:\/\/api.w.org\/{rel}","templated":true}]}}