{"id":58274,"date":"2025-09-22T08:55:19","date_gmt":"2025-09-22T06:55:19","guid":{"rendered":"https:\/\/edublog.educastur.es\/ixuxu\/?p=58274"},"modified":"2025-09-21T17:32:26","modified_gmt":"2025-09-21T15:32:26","slug":"entramos-na-seronda","status":"publish","type":"post","link":"https:\/\/edublog.educastur.es\/ixuxu\/2025\/09\/entramos-na-seronda\/","title":{"rendered":"Entramos na seronda"},"content":{"rendered":"<div class=\"xu06os2 x1ok221b\">\n<div class=\"x1gslohp\">\n<ul>\n<li class=\"html-h2 x14z9mp xat24cr x1lziwak xexx8yu xyri2b x18d9i69 x1c1uobl x1vvkbs x1heor9g x1qlqyl8 x1pd3egz x1a2a7pz x1gslohp\"><span class=\"x193iq5w xeuugli x13faqbe x1vvkbs x1xmvt09 x1f6kntn xvq8zen xo1l8bm xi81zsa\"><span class=\"xt0psk2\"><span class=\"xjp7ctv\"><a class=\"x1i10hfl xjbqb8w x1ejq31n x18oe1m7 x1sy0etr xstzfhl x972fbf x10w94by x1qhh985 x14e42zd x9f619 x1ypdohk xt0psk2 x3ct3a4 xdj266r x14z9mp xat24cr x1lziwak xexx8yu xyri2b x18d9i69 x1c1uobl x16tdsg8 x1hl2dhg xggy1nq x1a2a7pz xkrqix3 x1sur9pj xzsf02u x1s688f\" role=\"link\" href=\"https:\/\/www.facebook.com\/IGNSpain?__cft__[0]=AZXhcwvF4RfhX7zvJEER-TUoRzreUD_2S4XI78M04c-DaCtHc2pUfD5Wsxsj8TRRdcWxMmwJu03PNnXcHBQQczYu88ROtL16aBVtZuOrswjbvlAfdkvF2Z3yX0wCHZ1zsokEImtPCYldqyJ0rPcAHus5x7oMFeNkAOsDekgmQYfjJZPUDqwgg5ylssNtibO6BoUhyC8UARbmUl6Z_6SxCUR3B87JTOr-68CDdve3ivZYmw&amp;__tn__=-UC*F\">Instituto Geogr\u00e1fico Nacional de Espa\u00f1a y CNIG<\/a><\/span><\/span><\/span><\/li>\n<\/ul>\n<\/div>\n<\/div>\n<div class=\"xqcrz7y x78zum5 x1qx5ct2 x1y1aw1k xf159sx xwib8y2 xmzvs34 xw4jnvo\">\n<div style=\"text-align: center\"><a href=\"http:\/\/astronomia.ign.es\/rknowsys-theme\/images\/webAstro\/paginas\/otono.jpg\"><img loading=\"lazy\" decoding=\"async\" class=\"aligncenter size-large\" src=\"http:\/\/astronomia.ign.es\/rknowsys-theme\/images\/webAstro\/paginas\/otono.jpg\" width=\"1024\" height=\"930\" \/><\/a><\/div>\n<\/div>\n<p>\u00a1Camudamos d&#8217;estaci\u00f3n!\u00a0La seronda de 2025 nel hemisferiu norte va empezar el d\u00eda 22 de setiembre a les 20 hores 19 minutos, hora oficial peninsular seg\u00fan c\u00e1lculos del <strong>Observatoriu Astron\u00f3micu Nacional (IGN).\u00a0<\/strong>Esta estaci\u00f3n va durar aprosimao 89 d\u00edes y 21 hores, y va terminar el 21 d&#8217;avientu, col empiezu del iviernu. Nel momentu que la seronda empieza nel hemisferiu norte, nel hemisferiu sur empieza la primavera.<\/p>\n<p><!--more--><\/p>\n<p><strong>El cielu mientres la seronda de 2025.\u00a0<\/strong>Al empiezu de la seronda, el cielu tres la puesta de Sol, va tener a Marte y Saturno como \u00fanicos planetes visibles. Mercuriu va incorporase unos d\u00edes dempu\u00e9s del empiezu de la estaci\u00f3n. Mercuriu y Marte podr\u00e1n vese hasta mediaos de payares.<\/p>\n<p>Los amaneceres, otra manera, van dexar ver a Venus y X\u00fapiter mientres tola estaci\u00f3n. El primeru va poder vese hasta finales de payares, cuando va faer la so apaici\u00f3n Mercuriu.<\/p>\n<p>Tocantes a les estrelles y constelaciones visibles al anochecer na seronda, va destacar el tri\u00e1ngulu de branu, form\u00e1u por Deneb nel Cisne, Vega en Llira y Altair na \u00c1guila, que va siguir siendo visible mientres la primer parte de la estaci\u00f3n, anque gradualmente a menor altor sobre l&#8217;horizonte oeste.<\/p>\n<p>A midida que avancen los meses, vamos ver surdir pel este les constelaciones de Pegasu, Andr\u00f3meda y Perseo, y a la fin de la estaci\u00f3n van apaecer les constelaciones de Tauro y Ori\u00f3n, que van algamar la so m\u00e1xima rellumanza mientres les nueches d&#8217;iviernu.<\/p>\n<p><span class=\"x193iq5w xeuugli x13faqbe x1vvkbs x1xmvt09 x1lliihq x1s928wv xhkezso x1gmr53x x1cpjm7i x1fgarty x1943h6x xudqn12 x3x7a5m x1f6kntn xvq8zen xo1l8bm xzsf02u\" dir=\"auto\">M\u00e1s info <span class=\"html-span xexx8yu xyri2b x18d9i69 x1c1uobl x1hl2dhg x16tdsg8 x1vvkbs x3nfvp2 x1j61x8r x1fcty0u xdj266r xat24cr xm2jcoa x1mpyi22 xxymvpz xlup9mm x1kky2od\"><img loading=\"lazy\" decoding=\"async\" class=\"xz74otr x15mokao x1ga7v0g x16uus16 xbiv7yw\" src=\"https:\/\/static.xx.fbcdn.net\/images\/emoji.php\/v9\/t9e\/1\/16\/27a1.png\" alt=\"\u27a1\ufe0f\" width=\"16\" height=\"16\" \/><\/span> <span class=\"html-span xdj266r x14z9mp xat24cr x1lziwak xexx8yu xyri2b x18d9i69 x1c1uobl x1hl2dhg x16tdsg8 x1vvkbs\"><a class=\"x1i10hfl xjbqb8w x1ejq31n x18oe1m7 x1sy0etr xstzfhl x972fbf x10w94by x1qhh985 x14e42zd x9f619 x1ypdohk xt0psk2 x3ct3a4 xdj266r x14z9mp xat24cr x1lziwak xexx8yu xyri2b x18d9i69 x1c1uobl x16tdsg8 x1hl2dhg xggy1nq x1a2a7pz xkrqix3 x1sur9pj x1fey0fg x1s688f\" role=\"link\" href=\"https:\/\/l.facebook.com\/l.php?u=https%3A%2F%2Fastronomia.ign.es%2Fweb%2Fguest%2Finicio-estaciones%2Fotono%3Ffbclid%3DIwZXh0bgNhZW0CMTAAYnJpZBEwM0pIMUVxYWtzbjRYNWpydAEe2iSTBlGdRTNiGm_uq636eFMPSd3f6NZ3NaHDosjgVkgEvFtuYdvVIPbZRSw_aem_NFlZC_WqHqY3p6-1H9WBHg&amp;h=AT3a087NnS9MzGUHdULd2edU4KrLeHtRkNxg2-ozzJxALdYOe_zOUNi6GfPLmRUXYx2z5ofraysnnH0nuzqptA4UGHJ95L33noFi3B14TPbyTFHy3fm8v8k7arGnP5j0Jn5es1mJDHrP_xxpr6KQhwyiTMA4wg&amp;__tn__=-UK*F&amp;c[0]=AT0_9ykInZnWPvUCZX6hqSBnmCHrGHcD3vH9sU-SBV1ari3xBgSbpJcdmC3rxTUrvnj_c2V8-iRQwaeEGkVImJJhfC487lF2s_kH9yxCOI0_lKYE8pAGanOdPnegLT11Zl7EvJMg7QcRgQQM9w4xcrEck9-0wc0iuFLqHWoiQaHGrq8cCeg9_5A3hRPeRoRtcAttmW-XGBo5Re_ONabORGUM-WQwbzAyrse3cXDZJzVoJE1_CqjMpoc\" target=\"_blank\" rel=\"nofollow noopener noreferrer\">https:\/\/astronomia.ign.es\/web\/guest\/inicio-estaciones\/otono<\/a><\/span><\/span><\/p>\n","protected":false},"excerpt":{"rendered":"<p>Instituto Geogr\u00e1fico Nacional de Espa\u00f1a y CNIG \u00a1Camudamos d&#8217;estaci\u00f3n!\u00a0La seronda de 2025 nel hemisferiu norte va empezar el d\u00eda 22 de setiembre a les 20 hores 19 minutos, hora oficial peninsular seg\u00fan c\u00e1lculos del Observatoriu Astron\u00f3micu Nacional (IGN).\u00a0Esta estaci\u00f3n va durar aprosimao 89 d\u00edes y 21 hores, y va terminar el 21 d&#8217;avientu, col empiezu [&hellip;]<\/p>\n","protected":false},"author":117,"featured_media":0,"comment_status":"closed","ping_status":"open","sticky":false,"template":"","format":"standard","meta":{"footnotes":""},"categories":[46],"tags":[],"class_list":["post-58274","post","type-post","status-publish","format-standard","hentry","category-estaciones"],"_links":{"self":[{"href":"https:\/\/edublog.educastur.es\/ixuxu\/wp-json\/wp\/v2\/posts\/58274","targetHints":{"allow":["GET"]}}],"collection":[{"href":"https:\/\/edublog.educastur.es\/ixuxu\/wp-json\/wp\/v2\/posts"}],"about":[{"href":"https:\/\/edublog.educastur.es\/ixuxu\/wp-json\/wp\/v2\/types\/post"}],"author":[{"embeddable":true,"href":"https:\/\/edublog.educastur.es\/ixuxu\/wp-json\/wp\/v2\/users\/117"}],"replies":[{"embeddable":true,"href":"https:\/\/edublog.educastur.es\/ixuxu\/wp-json\/wp\/v2\/comments?post=58274"}],"version-history":[{"count":3,"href":"https:\/\/edublog.educastur.es\/ixuxu\/wp-json\/wp\/v2\/posts\/58274\/revisions"}],"predecessor-version":[{"id":58277,"href":"https:\/\/edublog.educastur.es\/ixuxu\/wp-json\/wp\/v2\/posts\/58274\/revisions\/58277"}],"wp:attachment":[{"href":"https:\/\/edublog.educastur.es\/ixuxu\/wp-json\/wp\/v2\/media?parent=58274"}],"wp:term":[{"taxonomy":"category","embeddable":true,"href":"https:\/\/edublog.educastur.es\/ixuxu\/wp-json\/wp\/v2\/categories?post=58274"},{"taxonomy":"post_tag","embeddable":true,"href":"https:\/\/edublog.educastur.es\/ixuxu\/wp-json\/wp\/v2\/tags?post=58274"}],"curies":[{"name":"wp","href":"https:\/\/api.w.org\/{rel}","templated":true}]}}