{"id":58284,"date":"2025-09-22T12:55:46","date_gmt":"2025-09-22T10:55:46","guid":{"rendered":"https:\/\/edublog.educastur.es\/ixuxu\/?p=58284"},"modified":"2025-09-26T08:55:24","modified_gmt":"2025-09-26T06:55:24","slug":"homenaxe-a-rosa-cunqueiro","status":"publish","type":"post","link":"https:\/\/edublog.educastur.es\/ixuxu\/2025\/09\/homenaxe-a-rosa-cunqueiro\/","title":{"rendered":"Emotivu homenaxe a Rosa Cunqueira, referente cultural del Suroccidente"},"content":{"rendered":"<ul>\n<li><a href=\"https:\/\/www.rtpa.es\/noticias-sociedad-ast\/2025-09-21\/Emotivu-homenaxe-en-Trabau-a-Rosa-Cunqueira,-referente-cultural-del-Suroccidente_111758462040.html\">RTPA: Emotivu homenaxe en Trab\u00e1u a Rosa Cunqueira, referente cultural del Suroccidente<\/a><\/li>\n<\/ul>\n<p style=\"text-align: center\"><a href=\"https:\/\/www.rtpa.es\/fotos\/\/25\/09\/20250921151330_RTPA7133804.webp\"><img loading=\"lazy\" decoding=\"async\" class=\"aligncenter size-large\" src=\"https:\/\/www.rtpa.es\/fotos\/\/25\/09\/20250921151330_RTPA7133804.webp\" width=\"853\" height=\"480\" \/><\/a><\/p>\n<p class=\"font-size-m padding-b-20 font-weight-b margin-t-16\">Una escultura de bronce a tama\u00f1u real preside La Guarida del Cunqueiru.\u00a0Nel bancu<strong> frente al so taller artesanu<\/strong>, tocando\u2019l panderu, asina tar\u00e1 pa siempres el recuerdu de Rosa Cunqueira, Muyer Rural d\u2019Asturies en 2022. Una escultura de bronce a tama\u00f1u real preside dende g\u00fcei La Guarida del Cunqueiru,<strong> en Trab\u00e1u (Dega\u00f1a)<\/strong>, dempu\u00e9s d\u2019un emotivu actu d\u2019homenaxe presid\u00edu pola so familia. <a href=\"https:\/\/www.facebook.com\/laguaridacunqueira\/?locale=es_ES\">Taller FB<\/a> \/<\/p>\n<p><!--more--><\/p>\n<p>Xunto a la so familia, vecinos y amigos y munches cares conoc\u00edes de la cultura y el folclor quixeron participar nel homenaxe a Rosa. Artesana, panderetera, divulgadora, escritora, que dex\u00f3 un recuerdu imborrable en toos aquellos que la conocieron.<\/p>\n<p>Nel actu estren\u00f3se am\u00e1s una canci\u00f3n, &#8216;A\u00f1ada a Rosa Cunqueira&#8217;, compuesta pol gaiteru C\u00e9sar Gracia. Dempu\u00e9s los asistentes amest\u00e1bense colos sos instrumentos a un pasuc\u00e1is nel so honor peles cais de Trab\u00e1u. La cita, inxerta nel festival Cachufest, busca convertise nun eventu a\u00f1al.<\/p>\n<p style=\"text-align: center\">\n<!-- iframe plugin v.6.0 wordpress.org\/plugins\/iframe\/ -->\n<iframe loading=\"lazy\" src=\"https:\/\/www.facebook.com\/plugins\/post.php?href=https%3A%2F%2Fwww.facebook.com%2Flacianadigital%2Fposts%2Fpfbid02LuzEwtyWvVVysAukj13CNk14k9ghuuFBK9oSsC9JcGNXnCRLDgYrvuncgiRzjWrwl&#038;show_text=false&#038;width=500\" width=\"500\" height=\"498\" style=\"border:none;overflow:hidden\" scrolling=\"no\" frameborder=\"0\" allowfullscreen=\"true\" allow=\"autoplay; clipboard-write; encrypted-media; picture-in-picture; web-share\" 0=\"\/iframe\" class=\"iframe-class\"><\/iframe>\n<\/p>\n<p><span style=\"color: #008080\">Un homenaxe a toa una vida dedicada a defender, esparder y caltener la tradici\u00f3n, cultura y <strong>llingua del Suroccidente<\/strong>. El trabayu y pasi\u00f3n que pon\u00eda en tolo que fac\u00eda dexen una herencia \u00fanica.<\/span><\/p>\n<p style=\"text-align: center\">\n<!-- iframe plugin v.6.0 wordpress.org\/plugins\/iframe\/ -->\n<iframe loading=\"lazy\" width=\"100%\" height=\"387\" src=\"https:\/\/www.youtube.com\/embed\/DY3XwTCYFaA\" title=\"Anada a Rosa Cunqueira - Videoclip Oficial \" frameborder=\"0\" allow=\"accelerometer; autoplay; clipboard-write; encrypted-media; gyroscope; picture-in-picture; web-share\" referrerpolicy=\"strict-origin-when-cross-origin\" 0=\"allowfullscreen\" 1=\"\/iframe\" scrolling=\"yes\" class=\"iframe-class\"><\/iframe>\n<\/p>\n<p><strong>\u00abAnada a Rosa Cunqueira\u00bb<\/strong> ye unu cantar cre\u00e1u pol gaiteru C\u00e9sar Gracia y grabada de la mano de Sergio Rodr\u00edguez de \u00abTutu Estudios\u00bb en collaboraci\u00f3n con Javi Texedor y Rub\u00e9n Bada. El video foi cre\u00e1u por Alex Gal\u00e1n con imaxes estray\u00edes de la pel\u00edcula Il Mul\u00edn. L&#8217;audiu de Rosa ye&#8217;l poema \u00abQuixira\u00bb del so Audiolibro interactivo \u00abSuenos, versos cunqueiros\u00bb que foi grab\u00e1u en collaboraci\u00f3n con \u00abCuatro Gotes Producciones\u00bb. <a href=\"https:\/\/youtu.be\/DY3XwTCYFaA\">VIDEU<\/a><\/p>\n<p>Trab\u00e1u recuerda a Rosa Cunqueira con una escultura y m\u00fasica nel so honor. <a href=\"https:\/\/www.instagram.com\/reel\/DO5fqOYEV9s\/?utm_source=ig_embed\">VIDEU<\/a> Leg\u00e1u eternu de cultura y tradici\u00f3n.\ud83c\udfb6\u2728 <a class=\"x1i10hfl xjbqb8w x1ejq31n x18oe1m7 x1sy0etr xstzfhl x972fbf x10w94by x1qhh985 x14e42zd x9f619 x1ypdohk xt0psk2 x3ct3a4 xdj266r x14z9mp xat24cr x1lziwak xexx8yu xyri2b x18d9i69 x1c1uobl x16tdsg8 x1hl2dhg xggy1nq x1a2a7pz _aa9_ _a6hd\" role=\"link\" href=\"https:\/\/www.instagram.com\/explore\/tags\/asturias\/\">#Asturias<\/a> <a class=\"x1i10hfl xjbqb8w x1ejq31n x18oe1m7 x1sy0etr xstzfhl x972fbf x10w94by x1qhh985 x14e42zd x9f619 x1ypdohk xt0psk2 x3ct3a4 xdj266r x14z9mp xat24cr x1lziwak xexx8yu xyri2b x18d9i69 x1c1uobl x16tdsg8 x1hl2dhg xggy1nq x1a2a7pz _aa9_ _a6hd\" role=\"link\" href=\"https:\/\/www.instagram.com\/explore\/tags\/cultura\/\">#Cultura<\/a><\/p>\n<p>&nbsp;<\/p>\n<p style=\"text-align: center\"><span class=\"x193iq5w xeuugli x13faqbe x1vvkbs xt0psk2 x1i0vuye xvs91rp xo1l8bm x5n08af x10wh9bi xpm28yp x8viiok x1o7cslx x126k92a\"><span class=\"html-span xexx8yu x4uap5 x18d9i69 xkhd6sd x1hl2dhg x16tdsg8 x1vvkbs x3nfvp2 x1j61x8r x1fcty0u xdj266r xat24cr xgzva0m xhhsvwb xxymvpz xlup9mm x1kky2od\">\n<!-- iframe plugin v.6.0 wordpress.org\/plugins\/iframe\/ -->\n<iframe loading=\"lazy\" src=\"https:\/\/www.instagram.com\/reel\/DO5fqOYEV9s\/embed\" width=\"460\" height=\"645\" 0=\"\/iframe\" scrolling=\"yes\" class=\"iframe-class\" frameborder=\"0\"><\/iframe>\n<\/span><\/span><\/p>\n<hr \/>\n<p style=\"text-align: center\">\n<!-- iframe plugin v.6.0 wordpress.org\/plugins\/iframe\/ -->\n<iframe loading=\"lazy\" src=\"https:\/\/www.facebook.com\/plugins\/post.php?href=https%3A%2F%2Fwww.facebook.com%2Flaguaridacunqueira%2Fposts%2Fpfbid0GHL6ycfhD1FKnybpLaNmM2s2g6qGZeGwdde8qWmFQCRZ7hVKoArVVmBeE6LG9QSxl&#038;show_text=false&#038;width=500\" width=\"500\" height=\"333\" style=\"border:none;overflow:hidden\" scrolling=\"no\" frameborder=\"0\" allowfullscreen=\"true\" allow=\"autoplay; clipboard-write; encrypted-media; picture-in-picture; web-share\" 0=\"\/iframe\" class=\"iframe-class\"><\/iframe>\n<\/p>\n<p style=\"text-align: center\">\n<!-- iframe plugin v.6.0 wordpress.org\/plugins\/iframe\/ -->\n<iframe loading=\"lazy\" src=\"https:\/\/www.facebook.com\/plugins\/post.php?href=https%3A%2F%2Fwww.facebook.com%2Flaguaridacunqueira%2Fposts%2Fpfbid02AxhdhetSCuTuKEUDm7F5VKBeTQVKprt8hAf3LYdpWrCMaLMZSbHDFH9HFQdUcxCYl&#038;show_text=false&#038;width=500\" width=\"500\" height=\"333\" style=\"border:none;overflow:hidden\" scrolling=\"no\" frameborder=\"0\" allowfullscreen=\"true\" allow=\"autoplay; clipboard-write; encrypted-media; picture-in-picture; web-share\" 0=\"\/iframe\" class=\"iframe-class\"><\/iframe>\n<\/p>\n<p style=\"text-align: center\">\n<!-- iframe plugin v.6.0 wordpress.org\/plugins\/iframe\/ -->\n<iframe loading=\"lazy\" src=\"https:\/\/www.facebook.com\/plugins\/video.php?height=476&#038;href=https%3A%2F%2Fwww.facebook.com%2Freel%2F281970951253842%2F&#038;show_text=false&#038;width=476&#038;t=0\" width=\"476\" height=\"476\" style=\"border:none;overflow:hidden\" scrolling=\"no\" frameborder=\"0\" allowfullscreen=\"true\" allow=\"autoplay; clipboard-write; encrypted-media; picture-in-picture; web-share\" 0=\"\/iframe\" class=\"iframe-class\"><\/iframe>\n<\/p>\n<p>&nbsp;<\/p>\n<p>&nbsp;<\/p>\n<p>&nbsp;<\/p>\n","protected":false},"excerpt":{"rendered":"<p>RTPA: Emotivu homenaxe en Trab\u00e1u a Rosa Cunqueira, referente cultural del Suroccidente Una escultura de bronce a tama\u00f1u real preside La Guarida del Cunqueiru.\u00a0Nel bancu frente al so taller artesanu, tocando\u2019l panderu, asina tar\u00e1 pa siempres el recuerdu de Rosa Cunqueira, Muyer Rural d\u2019Asturies en 2022. Una escultura de bronce a tama\u00f1u real preside dende [&hellip;]<\/p>\n","protected":false},"author":117,"featured_media":0,"comment_status":"closed","ping_status":"open","sticky":false,"template":"","format":"standard","meta":{"footnotes":""},"categories":[215],"tags":[],"class_list":["post-58284","post","type-post","status-publish","format-standard","hentry","category-homenaxe"],"_links":{"self":[{"href":"https:\/\/edublog.educastur.es\/ixuxu\/wp-json\/wp\/v2\/posts\/58284","targetHints":{"allow":["GET"]}}],"collection":[{"href":"https:\/\/edublog.educastur.es\/ixuxu\/wp-json\/wp\/v2\/posts"}],"about":[{"href":"https:\/\/edublog.educastur.es\/ixuxu\/wp-json\/wp\/v2\/types\/post"}],"author":[{"embeddable":true,"href":"https:\/\/edublog.educastur.es\/ixuxu\/wp-json\/wp\/v2\/users\/117"}],"replies":[{"embeddable":true,"href":"https:\/\/edublog.educastur.es\/ixuxu\/wp-json\/wp\/v2\/comments?post=58284"}],"version-history":[{"count":12,"href":"https:\/\/edublog.educastur.es\/ixuxu\/wp-json\/wp\/v2\/posts\/58284\/revisions"}],"predecessor-version":[{"id":58714,"href":"https:\/\/edublog.educastur.es\/ixuxu\/wp-json\/wp\/v2\/posts\/58284\/revisions\/58714"}],"wp:attachment":[{"href":"https:\/\/edublog.educastur.es\/ixuxu\/wp-json\/wp\/v2\/media?parent=58284"}],"wp:term":[{"taxonomy":"category","embeddable":true,"href":"https:\/\/edublog.educastur.es\/ixuxu\/wp-json\/wp\/v2\/categories?post=58284"},{"taxonomy":"post_tag","embeddable":true,"href":"https:\/\/edublog.educastur.es\/ixuxu\/wp-json\/wp\/v2\/tags?post=58284"}],"curies":[{"name":"wp","href":"https:\/\/api.w.org\/{rel}","templated":true}]}}