{"id":58318,"date":"2025-09-22T08:30:59","date_gmt":"2025-09-22T06:30:59","guid":{"rendered":"https:\/\/edublog.educastur.es\/ixuxu\/?p=58318"},"modified":"2025-09-22T14:38:47","modified_gmt":"2025-09-22T12:38:47","slug":"el-tiempu-el-comercio-144","status":"publish","type":"post","link":"https:\/\/edublog.educastur.es\/ixuxu\/2025\/09\/el-tiempu-el-comercio-144\/","title":{"rendered":"El tiempu (El Comercio)"},"content":{"rendered":"<p style=\"text-align: center\"><a href=\"https:\/\/s2.ppllstatics.com\/elcomercio\/www\/multimedia\/2025\/09\/21\/tiempo-asturias-lunes-22-septiembre-otono-kzy-U2302588077118HVD-1200x870@El%20Comercio.jpg\"><img loading=\"lazy\" decoding=\"async\" class=\"aligncenter size-large\" src=\"https:\/\/s2.ppllstatics.com\/elcomercio\/www\/multimedia\/2025\/09\/21\/tiempo-asturias-lunes-22-septiembre-otono-kzy-U2302588077118HVD-1200x870@El%20Comercio.jpg\" width=\"1200\" height=\"870\" \/><\/a><\/p>\n<p>La previsi\u00f3n del tiempu n&#8217;Asturies para esti llunes: <strong>a les 20:19h de la tarde va empezar oficialmente la estaci\u00f3n serondiega<\/strong>. 89 d\u00edes y 21 hores van dixebranos esactamente a partir d&#8217;esi momentu del entamu del iviernu&#8217;l pr\u00f3ximu 21 d&#8217;avientu.<\/p>\n<p>De mano la seronda <strong>esperamos una xornada<\/strong> t\u00edpica de la mesma estaci\u00f3n cargada d&#8217;ag\u00fces xeneralizaes n&#8217;Asturies. Dende pr\u00e1cticamente primer hora de la ma\u00f1ana esperen precipitaciones de calter persistente sobremanera na mari\u00f1a. La previsi\u00f3n ye que concretamente <strong>na mari\u00f1a<\/strong> puedan rexistrase hasta 40 llitros per metro cuadr\u00e1u a lo llargo de too el d\u00eda. <strong>Nel interior<\/strong> les ag\u00fces tami\u00e9n van ser bien cuantiosas anque, en principiu, con acumulaos menores. Nun se refuga la presencia de nubes mientres el d\u00eda de g\u00fcei.<\/p>\n<p><strong>Les temperatures m\u00e1ximes<\/strong> van baxar ente 2 y 3 graos respecto al domingu.<strong> Les m\u00ednimes<\/strong> apenes van variar. <strong>Los vientos<\/strong> van soplar d&#8217;oeste noroeste de primeres, afit\u00e1ndose de componente norte col intre del llunes. El tiempu va dir ameyorando&#8217;l martes con encl\u00edn a abrir grandes claros. Bon tiempu pa los siguientes d\u00edes.<\/p>\n<p>&nbsp;<\/p>\n","protected":false},"excerpt":{"rendered":"<p>La previsi\u00f3n del tiempu n&#8217;Asturies para esti llunes: a les 20:19h de la tarde va empezar oficialmente la estaci\u00f3n serondiega. 89 d\u00edes y 21 hores van dixebranos esactamente a partir d&#8217;esi momentu del entamu del iviernu&#8217;l pr\u00f3ximu 21 d&#8217;avientu. De mano la seronda esperamos una xornada t\u00edpica de la mesma estaci\u00f3n cargada d&#8217;ag\u00fces xeneralizaes n&#8217;Asturies. [&hellip;]<\/p>\n","protected":false},"author":117,"featured_media":0,"comment_status":"closed","ping_status":"open","sticky":false,"template":"","format":"standard","meta":{"footnotes":""},"categories":[5],"tags":[],"class_list":["post-58318","post","type-post","status-publish","format-standard","hentry","category-tiempu"],"_links":{"self":[{"href":"https:\/\/edublog.educastur.es\/ixuxu\/wp-json\/wp\/v2\/posts\/58318","targetHints":{"allow":["GET"]}}],"collection":[{"href":"https:\/\/edublog.educastur.es\/ixuxu\/wp-json\/wp\/v2\/posts"}],"about":[{"href":"https:\/\/edublog.educastur.es\/ixuxu\/wp-json\/wp\/v2\/types\/post"}],"author":[{"embeddable":true,"href":"https:\/\/edublog.educastur.es\/ixuxu\/wp-json\/wp\/v2\/users\/117"}],"replies":[{"embeddable":true,"href":"https:\/\/edublog.educastur.es\/ixuxu\/wp-json\/wp\/v2\/comments?post=58318"}],"version-history":[{"count":1,"href":"https:\/\/edublog.educastur.es\/ixuxu\/wp-json\/wp\/v2\/posts\/58318\/revisions"}],"predecessor-version":[{"id":58319,"href":"https:\/\/edublog.educastur.es\/ixuxu\/wp-json\/wp\/v2\/posts\/58318\/revisions\/58319"}],"wp:attachment":[{"href":"https:\/\/edublog.educastur.es\/ixuxu\/wp-json\/wp\/v2\/media?parent=58318"}],"wp:term":[{"taxonomy":"category","embeddable":true,"href":"https:\/\/edublog.educastur.es\/ixuxu\/wp-json\/wp\/v2\/categories?post=58318"},{"taxonomy":"post_tag","embeddable":true,"href":"https:\/\/edublog.educastur.es\/ixuxu\/wp-json\/wp\/v2\/tags?post=58318"}],"curies":[{"name":"wp","href":"https:\/\/api.w.org\/{rel}","templated":true}]}}