{"id":5833,"date":"2021-05-02T12:11:15","date_gmt":"2021-05-02T10:11:15","guid":{"rendered":"https:\/\/edublog.educastur.es\/ixuxu\/?p=5833"},"modified":"2021-05-11T19:28:13","modified_gmt":"2021-05-11T17:28:13","slug":"noveda-bum","status":"publish","type":"post","link":"https:\/\/edublog.educastur.es\/ixuxu\/2021\/05\/noveda-bum\/","title":{"rendered":"Noved\u00e1: \u00a1Bum! n\u00b4asturianu"},"content":{"rendered":"<div dir=\"auto\" style=\"text-align: center\"><a href=\"https:\/\/imgbox.es\/images\/2021\/05\/02\/bum693584876bcd0c32.jpg\"><img loading=\"lazy\" decoding=\"async\" class=\"aligncenter\" src=\"https:\/\/imgbox.es\/images\/2021\/05\/02\/bum693584876bcd0c32.jpg\" alt=\"\" width=\"823\" height=\"425\" \/><\/a><\/div>\n<div dir=\"auto\"><\/div>\n<div dir=\"auto\">\n<div class=\"\" dir=\"auto\">\n<div id=\"jsc_c_r\" class=\"ecm0bbzt hv4rvrfc ihqw7lf3 dati1w0a\" data-ad-comet-preview=\"message\" data-ad-preview=\"message\">\n<div class=\"j83agx80 cbu4d94t ew0dbk1b irj2b8pg\">\n<div class=\"qzhwtbm6 knvmm38d\">\n<div class=\"kvgmc6g5 cxmmr5t8 oygrvhab hcukyx3x c1et5uql ii04i59q\">\n<div dir=\"auto\">Una hestoria diferente que abre un cam\u00edn enllenu maxa. Los trasgos, xanes, cu\u00e9lebres y otros seres habiten nos cuentos, pero nada m\u00e1s&#8230; Eso crey\u00eda Maxim\u00edn, pero un d\u00eda pasa daqu\u00e9 que va volver el so mundiu del rev\u00e9s.\u00a0 \u00a1Bum! L&#8217;entamu d&#8217;una invasi\u00f3n.<\/div>\n<div dir=\"auto\"><\/div>\n<div dir=\"auto\">Perprestoses illustraciones de<a href=\"https:\/\/www.facebook.com\/maitetxu.isla\"><strong><span style=\"color: #008080\"> Maitetxu Isla<\/span><\/strong><\/a>. Testu de <a href=\"https:\/\/www.facebook.com\/suselarod\/\"><strong><span style=\"color: #008080\">Susana Sela, <\/span><\/strong><\/a>vicepresidenta de l&#8217;<a href=\"http:\/\/asociacionagoracultural.blogspot.com\/\"><strong><span style=\"color: #008080\">Asociaci\u00f3n Cultural \u00c1G\u00d2RA,<\/span><\/strong><\/a> nacida na redolada rural asturianu para dar cultura, m\u00fasica, poes\u00eda y lliteratura por tola xeograf\u00eda de la redolada rural asturianu.<\/div>\n<\/div>\n<\/div>\n<\/div>\n<\/div>\n<\/div>\n<\/div>\n<ul>\n<li><strong>Nenyuri<\/strong> \/<a href=\"https:\/\/www.facebook.com\/nenyuri\"> Facebook<\/a><\/li>\n<\/ul>\n<p><!--more--><\/p>\n<p>Tr\u00e1tase d&#8217;un llibru para ne\u00f1os con edaes ente 0 y 6 a\u00f1os anque, como asocede siempres con esti tipu de lliteratura, ta abiertu a tolos p\u00fablicos y, de xuru, los adultos tami\u00e9n van atopar un bon rinc\u00f3n nel so esp\u00edritu p&#8217;acoyer esta hestoria.<\/p>\n<p>Un viaxe pola imaxinaci\u00f3n. La narradora y poeta avilesina, Susana Sela, premiu Fern\u00e1n Corones texe p\u00e1xines templaes, con una hestoria na que nun falten munchos elementos por dem\u00e1s curiosos pa peque\u00f1os y mayores. Maite Isla, profesora de belles artes afincada en Pilo\u00f1a, afigura gr\u00e1ficamente, con precioses y coloristes ilustraciones, l&#8217;alma d&#8217;esti viaxe pola imaxinaci\u00f3n.<\/p>\n<p>El llibru foi edit\u00e1u en llingua asturiana y castell\u00e1n, anque llueu va tar tambien en gallegu, catal\u00e1n, euskera y n&#8217;ingl\u00e9s, gracies a la incre\u00edble collaboraci\u00f3n de Ashley Mariani. Ta public\u00e1u por Nenyuri Editorial. <a href=\"https:\/\/www.facebook.com\/nenyuri\">M\u00e1s informaci\u00f3n NESTI ENLLAZ<\/a><\/p>\n<p style=\"text-align: center\"><a href=\"https:\/\/www.facebook.com\/photo\/?fbid=1163495894164968&amp;set=a.118489161998985\"><img loading=\"lazy\" decoding=\"async\" class=\"alignnone\" src=\"https:\/\/scontent.fmad7-1.fna.fbcdn.net\/v\/t1.6435-9\/170740643_1163495897498301_1952742047948962306_n.jpg?_nc_cat=104&amp;ccb=1-3&amp;_nc_sid=730e14&amp;_nc_ohc=q2PPonXolgIAX-uQgrJ&amp;_nc_ht=scontent.fmad7-1.fna&amp;oh=d913fc459da37f827b37acbc2cc05d0a&amp;oe=60B39BF6\" alt=\"\" width=\"1600\" height=\"752\" \/><\/a><\/p>\n<p>Tr\u00e1tase d&#8217;un primer llibru d&#8217;una serie que va tener como protagonista a un ne\u00f1u llam\u00e1u Maxim\u00edn. Un chaval inquietu que va vivir munches aventures al travi\u00e9s d&#8217;un mundu m\u00e1xicu nel que xanes, trasgos y un cientu de seres mitol\u00f3xicos, tienen cabida. <a href=\"https:\/\/www.facebook.com\/photo\/?fbid=1163495894164968&amp;set=a.118489161998985\">Illustraci\u00f3n.<\/a><\/p>\n<ul>\n<li>\n<h3 class=\"titular-noticia\"><a href=\"https:\/\/www.ondacero.es\/emisoras\/asturias\/infiesto\/maitetxu-isla-bum-viaje-iniciatico-protagonizado-nino-pilona_202104226081703a64dcf800016e465c.html?fbclid=IwAR0pT7nOA0bEg7GkaZjpDTi_oscZFb5cSq-w0gpu0wXT_u2PdqWeg99SFw8\">Maitetxu Isla: \u00ab\u00a1Bum! es un viaje inici\u00e1tico protagonizado por un ni\u00f1o de Pilo\u00f1a\u00bb<\/a><\/h3>\n<\/li>\n<li><a href=\"https:\/\/fb.watch\/5qpJB3TiyN\/\">TPA: Programa Pieces: presentaci\u00f3n del llibru<\/a><\/li>\n<\/ul>\n<div dir=\"auto\"><\/div>\n","protected":false},"excerpt":{"rendered":"<p>Una hestoria diferente que abre un cam\u00edn enllenu maxa. Los trasgos, xanes, cu\u00e9lebres y otros seres habiten nos cuentos, pero nada m\u00e1s&#8230; Eso crey\u00eda Maxim\u00edn, pero un d\u00eda pasa daqu\u00e9 que va volver el so mundiu del rev\u00e9s.\u00a0 \u00a1Bum! L&#8217;entamu d&#8217;una invasi\u00f3n. Perprestoses illustraciones de Maitetxu Isla. Testu de Susana Sela, vicepresidenta de l&#8217;Asociaci\u00f3n Cultural [&hellip;]<\/p>\n","protected":false},"author":117,"featured_media":0,"comment_status":"open","ping_status":"open","sticky":false,"template":"","format":"standard","meta":{"footnotes":""},"categories":[10,13],"tags":[],"class_list":["post-5833","post","type-post","status-publish","format-standard","hentry","category-llibros-reciella","category-novedaes"],"_links":{"self":[{"href":"https:\/\/edublog.educastur.es\/ixuxu\/wp-json\/wp\/v2\/posts\/5833","targetHints":{"allow":["GET"]}}],"collection":[{"href":"https:\/\/edublog.educastur.es\/ixuxu\/wp-json\/wp\/v2\/posts"}],"about":[{"href":"https:\/\/edublog.educastur.es\/ixuxu\/wp-json\/wp\/v2\/types\/post"}],"author":[{"embeddable":true,"href":"https:\/\/edublog.educastur.es\/ixuxu\/wp-json\/wp\/v2\/users\/117"}],"replies":[{"embeddable":true,"href":"https:\/\/edublog.educastur.es\/ixuxu\/wp-json\/wp\/v2\/comments?post=5833"}],"version-history":[{"count":9,"href":"https:\/\/edublog.educastur.es\/ixuxu\/wp-json\/wp\/v2\/posts\/5833\/revisions"}],"predecessor-version":[{"id":6012,"href":"https:\/\/edublog.educastur.es\/ixuxu\/wp-json\/wp\/v2\/posts\/5833\/revisions\/6012"}],"wp:attachment":[{"href":"https:\/\/edublog.educastur.es\/ixuxu\/wp-json\/wp\/v2\/media?parent=5833"}],"wp:term":[{"taxonomy":"category","embeddable":true,"href":"https:\/\/edublog.educastur.es\/ixuxu\/wp-json\/wp\/v2\/categories?post=5833"},{"taxonomy":"post_tag","embeddable":true,"href":"https:\/\/edublog.educastur.es\/ixuxu\/wp-json\/wp\/v2\/tags?post=5833"}],"curies":[{"name":"wp","href":"https:\/\/api.w.org\/{rel}","templated":true}]}}