{"id":58373,"date":"2025-09-22T15:38:28","date_gmt":"2025-09-22T13:38:28","guid":{"rendered":"https:\/\/edublog.educastur.es\/ixuxu\/?p=58373"},"modified":"2025-09-22T15:42:10","modified_gmt":"2025-09-22T13:42:10","slug":"el-turismu-ya-crez-nasturies-mas-fuera-de-temporada-que-pel-branu","status":"publish","type":"post","link":"https:\/\/edublog.educastur.es\/ixuxu\/2025\/09\/el-turismu-ya-crez-nasturies-mas-fuera-de-temporada-que-pel-branu\/","title":{"rendered":"El turismu y\u00e1 crez n&#8217;Asturies m\u00e1s fuera de temporada que pel branu"},"content":{"rendered":"<p><a href=\"https:\/\/www.lne.es\/asturias\/2025\/09\/22\/turismo-crece-asturias-fuera-temporada-121817452.html\">LNE<\/a> \/<\/p>\n<p style=\"text-align: center\"><a href=\"https:\/\/estaticos-cdn.prensaiberica.es\/clip\/3ebf5384-7663-4251-aeff-e735af55168f_16-9-discover-aspect-ratio_default_0.webp\"><img loading=\"lazy\" decoding=\"async\" class=\"aligncenter size-large\" src=\"https:\/\/estaticos-cdn.prensaiberica.es\/clip\/3ebf5384-7663-4251-aeff-e735af55168f_16-9-discover-aspect-ratio_default_0.webp\" width=\"1200\" height=\"675\" \/><\/a><\/p>\n<p>El turismu y\u00e1 crez n&#8217;Asturies m\u00e1s fuera de temporada que pel branu: la interesada radiograf\u00eda del sector. Los datos respuenden por que&#8217;l sector dex\u00f3 de depender tantu del trimestre veraniegu, con un mayor aumentu de visitantes de seronda a primavera.<\/p>\n<p><!--more--><\/p>\n<p>El branu de 2025 llega este mesmu llunes 22 de setiembre al so fin y con \u00e9l cierra la temporada alta tur\u00edstica que n&#8217;Asturies siempres dexa, d&#8217;unos a\u00f1os para ac\u00e1, bien bon sabor de boca. Cola seronda llega tami\u00e9n la temporada baxa y sobrevuela la tarrecida pantasma de la estacionalizaci\u00f3n, tradicional \u00abbestia negra\u00bb de los empresarios del sector. Anque agora y\u00e1 non tantu.<\/p>\n<p>&nbsp;<\/p>\n","protected":false},"excerpt":{"rendered":"<p>LNE \/ El turismu y\u00e1 crez n&#8217;Asturies m\u00e1s fuera de temporada que pel branu: la interesada radiograf\u00eda del sector. Los datos respuenden por que&#8217;l sector dex\u00f3 de depender tantu del trimestre veraniegu, con un mayor aumentu de visitantes de seronda a primavera.<\/p>\n","protected":false},"author":117,"featured_media":0,"comment_status":"closed","ping_status":"open","sticky":false,"template":"","format":"standard","meta":{"footnotes":""},"categories":[18],"tags":[],"class_list":["post-58373","post","type-post","status-publish","format-standard","hentry","category-turismu"],"_links":{"self":[{"href":"https:\/\/edublog.educastur.es\/ixuxu\/wp-json\/wp\/v2\/posts\/58373","targetHints":{"allow":["GET"]}}],"collection":[{"href":"https:\/\/edublog.educastur.es\/ixuxu\/wp-json\/wp\/v2\/posts"}],"about":[{"href":"https:\/\/edublog.educastur.es\/ixuxu\/wp-json\/wp\/v2\/types\/post"}],"author":[{"embeddable":true,"href":"https:\/\/edublog.educastur.es\/ixuxu\/wp-json\/wp\/v2\/users\/117"}],"replies":[{"embeddable":true,"href":"https:\/\/edublog.educastur.es\/ixuxu\/wp-json\/wp\/v2\/comments?post=58373"}],"version-history":[{"count":3,"href":"https:\/\/edublog.educastur.es\/ixuxu\/wp-json\/wp\/v2\/posts\/58373\/revisions"}],"predecessor-version":[{"id":58376,"href":"https:\/\/edublog.educastur.es\/ixuxu\/wp-json\/wp\/v2\/posts\/58373\/revisions\/58376"}],"wp:attachment":[{"href":"https:\/\/edublog.educastur.es\/ixuxu\/wp-json\/wp\/v2\/media?parent=58373"}],"wp:term":[{"taxonomy":"category","embeddable":true,"href":"https:\/\/edublog.educastur.es\/ixuxu\/wp-json\/wp\/v2\/categories?post=58373"},{"taxonomy":"post_tag","embeddable":true,"href":"https:\/\/edublog.educastur.es\/ixuxu\/wp-json\/wp\/v2\/tags?post=58373"}],"curies":[{"name":"wp","href":"https:\/\/api.w.org\/{rel}","templated":true}]}}