{"id":58379,"date":"2025-09-22T15:44:56","date_gmt":"2025-09-22T13:44:56","guid":{"rendered":"https:\/\/edublog.educastur.es\/ixuxu\/?p=58379"},"modified":"2025-09-22T15:47:32","modified_gmt":"2025-09-22T13:47:32","slug":"una-encuesta-duvieu-2031-venceya-lamabilida-cola-identida-asturiana","status":"publish","type":"post","link":"https:\/\/edublog.educastur.es\/ixuxu\/2025\/09\/una-encuesta-duvieu-2031-venceya-lamabilida-cola-identida-asturiana\/","title":{"rendered":"Una encuesta d&#8217;Uvi\u00e9u 2031 venceya l&#8217;amabilid\u00e1\u00bb cola identid\u00e1 asturiana"},"content":{"rendered":"<p style=\"text-align: left\"><a href=\"https:\/\/www.lne.es\/oviedo\/2025\/09\/21\/nueva-espana-capitalidad-europea-cultura-121793412.html\">LNE<\/a> \/<\/p>\n<p style=\"text-align: center\"><a href=\"https:\/\/estaticos-cdn.prensaiberica.es\/clip\/97b9a2aa-8e55-4d7d-87b3-31d0df971503_alta-libre-aspect-ratio_default_0.jpg\"><img loading=\"lazy\" decoding=\"async\" class=\"aligncenter size-large\" src=\"https:\/\/estaticos-cdn.prensaiberica.es\/clip\/97b9a2aa-8e55-4d7d-87b3-31d0df971503_alta-libre-aspect-ratio_default_0.jpg\" width=\"1200\" height=\"1019\" \/><\/a><\/p>\n<p>Una encuesta d&#8217;Uvi\u00e9u 2031 venceya l&#8217;amabilid\u00e1\u00bb cola identid\u00e1 asturiana. La cultura tradicional adelantra a otres manifestaciones nes 8.000 respuestes recoy\u00edes nel pabell\u00f3n municipal de la FIDMA. <strong>Lo que m\u00e1s identifica a los asturianos ye l&#8217;amabilid\u00e1, bien percima de la idea d&#8217;una tierra sostenible o d&#8217;un pueblu vencey\u00e1u a la llucha y la resistencia.<\/strong> Asina s&#8217;esprende, siquier, d&#8217;una encuesta realizada n&#8217;agostu nel pabell\u00f3n uvie\u00edn de la Feria Internacional d&#8217;Amueses d&#8217;Asturies (FIDMA) dedic\u00e1u a la candidatura Uvi\u00e9u 2031, cola que la ciud\u00e1, en representaci\u00f3n de too el territoriu asturianu, opta a convertise en Capital Europa de la Cultura nesi a\u00f1u.<\/p>\n","protected":false},"excerpt":{"rendered":"<p>LNE \/ Una encuesta d&#8217;Uvi\u00e9u 2031 venceya l&#8217;amabilid\u00e1\u00bb cola identid\u00e1 asturiana. La cultura tradicional adelantra a otres manifestaciones nes 8.000 respuestes recoy\u00edes nel pabell\u00f3n municipal de la FIDMA. Lo que m\u00e1s identifica a los asturianos ye l&#8217;amabilid\u00e1, bien percima de la idea d&#8217;una tierra sostenible o d&#8217;un pueblu vencey\u00e1u a la llucha y la resistencia. [&hellip;]<\/p>\n","protected":false},"author":117,"featured_media":0,"comment_status":"closed","ping_status":"open","sticky":false,"template":"","format":"standard","meta":{"footnotes":""},"categories":[258],"tags":[],"class_list":["post-58379","post","type-post","status-publish","format-standard","hentry","category-estadistiques"],"_links":{"self":[{"href":"https:\/\/edublog.educastur.es\/ixuxu\/wp-json\/wp\/v2\/posts\/58379","targetHints":{"allow":["GET"]}}],"collection":[{"href":"https:\/\/edublog.educastur.es\/ixuxu\/wp-json\/wp\/v2\/posts"}],"about":[{"href":"https:\/\/edublog.educastur.es\/ixuxu\/wp-json\/wp\/v2\/types\/post"}],"author":[{"embeddable":true,"href":"https:\/\/edublog.educastur.es\/ixuxu\/wp-json\/wp\/v2\/users\/117"}],"replies":[{"embeddable":true,"href":"https:\/\/edublog.educastur.es\/ixuxu\/wp-json\/wp\/v2\/comments?post=58379"}],"version-history":[{"count":3,"href":"https:\/\/edublog.educastur.es\/ixuxu\/wp-json\/wp\/v2\/posts\/58379\/revisions"}],"predecessor-version":[{"id":58382,"href":"https:\/\/edublog.educastur.es\/ixuxu\/wp-json\/wp\/v2\/posts\/58379\/revisions\/58382"}],"wp:attachment":[{"href":"https:\/\/edublog.educastur.es\/ixuxu\/wp-json\/wp\/v2\/media?parent=58379"}],"wp:term":[{"taxonomy":"category","embeddable":true,"href":"https:\/\/edublog.educastur.es\/ixuxu\/wp-json\/wp\/v2\/categories?post=58379"},{"taxonomy":"post_tag","embeddable":true,"href":"https:\/\/edublog.educastur.es\/ixuxu\/wp-json\/wp\/v2\/tags?post=58379"}],"curies":[{"name":"wp","href":"https:\/\/api.w.org\/{rel}","templated":true}]}}