{"id":584,"date":"2020-05-04T08:29:28","date_gmt":"2020-05-04T08:29:28","guid":{"rendered":"https:\/\/edublog.educastur.es\/ixuxu\/?p=584"},"modified":"2020-08-24T20:30:52","modified_gmt":"2020-08-24T20:30:52","slug":"asturies-cultura-en-rede","status":"publish","type":"post","link":"https:\/\/edublog.educastur.es\/ixuxu\/2020\/05\/asturies-cultura-en-rede\/","title":{"rendered":"\u201cAsturies, Cultura en Rede\u201d"},"content":{"rendered":"<div id=\"post-335\" class=\"post\"><small class=\"date\"> <\/small><\/p>\n<div class=\"entry\">\n<p><a href=\"http:\/\/asturiesculturaenrede.es\/\" target=\"_blank\" rel=\"noopener noreferrer\"><img loading=\"lazy\" decoding=\"async\" src=\"http:\/\/asturiesculturaenrede.es\/images\/logo_cab.png\" width=\"438\" height=\"90\" \/><\/a><\/p>\n<p><a href=\"http:\/\/asturiesculturaenrede.es\/\" target=\"_blank\" rel=\"noopener noreferrer\"><strong><em>http:\/\/asturiesculturaenrede.es\/<\/em><\/strong><\/a><\/p>\n<ul>\n<li>1) <a href=\"http:\/\/asturiesculturaenrede.es\/as\/multimedia\/videos\/album\/1\/Artes%20Esc%C3%A9niques.html\" target=\"_blank\" rel=\"noopener noreferrer\">Artes esc\u00e9niques<br \/>\n<\/a><\/li>\n<li>2)<a href=\"http:\/\/asturiesculturaenrede.es\/as\/multimedia\/videos\/album\/3\/Cine.html\" target=\"_blank\" rel=\"noopener noreferrer\"> Cine<\/a><\/li>\n<li>3) <a href=\"http:\/\/asturiesculturaenrede.es\/as\/multimedia\/videos\/album\/2\/Artes%20Pl%C3%A1stiques.html\" target=\"_blank\" rel=\"noopener noreferrer\">Artes pl\u00e1stiques<\/a><\/li>\n<li>4) <a href=\"http:\/\/asturiesculturaenrede.es\/as\/multimedia\/videos\/album\/4\/Lliteratura.html\" target=\"_blank\" rel=\"noopener noreferrer\">Lliteratura<\/a><\/li>\n<li>5) <a href=\"http:\/\/asturiesculturaenrede.es\/as\/multimedia\/videos\/album\/6\/M%C3%BAsica.html\" target=\"_blank\" rel=\"noopener noreferrer\">M\u00fasica<\/a><\/li>\n<\/ul>\n<p>&nbsp;<\/p>\n<p>El proyectu \u00ab<strong><em>Asturies, Cultura en Rede<\/em><\/strong>\u00bb empez\u00f3 esti llunes l\u2019espardimientu de diez de los cincuenta trabayos audiovisuales produc\u00edos por ceadores asturianos dende les sos cases. La <u><em>Conseyer\u00eda de<br \/>\nCultura, Pol\u00edtica Lling\u00fc\u00edstica y Turismu<\/em><\/u> empecipi\u00f3 l\u2019espardimientu, na p\u00e1xina web del mesmu nome y al travi\u00e9s de les sos cuentes de redes sociales, de los primeros proyectos escoy\u00edos tres la convocatoria realizada\u2019l pas\u00e1u 14 d\u2019abril, a la que se presentaron 140 propuestes.<\/p>\n<p>El proyectu, <strong><em>present\u00e1u en castell\u00e1n y n\u2019asturianu<\/em><\/strong>, foi promovido pola Direcci\u00f3n Xeneral de Cultura y P. nel contestu de la emerxencia sanitaria, coles mires de dar mayor visibilid\u00e1 a creadores asturianos,<br \/>\ndinamizar la cultura nes redes y valorar la estraordinaria aportaci\u00f3n del sector a la ciudadan\u00eda na llucha contra la crisis provocada pola COVID-19.<\/p>\n<p>La convocatoria del programa ufiertaba la posibilid\u00e1 de presentar trabayos dende los sectores de les artes esc\u00e9niques, les artes visuales, la m\u00fasica, la lliteratura y el cine.<\/p>\n<ul>\n<li><span style=\"color: #999999\"><a title=\"Bases completes de la convocatoria n\u2019asturianu\" href=\"http:\/\/www.laboralciudaddelacultura.com\/uploads\/documentos\/UWbyV7RiY5aPzzudjvj46mLCr2h5gq6B.pdf\"> Bases completes de la convocatoria n\u2019asturianu<\/a><\/span><\/li>\n<li><span style=\"color: #999999\"><a title=\"Anexu I en formatu editable n\u2019asturianu\" href=\"http:\/\/www.laboralciudaddelacultura.com\/uploads\/documentos\/QmAeuHESMRJCX8xWdx44bxcf84d5uGhS.doc\"> Anexu I en formatu editable n\u2019asturianu<\/a><\/span><\/li>\n<li><span style=\"color: #999999\"><a title=\"Resoluci\u00f3n convocatoria n\u2019asturianu\" href=\"http:\/\/www.laboralciudaddelacultura.com\/uploads\/documentos\/5ENSj9eKRNSAjrUAvNVHhZ7U8APMxLTk.pdf\"> Resoluci\u00f3n convocatoria n\u2019asturianu<\/a><\/span><\/li>\n<\/ul>\n<p><span style=\"color: #999999\">\u00a0<\/span><img loading=\"lazy\" decoding=\"async\" class=\"\" src=\"http:\/\/asturiesculturaenrede.es\/images\/footer-logo.png\" width=\"304\" height=\"141\" \/><\/p>\n<p><img decoding=\"async\" class=\"vc_icon\" src=\"http:\/\/blog.educastur.es\/wp-content\/plugins\/vc\/vc.gif\" alt=\"Estad\u00edsticas\" border=\"0\" \/>\u00a0Este art\u00edculo ha sido visitado\u00a0<strong>\u00a00\u00a0<\/strong>\u00a0veces<\/p>\n<\/div>\n<\/div>\n","protected":false},"excerpt":{"rendered":"<p>http:\/\/asturiesculturaenrede.es\/ 1) Artes esc\u00e9niques 2) Cine 3) Artes pl\u00e1stiques 4) Lliteratura 5) M\u00fasica &nbsp; El proyectu \u00abAsturies, Cultura en Rede\u00bb empez\u00f3 esti llunes l\u2019espardimientu de diez de los cincuenta trabayos audiovisuales produc\u00edos por ceadores asturianos dende les sos cases. La Conseyer\u00eda de Cultura, Pol\u00edtica Lling\u00fc\u00edstica y Turismu empecipi\u00f3 l\u2019espardimientu, na p\u00e1xina web del mesmu nome [&hellip;]<\/p>\n","protected":false},"author":117,"featured_media":0,"comment_status":"closed","ping_status":"open","sticky":false,"template":"","format":"standard","meta":{"footnotes":""},"categories":[38],"tags":[],"class_list":["post-584","post","type-post","status-publish","format-standard","hentry","category-cultura"],"_links":{"self":[{"href":"https:\/\/edublog.educastur.es\/ixuxu\/wp-json\/wp\/v2\/posts\/584","targetHints":{"allow":["GET"]}}],"collection":[{"href":"https:\/\/edublog.educastur.es\/ixuxu\/wp-json\/wp\/v2\/posts"}],"about":[{"href":"https:\/\/edublog.educastur.es\/ixuxu\/wp-json\/wp\/v2\/types\/post"}],"author":[{"embeddable":true,"href":"https:\/\/edublog.educastur.es\/ixuxu\/wp-json\/wp\/v2\/users\/117"}],"replies":[{"embeddable":true,"href":"https:\/\/edublog.educastur.es\/ixuxu\/wp-json\/wp\/v2\/comments?post=584"}],"version-history":[{"count":1,"href":"https:\/\/edublog.educastur.es\/ixuxu\/wp-json\/wp\/v2\/posts\/584\/revisions"}],"predecessor-version":[{"id":585,"href":"https:\/\/edublog.educastur.es\/ixuxu\/wp-json\/wp\/v2\/posts\/584\/revisions\/585"}],"wp:attachment":[{"href":"https:\/\/edublog.educastur.es\/ixuxu\/wp-json\/wp\/v2\/media?parent=584"}],"wp:term":[{"taxonomy":"category","embeddable":true,"href":"https:\/\/edublog.educastur.es\/ixuxu\/wp-json\/wp\/v2\/categories?post=584"},{"taxonomy":"post_tag","embeddable":true,"href":"https:\/\/edublog.educastur.es\/ixuxu\/wp-json\/wp\/v2\/tags?post=584"}],"curies":[{"name":"wp","href":"https:\/\/api.w.org\/{rel}","templated":true}]}}