{"id":58400,"date":"2025-12-22T10:00:36","date_gmt":"2025-12-22T08:00:36","guid":{"rendered":"https:\/\/edublog.educastur.es\/ixuxu\/?p=58400"},"modified":"2025-12-23T12:55:51","modified_gmt":"2025-12-23T10:55:51","slug":"dicires-nasturianu-iviernu","status":"publish","type":"post","link":"https:\/\/edublog.educastur.es\/ixuxu\/2025\/12\/dicires-nasturianu-iviernu\/","title":{"rendered":"Dicires n&#8217;asturianu: Iviernu"},"content":{"rendered":"<p style=\"text-align: center\"><span class=\"x193iq5w xeuugli x13faqbe x1vvkbs xt0psk2 x1i0vuye xvs91rp xo1l8bm x5n08af x10wh9bi xpm28yp x8viiok x1o7cslx x126k92a\"><span class=\"html-span xexx8yu x4uap5 x18d9i69 xkhd6sd x1hl2dhg x16tdsg8 x1vvkbs x3nfvp2 x1j61x8r x1fcty0u xdj266r xat24cr xgzva0m xhhsvwb xxymvpz xlup9mm x1kky2od\">\n<!-- iframe plugin v.6.0 wordpress.org\/plugins\/iframe\/ -->\n<iframe loading=\"lazy\" src=\"https:\/\/www.instagram.com\/reel\/CmeEmJDM6mR\/embed\" width=\"540\" height=\"575\" 0=\"\/iframe\" scrolling=\"yes\" class=\"iframe-class\" frameborder=\"0\"><\/iframe>\n<\/span><\/span><\/p>\n<div class=\"\">\n<div>L&#8217;<a class=\"x1i10hfl xjbqb8w x1ejq31n x18oe1m7 x1sy0etr xstzfhl x972fbf x10w94by x1qhh985 x14e42zd x9f619 x1ypdohk xt0psk2 x3ct3a4 xdj266r x14z9mp xat24cr x1lziwak xexx8yu xyri2b x18d9i69 x1c1uobl x16tdsg8 x1hl2dhg xggy1nq x1a2a7pz _aa9_ _a6hd\" role=\"link\" href=\"https:\/\/www.instagram.com\/explore\/tags\/iviernu\/\">#iviernu<\/a> o <a class=\"x1i10hfl xjbqb8w x1ejq31n x18oe1m7 x1sy0etr xstzfhl x972fbf x10w94by x1qhh985 x14e42zd x9f619 x1ypdohk xt0psk2 x3ct3a4 xdj266r x14z9mp xat24cr x1lziwak xexx8yu xyri2b x18d9i69 x1c1uobl x16tdsg8 x1hl2dhg xggy1nq x1a2a7pz _aa9_ _a6hd\" role=\"link\" href=\"https:\/\/www.instagram.com\/explore\/tags\/hibiernu\/\">#hibiernu<\/a> (del llat\u00edn HIBERNUM) ye la estaci\u00f3n fr\u00eda de les cuatro existentes, que va dende&#8217;l 21 d&#8217;avientu hasta&#8217;l 20 de marzu nel hemisferiu norte, y dende&#8217;l 21 de xunu hasta&#8217;l 20 de setiembre nel hemisferiu sur \u2744\ufe0f\u2603\ufe0f<a class=\"x1i10hfl xjbqb8w x1ejq31n x18oe1m7 x1sy0etr xstzfhl x972fbf x10w94by x1qhh985 x14e42zd x9f619 x1ypdohk xt0psk2 x3ct3a4 xdj266r x14z9mp xat24cr x1lziwak xexx8yu xyri2b x18d9i69 x1c1uobl x16tdsg8 x1hl2dhg xggy1nq x1a2a7pz _aa9_ _a6hd\" role=\"link\" href=\"https:\/\/www.instagram.com\/explore\/tags\/pallabreru\/\">#Pallabreru<\/a><\/div>\n<\/div>\n<div class=\"xt0psk2\">\n<p class=\"_ap3a _aaco _aacu _aacx _aad7 _aade\" dir=\"auto\"><a class=\"x1i10hfl xjbqb8w x1ejq31n x18oe1m7 x1sy0etr xstzfhl x972fbf x10w94by x1qhh985 x14e42zd x9f619 x1ypdohk xt0psk2 x3ct3a4 xdj266r x14z9mp xat24cr x1lziwak xexx8yu xyri2b x18d9i69 x1c1uobl x16tdsg8 x1hl2dhg xggy1nq x1a2a7pz _aa9_ _a6hd\" role=\"link\" href=\"https:\/\/www.instagram.com\/explore\/tags\/asturllion%C3%A9s\/\">#Asturllion\u00e9s<\/a> <a class=\"x1i10hfl xjbqb8w x1ejq31n x18oe1m7 x1sy0etr xstzfhl x972fbf x10w94by x1qhh985 x14e42zd x9f619 x1ypdohk xt0psk2 x3ct3a4 xdj266r x14z9mp xat24cr x1lziwak xexx8yu xyri2b x18d9i69 x1c1uobl x16tdsg8 x1hl2dhg xggy1nq x1a2a7pz _aa9_ _a6hd\" role=\"link\" href=\"https:\/\/www.instagram.com\/explore\/tags\/asturianu\/\">#Asturianu<\/a> <a class=\"x1i10hfl xjbqb8w x1ejq31n x18oe1m7 x1sy0etr xstzfhl x972fbf x10w94by x1qhh985 x14e42zd x9f619 x1ypdohk xt0psk2 x3ct3a4 xdj266r x14z9mp xat24cr x1lziwak xexx8yu xyri2b x18d9i69 x1c1uobl x16tdsg8 x1hl2dhg xggy1nq x1a2a7pz _aa9_ _a6hd\" role=\"link\" href=\"https:\/\/www.instagram.com\/explore\/tags\/bable\/\">#Bable<\/a> <a class=\"x1i10hfl xjbqb8w x1ejq31n x18oe1m7 x1sy0etr xstzfhl x972fbf x10w94by x1qhh985 x14e42zd x9f619 x1ypdohk xt0psk2 x3ct3a4 xdj266r x14z9mp xat24cr x1lziwak xexx8yu xyri2b x18d9i69 x1c1uobl x16tdsg8 x1hl2dhg xggy1nq x1a2a7pz _aa9_ _a6hd\" role=\"link\" href=\"https:\/\/www.instagram.com\/explore\/tags\/asturianlanguage\/\">#AsturianLanguage<\/a><\/p>\n<\/div>\n","protected":false},"excerpt":{"rendered":"<p>L&#8217;#iviernu o #hibiernu (del llat\u00edn HIBERNUM) ye la estaci\u00f3n fr\u00eda de les cuatro existentes, que va dende&#8217;l 21 d&#8217;avientu hasta&#8217;l 20 de marzu nel hemisferiu norte, y dende&#8217;l 21 de xunu hasta&#8217;l 20 de setiembre nel hemisferiu sur \u2744\ufe0f\u2603\ufe0f#Pallabreru #Asturllion\u00e9s #Asturianu #Bable #AsturianLanguage<\/p>\n","protected":false},"author":117,"featured_media":0,"comment_status":"closed","ping_status":"open","sticky":false,"template":"","format":"standard","meta":{"footnotes":""},"categories":[155,194,147],"tags":[],"class_list":["post-58400","post","type-post","status-publish","format-standard","hentry","category-dicires","category-pallabreru","category-ser-asturianu"],"_links":{"self":[{"href":"https:\/\/edublog.educastur.es\/ixuxu\/wp-json\/wp\/v2\/posts\/58400","targetHints":{"allow":["GET"]}}],"collection":[{"href":"https:\/\/edublog.educastur.es\/ixuxu\/wp-json\/wp\/v2\/posts"}],"about":[{"href":"https:\/\/edublog.educastur.es\/ixuxu\/wp-json\/wp\/v2\/types\/post"}],"author":[{"embeddable":true,"href":"https:\/\/edublog.educastur.es\/ixuxu\/wp-json\/wp\/v2\/users\/117"}],"replies":[{"embeddable":true,"href":"https:\/\/edublog.educastur.es\/ixuxu\/wp-json\/wp\/v2\/comments?post=58400"}],"version-history":[{"count":2,"href":"https:\/\/edublog.educastur.es\/ixuxu\/wp-json\/wp\/v2\/posts\/58400\/revisions"}],"predecessor-version":[{"id":64164,"href":"https:\/\/edublog.educastur.es\/ixuxu\/wp-json\/wp\/v2\/posts\/58400\/revisions\/64164"}],"wp:attachment":[{"href":"https:\/\/edublog.educastur.es\/ixuxu\/wp-json\/wp\/v2\/media?parent=58400"}],"wp:term":[{"taxonomy":"category","embeddable":true,"href":"https:\/\/edublog.educastur.es\/ixuxu\/wp-json\/wp\/v2\/categories?post=58400"},{"taxonomy":"post_tag","embeddable":true,"href":"https:\/\/edublog.educastur.es\/ixuxu\/wp-json\/wp\/v2\/tags?post=58400"}],"curies":[{"name":"wp","href":"https:\/\/api.w.org\/{rel}","templated":true}]}}