{"id":58405,"date":"2025-09-23T08:25:29","date_gmt":"2025-09-23T06:25:29","guid":{"rendered":"https:\/\/edublog.educastur.es\/ixuxu\/?p=58405"},"modified":"2025-09-23T18:56:41","modified_gmt":"2025-09-23T16:56:41","slug":"el-tiempu-el-comercio-145","status":"publish","type":"post","link":"https:\/\/edublog.educastur.es\/ixuxu\/2025\/09\/el-tiempu-el-comercio-145\/","title":{"rendered":"El tiempu (El Comercio)"},"content":{"rendered":"<p style=\"text-align: center\"><a href=\"https:\/\/s3.ppllstatics.com\/elcomercio\/www\/multimedia\/2025\/09\/22\/tiempo-asturias-martes-23-septiembre-kYLE-U2302588077118HVD-1200x870@El%20Comercio.jpg\"><img loading=\"lazy\" decoding=\"async\" class=\"aligncenter size-large\" src=\"https:\/\/s3.ppllstatics.com\/elcomercio\/www\/multimedia\/2025\/09\/22\/tiempo-asturias-martes-23-septiembre-kYLE-U2302588077118HVD-1200x870@El%20Comercio.jpg\" width=\"1200\" height=\"870\" \/><\/a><\/p>\n<p>Tres les ag\u00fces d&#8217;esti llunes coles qu&#8217;empecipi\u00e1bamos la estaci\u00f3n serondiega, g\u00fcei martes va dir ameyorando&#8217;l tiempu claramente en comparanza coles condiciones meteorol\u00f3xiques. Anque<strong> vamos amanecer<\/strong> con cierta nubosidad, vamos reparar c\u00f3mo se van dir abriendo claros nel cielu a midida que vaigan trescurriendo les hores. Asina tou, nun se refuga que pueda escapase dalguna gota mientres la primer met\u00e1 del d\u00eda, sobremanera nel sector oriental. <strong>Los vientos<\/strong> van predominar de componente este con delles raches moderaes especialmente na mari\u00f1a. Les <strong>temperatures m\u00e1ximes<\/strong> van xubir en tol Princip\u00e1u. <strong>Nel cordal y suroccidente<\/strong> hasta 5 graos al respective de la xornada anterior, nel restu del interior hasta 4 graos m\u00e1s, y na mari\u00f1a y zones pr\u00f3ximes hasta 3 graos.<strong> Les m\u00ednimes<\/strong> van caltenese a esceici\u00f3n del sector central onde van baxar.<\/p>\n<p><!--more--><\/p>\n<p><strong>El mi\u00e9rcole<\/strong>s preven cielos pocu nublos o estenos al igual que tami\u00e9n s&#8217;esperen para&#8217;l xueves y el vienres. Am\u00e1s, les temperatures van tender a l&#8217;alza anque nun van ser ascensos bien importantes cuidao que lo normal va ser algamar los 20 graos o superalos llixeramente.<\/p>\n","protected":false},"excerpt":{"rendered":"<p>Tres les ag\u00fces d&#8217;esti llunes coles qu&#8217;empecipi\u00e1bamos la estaci\u00f3n serondiega, g\u00fcei martes va dir ameyorando&#8217;l tiempu claramente en comparanza coles condiciones meteorol\u00f3xiques. Anque vamos amanecer con cierta nubosidad, vamos reparar c\u00f3mo se van dir abriendo claros nel cielu a midida que vaigan trescurriendo les hores. Asina tou, nun se refuga que pueda escapase dalguna gota [&hellip;]<\/p>\n","protected":false},"author":117,"featured_media":0,"comment_status":"closed","ping_status":"open","sticky":false,"template":"","format":"standard","meta":{"footnotes":""},"categories":[5],"tags":[],"class_list":["post-58405","post","type-post","status-publish","format-standard","hentry","category-tiempu"],"_links":{"self":[{"href":"https:\/\/edublog.educastur.es\/ixuxu\/wp-json\/wp\/v2\/posts\/58405","targetHints":{"allow":["GET"]}}],"collection":[{"href":"https:\/\/edublog.educastur.es\/ixuxu\/wp-json\/wp\/v2\/posts"}],"about":[{"href":"https:\/\/edublog.educastur.es\/ixuxu\/wp-json\/wp\/v2\/types\/post"}],"author":[{"embeddable":true,"href":"https:\/\/edublog.educastur.es\/ixuxu\/wp-json\/wp\/v2\/users\/117"}],"replies":[{"embeddable":true,"href":"https:\/\/edublog.educastur.es\/ixuxu\/wp-json\/wp\/v2\/comments?post=58405"}],"version-history":[{"count":1,"href":"https:\/\/edublog.educastur.es\/ixuxu\/wp-json\/wp\/v2\/posts\/58405\/revisions"}],"predecessor-version":[{"id":58417,"href":"https:\/\/edublog.educastur.es\/ixuxu\/wp-json\/wp\/v2\/posts\/58405\/revisions\/58417"}],"wp:attachment":[{"href":"https:\/\/edublog.educastur.es\/ixuxu\/wp-json\/wp\/v2\/media?parent=58405"}],"wp:term":[{"taxonomy":"category","embeddable":true,"href":"https:\/\/edublog.educastur.es\/ixuxu\/wp-json\/wp\/v2\/categories?post=58405"},{"taxonomy":"post_tag","embeddable":true,"href":"https:\/\/edublog.educastur.es\/ixuxu\/wp-json\/wp\/v2\/tags?post=58405"}],"curies":[{"name":"wp","href":"https:\/\/api.w.org\/{rel}","templated":true}]}}