{"id":58418,"date":"2025-09-22T08:32:24","date_gmt":"2025-09-22T06:32:24","guid":{"rendered":"https:\/\/edublog.educastur.es\/ixuxu\/?p=58418"},"modified":"2025-09-22T22:34:18","modified_gmt":"2025-09-22T20:34:18","slug":"estau-del-tiempu-llunes-22-de-setiembre","status":"publish","type":"post","link":"https:\/\/edublog.educastur.es\/ixuxu\/2025\/09\/estau-del-tiempu-llunes-22-de-setiembre\/","title":{"rendered":"Est\u00e1u del tiempu: llunes 22 de setiembre"},"content":{"rendered":"<div class=\"xdj266r x14z9mp xat24cr x1lziwak x1vvkbs x126k92a\"><\/div>\n<div class=\"x14z9mp xat24cr x1lziwak x1vvkbs xtlvy1s x126k92a\">\n<div dir=\"auto\">Asina ta esta ma\u00f1ana l&#8217;abellugu de Coll\u00e1u H.ermusu, na vertiente llionesa de los Picos d&#8217;Europa, como habiemos anunci\u00e1u la nevada nes zones m\u00e1s altes de los Picos d&#8217;Europa diba dar de falar.<\/div>\n<div dir=\"auto\" style=\"text-align: center\">\n<!-- iframe plugin v.6.0 wordpress.org\/plugins\/iframe\/ -->\n<iframe loading=\"lazy\" src=\"https:\/\/www.facebook.com\/plugins\/post.php?href=https%3A%2F%2Fwww.facebook.com%2Feltiempuenasturies%2Fposts%2Fpfbid02SdL3CceEQCSbuX59zFYMtdY4NZHuXAFa8EuYpJsWjq9UbdeHgngXQfzGgoCSyU1fl&#038;show_text=false&#038;width=500\" width=\"500\" height=\"281\" style=\"border:none;overflow:hidden\" scrolling=\"no\" frameborder=\"0\" allowfullscreen=\"true\" allow=\"autoplay; clipboard-write; encrypted-media; picture-in-picture; web-share\" 0=\"\/iframe\" class=\"iframe-class\"><\/iframe>\n<\/div>\n<\/div>\n<div class=\"x14z9mp xat24cr x1lziwak x1vvkbs xtlvy1s x126k92a\">\n<ul>\n<li dir=\"auto\"><span style=\"color: #008080\"><strong>Alborecemos<\/strong> <\/span>col cielu nuboso y xarabatos tormentosos ya intermitentes que son de nieve perriba de los 1800-1900m con unes temperatures que tan alrodiu de los 11\u00baC, rexistr\u00e1ndose nel puirtu Payares 2,1\u00baC.<\/li>\n<\/ul>\n<\/div>\n<div class=\"x14z9mp xat24cr x1lziwak x1vvkbs xtlvy1s x126k92a\">\n<ul>\n<li dir=\"auto\"><strong><span style=\"color: #008080\">G\u00fcei<\/span> <\/strong>vamos tener xarabatos intesos y xeneralizaos que puen venir acompangaos de truena y xarazu, sobre too nel interior asturianu, siendo menos frecuentes ya intensos nel llitoral con tendencia a remitir al atapecer. Les temperatures en descensu y la nieve va tar presente pela ma\u00f1ana sobre los 1800-1900m pa dir subiendo pela tardiquina hasta los 2100-2200m. L&#8217;aire de componente noroeste con raches fuertes en zones altes ya en puntos del llitoral.<\/li>\n<\/ul>\n<p>&nbsp;<\/p>\n<\/div>\n<p><!--more--><\/p>\n<div class=\"x14z9mp xat24cr x1lziwak x1vvkbs xtlvy1s x126k92a\">\n<ul>\n<li dir=\"auto\"><strong><span style=\"color: #008080\">Ma\u00f1ana martes<\/span> <\/strong>vamos tener intervalos nubosos entemecios ente dellos claros o abancios, nun se descarta que puea cayer dalguna gotera dispersa ya ocasional con unes temperatures m\u00ednimes en descensu, perdebaxu de los 10\u00baC y con les m\u00e1simes en llixeru ascensu. L&#8217;aire tender\u00e1 a rolar a nord\u00e9s con dalguna racha moderada nel llitoral y zones altes.<\/li>\n<\/ul>\n<\/div>\n<div class=\"x14z9mp xat24cr x1lziwak x1vvkbs xtlvy1s x126k92a\">\n<ul>\n<li dir=\"auto\"><strong><span style=\"color: #008080\">El mi\u00e9rcoles<\/span> <\/strong>seguiremos teniendo temperatures m\u00ednimes baxes y el cielu va dir aclar\u00e1ndose pa quedar pela tarde escampl\u00e1u. L&#8217;aire nord\u00e9s va ser cafiante na costa y ell\u00ed onde nun temos abellugaos d&#8217;\u00e9l l&#8217;ambiente, a pesar del sol, sedr\u00e1 fr\u00edu.<\/li>\n<\/ul>\n<\/div>\n<div class=\"x14z9mp xat24cr x1lziwak x1vvkbs xtlvy1s x126k92a\">\n<ul>\n<li dir=\"auto\"><strong><span style=\"color: #008080\">El xueves ya vienres<\/span><\/strong> sedr\u00e1n d\u00edes soleyeros y lluminosos pero con temperatures contenies, malpenes algam\u00e1ndose los 20\u00baC al mediud\u00eda, anque amenorgar\u00e1 dalgo&#8217;l nord\u00e9s seguir\u00e1 cafiante na costa.<\/li>\n<\/ul>\n<\/div>\n<div class=\"x14z9mp xat24cr x1lziwak x1vvkbs xtlvy1s x126k92a\">\n<ul>\n<li dir=\"auto\">Paez que <strong><span style=\"color: #008080\">la fin de selmana<\/span> <\/strong>tendremos m\u00e1s nubes y fadr\u00e1 dalgo m\u00e1s de calor pero esto y\u00e1 lu diremos viendo.<\/li>\n<\/ul>\n<h2 class=\"html-h2 x14z9mp xat24cr x1lziwak xexx8yu xyri2b x18d9i69 x1c1uobl x1vvkbs x1heor9g x1qlqyl8 x1pd3egz x1a2a7pz x1gslohp\" style=\"text-align: center\"><span class=\"x193iq5w xeuugli x13faqbe x1vvkbs x1xmvt09 x1f6kntn xvq8zen xo1l8bm xi81zsa\"><span class=\"xt0psk2\"><span class=\"xjp7ctv\"><a class=\"x1i10hfl xjbqb8w x1ejq31n x18oe1m7 x1sy0etr xstzfhl x972fbf x10w94by x1qhh985 x14e42zd x9f619 x1ypdohk xt0psk2 x3ct3a4 xdj266r x14z9mp xat24cr x1lziwak xexx8yu xyri2b x18d9i69 x1c1uobl x16tdsg8 x1hl2dhg xggy1nq x1a2a7pz xkrqix3 x1sur9pj xzsf02u x1s688f\" role=\"link\" href=\"https:\/\/www.facebook.com\/eltiempuenasturies?__cft__[0]=AZX00O_8M4y9gGpmmKZk9D_xZcJDxmQd4fJj2ZxKYJHjP-_VyvJHOTboG1WcM_IRGPDuuzDcqYEuGM1nexTDHtDBTx0iRHpvuYoJHcuk9yFB9PLYDGscYZEki5yjGaDFEbVrppFqYPNgS8SrqpyzskL4Kgf7PafHacZ1EV393bcYqhyxcklVz6WGWCp0KzxYHTU&amp;__tn__=-UC*F\">El Tiempu n&#8217;Asturies.<\/a><\/span><\/span><\/span><\/h2>\n<\/div>\n<div class=\"x14z9mp xat24cr x1lziwak x1vvkbs xtlvy1s x126k92a\">\n<div dir=\"auto\"><\/div>\n<\/div>\n","protected":false},"excerpt":{"rendered":"<p>Asina ta esta ma\u00f1ana l&#8217;abellugu de Coll\u00e1u H.ermusu, na vertiente llionesa de los Picos d&#8217;Europa, como habiemos anunci\u00e1u la nevada nes zones m\u00e1s altes de los Picos d&#8217;Europa diba dar de falar. Alborecemos col cielu nuboso y xarabatos tormentosos ya intermitentes que son de nieve perriba de los 1800-1900m con unes temperatures que tan alrodiu [&hellip;]<\/p>\n","protected":false},"author":117,"featured_media":0,"comment_status":"closed","ping_status":"open","sticky":false,"template":"","format":"standard","meta":{"footnotes":""},"categories":[5],"tags":[],"class_list":["post-58418","post","type-post","status-publish","format-standard","hentry","category-tiempu"],"_links":{"self":[{"href":"https:\/\/edublog.educastur.es\/ixuxu\/wp-json\/wp\/v2\/posts\/58418","targetHints":{"allow":["GET"]}}],"collection":[{"href":"https:\/\/edublog.educastur.es\/ixuxu\/wp-json\/wp\/v2\/posts"}],"about":[{"href":"https:\/\/edublog.educastur.es\/ixuxu\/wp-json\/wp\/v2\/types\/post"}],"author":[{"embeddable":true,"href":"https:\/\/edublog.educastur.es\/ixuxu\/wp-json\/wp\/v2\/users\/117"}],"replies":[{"embeddable":true,"href":"https:\/\/edublog.educastur.es\/ixuxu\/wp-json\/wp\/v2\/comments?post=58418"}],"version-history":[{"count":1,"href":"https:\/\/edublog.educastur.es\/ixuxu\/wp-json\/wp\/v2\/posts\/58418\/revisions"}],"predecessor-version":[{"id":58419,"href":"https:\/\/edublog.educastur.es\/ixuxu\/wp-json\/wp\/v2\/posts\/58418\/revisions\/58419"}],"wp:attachment":[{"href":"https:\/\/edublog.educastur.es\/ixuxu\/wp-json\/wp\/v2\/media?parent=58418"}],"wp:term":[{"taxonomy":"category","embeddable":true,"href":"https:\/\/edublog.educastur.es\/ixuxu\/wp-json\/wp\/v2\/categories?post=58418"},{"taxonomy":"post_tag","embeddable":true,"href":"https:\/\/edublog.educastur.es\/ixuxu\/wp-json\/wp\/v2\/tags?post=58418"}],"curies":[{"name":"wp","href":"https:\/\/api.w.org\/{rel}","templated":true}]}}