{"id":58431,"date":"2025-09-22T22:30:40","date_gmt":"2025-09-22T20:30:40","guid":{"rendered":"https:\/\/edublog.educastur.es\/ixuxu\/?p=58431"},"modified":"2025-09-25T11:28:56","modified_gmt":"2025-09-25T09:28:56","slug":"ensin-pallabres","status":"publish","type":"post","link":"https:\/\/edublog.educastur.es\/ixuxu\/2025\/09\/ensin-pallabres\/","title":{"rendered":"Collada Jermoso rexistra la mayor nevada nel mes de setiembre dende 1997"},"content":{"rendered":"<p>Comparten esta espectacular fotograf\u00eda tomada fai apenes dos hores, cola que nos deseyen les bones nueches dende lo alto de los Picos d&#8217;Europa. <a href=\"https:\/\/www.elfielato.es\/articulo\/comarca-picos-europa\/collado-jermoso-registra-mayor-nevada-30-anos\/20250923120143085669.html\">El Fielato <\/a>Mientres el d\u00eda d&#8217;ayeri, primer d\u00eda de la seronda, atroparense hasta 20 cent\u00edmetros. <a href=\"https:\/\/www.lavozdeasturias.es\/noticia\/asturias\/2025\/09\/23\/collado-jermoso-registra-mayor-nevada-septiembre-tres-decadas\/00031758651234898781737.htm\">La Voz<\/a><\/p>\n<p style=\"text-align: center\"><a href=\"https:\/\/www.elfielato.es\/asset\/thumbnail,1920,1080,center,center\/media\/elfielato\/images\/2025\/09\/23\/2025092311485677122.jpg\"><img loading=\"lazy\" decoding=\"async\" class=\"aligncenter size-large\" src=\"https:\/\/www.elfielato.es\/asset\/thumbnail,1920,1080,center,center\/media\/elfielato\/images\/2025\/09\/23\/2025092311485677122.jpg\" width=\"1000\" height=\"564\" \/><\/a><\/p>\n<p>La instant\u00e1nea amuesa <strong>l&#8217;abelugu cubiertu poles primeres nieves del iviernu<\/strong>, que ti\u00f1en de blancu&#8217;l paisaxe y ufierten una estampa iverniza \u00fanica al anochecer\u00edn. El mantu de nieve y <strong>les \u00faltimes lluces del d\u00eda envolubren el monte nun ambiente m\u00e1xico, onde silenciu y naturaleza fundar n&#8217;harmon\u00eda<\/strong>.\u00a0Un formosu adelantu de lo que va ser la temporada iverniza, que nos recuerda la fuerza y la guapura del monte nel so est\u00e1u m\u00e1s puru.<\/p>\n<p><!--more--><\/p>\n<div class=\"x1iyjqo2\">\n<div class=\"x78zum5 xdt5ytf xz62fqu x16ldp7u\">\n<div class=\"xu06os2 x1ok221b\">\n<div class=\"x1gslohp\">\n<p style=\"text-align: center\"><a href=\"https:\/\/img.lavdg.com\/sc\/_p1-dTbWEkwCzko6wszUl3k4n30=\/768x\/2025\/09\/24\/00121758709380513318718\/Foto\/445.jpg\"><img loading=\"lazy\" decoding=\"async\" class=\"aligncenter size-large\" src=\"https:\/\/img.lavdg.com\/sc\/_p1-dTbWEkwCzko6wszUl3k4n30=\/768x\/2025\/09\/24\/00121758709380513318718\/Foto\/445.jpg\" width=\"768\" height=\"432\" \/><\/a><\/p>\n<p><strong>Esti enclave de los Picos d&#8217;Europa, asiti\u00e1u a m\u00e1s de 2.000 metros d&#8217;altit\u00fa, tuvo una cota de nieve de 20 cent\u00edmetros. <\/strong>\u00a0Los Picos d&#8217;Europa recibieron la llegada de la seronda esti 22 de setiembre como si d&#8217;iviernu trat\u00e1rase, esto ye, con una nevada hist\u00f3rica para les feches nes qu&#8217;atopamos. Concretramente, en Collada Jermoso, l&#8217;entamu oficial d&#8217;esta estaci\u00f3n dex\u00f3 una acumuladura de nieve que<strong> nun se v\u00eda nesti mes dende 1997.<\/strong><\/p>\n<\/div>\n<p style=\"text-align: center\"><span class=\"x193iq5w xeuugli x13faqbe x1vvkbs xt0psk2 x1i0vuye xvs91rp xo1l8bm x5n08af x10wh9bi xpm28yp x8viiok x1o7cslx x126k92a\"><span class=\"html-span xexx8yu x4uap5 x18d9i69 xkhd6sd x1hl2dhg x16tdsg8 x1vvkbs x3nfvp2 x1j61x8r x1fcty0u xdj266r xat24cr xgzva0m xhhsvwb xxymvpz xlup9mm x1kky2od\">\n<!-- iframe plugin v.6.0 wordpress.org\/plugins\/iframe\/ -->\n<iframe loading=\"lazy\" src=\"https:\/\/www.instagram.com\/reel\/DO6jYnIDArD\/embed\" width=\"550\" height=\"645\" 0=\"\/iframe\" scrolling=\"yes\" class=\"iframe-class\" frameborder=\"0\"><\/iframe>\n<\/span><\/span><\/p>\n<div class=\"x1gslohp\">\n<ul>\n<li class=\"html-h2 x14z9mp xat24cr x1lziwak xexx8yu xyri2b x18d9i69 x1c1uobl x1vvkbs x1heor9g x1qlqyl8 x1pd3egz x1a2a7pz x1gslohp\" style=\"text-align: left\"><span style=\"font-size: 14px\"><span class=\"x193iq5w xeuugli x13faqbe x1vvkbs x1xmvt09 x1f6kntn xvq8zen xo1l8bm xi81zsa\"><span class=\"xt0psk2\"><span class=\"xjp7ctv\"><a class=\"x1i10hfl xjbqb8w x1ejq31n x18oe1m7 x1sy0etr xstzfhl x972fbf x10w94by x1qhh985 x14e42zd x9f619 x1ypdohk xt0psk2 x3ct3a4 xdj266r x14z9mp xat24cr x1lziwak xexx8yu xyri2b x18d9i69 x1c1uobl x16tdsg8 x1hl2dhg xggy1nq x1a2a7pz xkrqix3 x1sur9pj xzsf02u x1s688f\" role=\"link\" href=\"https:\/\/www.facebook.com\/refugio.colladojermoso?__cft__[0]=AZW_cT9jBBsz3YNYoHoYRqZzVO8PAdaTFf0yOr-OSqsQOkItr8nYrcl33pMiU94VzDS6n-7UR657Qr7wDof8tsyBhs7dbh3emPfe1wUwIkioOouVFAbS0Mz-MX4o2lT93tszPxerMyRChvdMXzOqUR2f1L9c7sEvJl_tetpbie1WAVFZk_9Sem8vC_Rit_9lY-6sQftOxVr9ckAJkfBvrTyP&amp;__tn__=-UC*F\">Refugio Collado Jermoso<\/a><\/span><\/span><\/span><span class=\"x193iq5w xeuugli x13faqbe x1vvkbs x1xmvt09 x1lliihq x1s928wv xhkezso x1gmr53x x1cpjm7i x1fgarty x1943h6x xudqn12 x3x7a5m x1f6kntn xvq8zen xo1l8bm xzsf02u\" dir=\"auto\">\/ @fdmescyl \/ @valledevaldeon \/@mas_8000<\/span><\/span><\/li>\n<li class=\"html-h2 x14z9mp xat24cr x1lziwak xexx8yu xyri2b x18d9i69 x1c1uobl x1vvkbs x1heor9g x1qlqyl8 x1pd3egz x1a2a7pz x1gslohp\" style=\"text-align: left\"><span class=\"x193iq5w xeuugli x13faqbe x1vvkbs x1xmvt09 x1lliihq x1s928wv xhkezso x1gmr53x x1cpjm7i x1fgarty x1943h6x xudqn12 x3x7a5m x1f6kntn xvq8zen xo1l8bm xzsf02u\" dir=\"auto\"><span style=\"font-size: 14px\"><span class=\"html-span xdj266r x14z9mp xat24cr x1lziwak xexx8yu xyri2b x18d9i69 x1c1uobl x1hl2dhg x16tdsg8 x1vvkbs\"><a class=\"x1i10hfl xjbqb8w x1ejq31n x18oe1m7 x1sy0etr xstzfhl x972fbf x10w94by x1qhh985 x14e42zd x9f619 x1ypdohk xt0psk2 x3ct3a4 xdj266r x14z9mp xat24cr x1lziwak xexx8yu xyri2b x18d9i69 x1c1uobl x16tdsg8 x1hl2dhg xggy1nq x1a2a7pz xkrqix3 x1sur9pj xzsf02u x1s688f\" role=\"link\" href=\"https:\/\/www.facebook.com\/hashtag\/refugio?__eep__=6&amp;__cft__[0]=AZW_cT9jBBsz3YNYoHoYRqZzVO8PAdaTFf0yOr-OSqsQOkItr8nYrcl33pMiU94VzDS6n-7UR657Qr7wDof8tsyBhs7dbh3emPfe1wUwIkioOouVFAbS0Mz-MX4o2lT93tszPxerMyRChvdMXzOqUR2f1L9c7sEvJl_tetpbie1WAVFZk_9Sem8vC_Rit_9lY-6sQftOxVr9ckAJkfBvrTyP&amp;__tn__=*NK*F\">#refugio<\/a><\/span> <span class=\"html-span xdj266r x14z9mp xat24cr x1lziwak xexx8yu xyri2b x18d9i69 x1c1uobl x1hl2dhg x16tdsg8 x1vvkbs\"><a class=\"x1i10hfl xjbqb8w x1ejq31n x18oe1m7 x1sy0etr xstzfhl x972fbf x10w94by x1qhh985 x14e42zd x9f619 x1ypdohk xt0psk2 x3ct3a4 xdj266r x14z9mp xat24cr x1lziwak xexx8yu xyri2b x18d9i69 x1c1uobl x16tdsg8 x1hl2dhg xggy1nq x1a2a7pz xkrqix3 x1sur9pj xzsf02u x1s688f\" role=\"link\" href=\"https:\/\/www.facebook.com\/hashtag\/refugiocolladojermoso?__eep__=6&amp;__cft__[0]=AZW_cT9jBBsz3YNYoHoYRqZzVO8PAdaTFf0yOr-OSqsQOkItr8nYrcl33pMiU94VzDS6n-7UR657Qr7wDof8tsyBhs7dbh3emPfe1wUwIkioOouVFAbS0Mz-MX4o2lT93tszPxerMyRChvdMXzOqUR2f1L9c7sEvJl_tetpbie1WAVFZk_9Sem8vC_Rit_9lY-6sQftOxVr9ckAJkfBvrTyP&amp;__tn__=*NK*F\">#refugiocolladojermoso<\/a><\/span><\/span><span class=\"html-span xdj266r x14z9mp xat24cr x1lziwak xexx8yu xyri2b x18d9i69 x1c1uobl x1hl2dhg x16tdsg8 x1vvkbs\"><a class=\"x1i10hfl xjbqb8w x1ejq31n x18oe1m7 x1sy0etr xstzfhl x972fbf x10w94by x1qhh985 x14e42zd x9f619 x1ypdohk xt0psk2 x3ct3a4 xdj266r x14z9mp xat24cr x1lziwak xexx8yu xyri2b x18d9i69 x1c1uobl x16tdsg8 x1hl2dhg xggy1nq x1a2a7pz xkrqix3 x1sur9pj xzsf02u x1s688f\" role=\"link\" href=\"https:\/\/www.facebook.com\/hashtag\/picosdeeuropa?__eep__=6&amp;__cft__[0]=AZW_cT9jBBsz3YNYoHoYRqZzVO8PAdaTFf0yOr-OSqsQOkItr8nYrcl33pMiU94VzDS6n-7UR657Qr7wDof8tsyBhs7dbh3emPfe1wUwIkioOouVFAbS0Mz-MX4o2lT93tszPxerMyRChvdMXzOqUR2f1L9c7sEvJl_tetpbie1WAVFZk_9Sem8vC_Rit_9lY-6sQftOxVr9ckAJkfBvrTyP&amp;__tn__=*NK*F\"><span style=\"font-size: 14px\">#picosdeeuropa<\/span><\/a><\/span><\/span><\/li>\n<\/ul>\n<p style=\"text-align: center\">\n<\/div>\n<\/div>\n<\/div>\n<\/div>\n","protected":false},"excerpt":{"rendered":"<p>Comparten esta espectacular fotograf\u00eda tomada fai apenes dos hores, cola que nos deseyen les bones nueches dende lo alto de los Picos d&#8217;Europa. El Fielato Mientres el d\u00eda d&#8217;ayeri, primer d\u00eda de la seronda, atroparense hasta 20 cent\u00edmetros. La Voz La instant\u00e1nea amuesa l&#8217;abelugu cubiertu poles primeres nieves del iviernu, que ti\u00f1en de blancu&#8217;l paisaxe [&hellip;]<\/p>\n","protected":false},"author":117,"featured_media":0,"comment_status":"closed","ping_status":"open","sticky":false,"template":"","format":"standard","meta":{"footnotes":""},"categories":[1],"tags":[],"class_list":["post-58431","post","type-post","status-publish","format-standard","hentry","category-sin-categoria"],"_links":{"self":[{"href":"https:\/\/edublog.educastur.es\/ixuxu\/wp-json\/wp\/v2\/posts\/58431","targetHints":{"allow":["GET"]}}],"collection":[{"href":"https:\/\/edublog.educastur.es\/ixuxu\/wp-json\/wp\/v2\/posts"}],"about":[{"href":"https:\/\/edublog.educastur.es\/ixuxu\/wp-json\/wp\/v2\/types\/post"}],"author":[{"embeddable":true,"href":"https:\/\/edublog.educastur.es\/ixuxu\/wp-json\/wp\/v2\/users\/117"}],"replies":[{"embeddable":true,"href":"https:\/\/edublog.educastur.es\/ixuxu\/wp-json\/wp\/v2\/comments?post=58431"}],"version-history":[{"count":9,"href":"https:\/\/edublog.educastur.es\/ixuxu\/wp-json\/wp\/v2\/posts\/58431\/revisions"}],"predecessor-version":[{"id":58650,"href":"https:\/\/edublog.educastur.es\/ixuxu\/wp-json\/wp\/v2\/posts\/58431\/revisions\/58650"}],"wp:attachment":[{"href":"https:\/\/edublog.educastur.es\/ixuxu\/wp-json\/wp\/v2\/media?parent=58431"}],"wp:term":[{"taxonomy":"category","embeddable":true,"href":"https:\/\/edublog.educastur.es\/ixuxu\/wp-json\/wp\/v2\/categories?post=58431"},{"taxonomy":"post_tag","embeddable":true,"href":"https:\/\/edublog.educastur.es\/ixuxu\/wp-json\/wp\/v2\/tags?post=58431"}],"curies":[{"name":"wp","href":"https:\/\/api.w.org\/{rel}","templated":true}]}}