{"id":58450,"date":"2025-09-23T14:26:36","date_gmt":"2025-09-23T12:26:36","guid":{"rendered":"https:\/\/edublog.educastur.es\/ixuxu\/?p=58450"},"modified":"2025-09-23T22:57:25","modified_gmt":"2025-09-23T20:57:25","slug":"ayudes-pa-impulsar-la-marca-mercaos-del-paraisu-natural","status":"publish","type":"post","link":"https:\/\/edublog.educastur.es\/ixuxu\/2025\/09\/ayudes-pa-impulsar-la-marca-mercaos-del-paraisu-natural\/","title":{"rendered":"Ayudes pa impulsar la marca \u00abMercaos del Para\u00edsu Natural\u00bb"},"content":{"rendered":"<p style=\"text-align: center\"><a href=\"https:\/\/actualidad.asturias.es\/documents\/537115\/2822445\/2025_09_23+Mercados+del+Paraiso.jpeg\/120ef54e-5b62-1dae-a202-1c49014ce523?t=1758614087798\"><img loading=\"lazy\" decoding=\"async\" class=\"aligncenter size-large\" src=\"https:\/\/actualidad.asturias.es\/documents\/537115\/2822445\/2025_09_23+Mercados+del+Paraiso.jpeg\/120ef54e-5b62-1dae-a202-1c49014ce523?t=1758614087798\" width=\"600\" height=\"580\" \/><\/a><\/p>\n<p>Mediu Rural abre la convocatoria d&#8217;ayudes pa impulsar los <strong><span style=\"color: #008080\">Mercaos del Para\u00edsu Natural&#8217;<\/span><\/strong>, dotada con 60.000 euros.\u00a0Les entidaes locales y asociaciones ensin \u00e1nimu d&#8217;arriquecimientu van poder presentar les sos solicit\u00faes hasta&#8217;l d\u00eda 23 d&#8217;ochobre Esta media <strong>pretende fomentar <\/strong><strong>el consumu de proximid\u00e1 y dinamizar los pueblos. <\/strong><a href=\"https:\/\/actualidad.asturias.es\/-\/medio-rural-abre-la-convocatoria-de-ayudas-para-impulsar-los-mercados-del-para%C3%ADso-natural-dotada-con-60.000-euros?redirect=%2Fnoticias\">Actualid\u00e1 Asturies<\/a><\/p>\n<p><!--more--><\/p>\n<p>El Gobiernu d&#8217;Asturies public\u00f3 g\u00fcei nel Bolet\u00edn Oficial del Princip\u00e1u (Bopa) la convocatoria d&#8217;ayudes a entidaes locales y asociaciones ensin \u00e1nimu d&#8217;arriquecimientu pa impulsar la organizaci\u00f3n de Mercaos del Para\u00edsu Natural. Esta iniciativa estrat\u00e9xica de la Conseyer\u00eda de Mediu Rural y Pol\u00edtica Agraria, dotada con 60.000 euros,<strong> pretende fomentar el consumu de proximid\u00e1 y dinamizar el mediu rural.<\/strong><\/p>\n<p>Les entidaes locales y asociaciones ensin \u00e1nimu d&#8217;arriquecimientu interesaes n&#8217;aportar a estes ayudes van poder presentar les sos solicit\u00faes hasta&#8217;l 23 d&#8217;ochobre.<\/p>\n<p>La nueva marca <strong>ampara los eventos centraos na vienta directa de productos agroalimentarios<\/strong>, especialmente aquellos incluy\u00edos na marca calidable Alimentos del Para\u00edsu Natural, s\u00edmbolu d&#8217;orixe y sostenibilid\u00e1.<\/p>\n<p>&nbsp;<\/p>\n<p>Esta iniciativa busca fortalecer el venceyu ente productores y consumidores, impulsar la econom\u00eda local, caltener el paisaxe rural y favorecer circuitos curtios de distribuci\u00f3n.<\/p>\n<p>&nbsp;<\/p>\n<p>Van poder acoyese a esta ll\u00ednea d&#8217;ayudes los mercaos celebraos n&#8217;Asturies dende&#8217;l 1 de payares de 2024 y hasta el 31 d&#8217;ochobre d&#8217;angua\u00f1o, siempres y cuando cunten a lo menos con 20 puestos de vienta y tengan una duraci\u00f3n m\u00ednima de seis hores. Los eventos van poder comercializar productos amparaos por Alimentos del Para\u00edsu Natural, seg\u00fan otros elementos agroalimentarios, producciones locales y art\u00edculos certificaos por Artesan\u00eda d&#8217;Asturies. Tami\u00e9n van poder cuntar con chigres o*gastronetas (foodtrucks), si la so ufierta b\u00e1sase, siquier en parte, n&#8217;alimentos aut\u00f3ctonos.<\/p>\n<p>&nbsp;<\/p>\n<p>Estes ayudes, financiaes \u00edntegramente con fondos del Princip\u00e1u, van concedese en r\u00e9xime de concurrencia competitiva por aciu una convocatoria p\u00fablica a\u00f1al. La cuant\u00eda va asignase en funci\u00f3n de criterios como&#8217;l tama\u00f1u de la localid\u00e1 onde se celebra&#8217;l merc\u00e1u, la so duraci\u00f3n y n\u00famberu de puestos, la ufierta d&#8217;actividaes complementaries (especialmente pal p\u00fablicu infantil) y la cantid\u00e1 de productos amparaos por marques calidable o aptos pa persones con intolerancies, ente otros factores.<\/p>\n<p>&nbsp;<\/p>\n<p>Con esta iniciativa, el Princip\u00e1u refuerza&#8217;l so apueste por un modelu agroalimentario sostenible, calidable y vencey\u00e1u al territoriu nel que los Mercaos del Para\u00edsu Natural <strong>van ser una ferramienta clave de promoci\u00f3n, comercializaci\u00f3n y desenvolvimientu rural.<\/strong><\/p>\n","protected":false},"excerpt":{"rendered":"<p>Mediu Rural abre la convocatoria d&#8217;ayudes pa impulsar los Mercaos del Para\u00edsu Natural&#8217;, dotada con 60.000 euros.\u00a0Les entidaes locales y asociaciones ensin \u00e1nimu d&#8217;arriquecimientu van poder presentar les sos solicit\u00faes hasta&#8217;l d\u00eda 23 d&#8217;ochobre Esta media pretende fomentar el consumu de proximid\u00e1 y dinamizar los pueblos. Actualid\u00e1 Asturies<\/p>\n","protected":false},"author":117,"featured_media":0,"comment_status":"closed","ping_status":"open","sticky":false,"template":"","format":"standard","meta":{"footnotes":""},"categories":[138,290],"tags":[],"class_list":["post-58450","post","type-post","status-publish","format-standard","hentry","category-alimentos","category-mercau"],"_links":{"self":[{"href":"https:\/\/edublog.educastur.es\/ixuxu\/wp-json\/wp\/v2\/posts\/58450","targetHints":{"allow":["GET"]}}],"collection":[{"href":"https:\/\/edublog.educastur.es\/ixuxu\/wp-json\/wp\/v2\/posts"}],"about":[{"href":"https:\/\/edublog.educastur.es\/ixuxu\/wp-json\/wp\/v2\/types\/post"}],"author":[{"embeddable":true,"href":"https:\/\/edublog.educastur.es\/ixuxu\/wp-json\/wp\/v2\/users\/117"}],"replies":[{"embeddable":true,"href":"https:\/\/edublog.educastur.es\/ixuxu\/wp-json\/wp\/v2\/comments?post=58450"}],"version-history":[{"count":2,"href":"https:\/\/edublog.educastur.es\/ixuxu\/wp-json\/wp\/v2\/posts\/58450\/revisions"}],"predecessor-version":[{"id":58505,"href":"https:\/\/edublog.educastur.es\/ixuxu\/wp-json\/wp\/v2\/posts\/58450\/revisions\/58505"}],"wp:attachment":[{"href":"https:\/\/edublog.educastur.es\/ixuxu\/wp-json\/wp\/v2\/media?parent=58450"}],"wp:term":[{"taxonomy":"category","embeddable":true,"href":"https:\/\/edublog.educastur.es\/ixuxu\/wp-json\/wp\/v2\/categories?post=58450"},{"taxonomy":"post_tag","embeddable":true,"href":"https:\/\/edublog.educastur.es\/ixuxu\/wp-json\/wp\/v2\/tags?post=58450"}],"curies":[{"name":"wp","href":"https:\/\/api.w.org\/{rel}","templated":true}]}}