{"id":58452,"date":"2025-09-22T10:00:57","date_gmt":"2025-09-22T08:00:57","guid":{"rendered":"https:\/\/edublog.educastur.es\/ixuxu\/?p=58452"},"modified":"2025-09-23T14:33:41","modified_gmt":"2025-09-23T12:33:41","slug":"el-principau-celebra-la-selmana-europea-del-deporte-en-15-conceyos","status":"publish","type":"post","link":"https:\/\/edublog.educastur.es\/ixuxu\/2025\/09\/el-principau-celebra-la-selmana-europea-del-deporte-en-15-conceyos\/","title":{"rendered":"El Princip\u00e1u celebra la Selmana Europea del Deporte en 15 conceyos"},"content":{"rendered":"<p style=\"text-align: center\"><a href=\"https:\/\/actualidad.asturias.es\/documents\/537115\/2821520\/Cartel+Semana+Europea+del+Deporte+imagen.png\/ebac451a-3ba4-5c51-1aa2-c95fc9fb0a9f?t=1758541356075\"><img loading=\"lazy\" decoding=\"async\" class=\"aligncenter \" src=\"https:\/\/actualidad.asturias.es\/documents\/537115\/2821520\/Cartel+Semana+Europea+del+Deporte+imagen.png\/ebac451a-3ba4-5c51-1aa2-c95fc9fb0a9f?t=1758541356075\" width=\"925\" height=\"278\" \/><\/a><\/p>\n<p><a href=\"https:\/\/actualidad.asturias.es\/-\/el-principado-celebra-la-semana-europea-del-deporte-en-15-concejos-con-el-foco-puesto-en-el-envejecimiento-activo?redirect=%2Fnoticias\">Actualid\u00e1<\/a> \/<\/p>\n<p>El Princip\u00e1u celebra la Selmana Europea del Deporte en 15 conceyos col focu puestu nel avieyamientu activu. Especialistes en sal\u00fa, nutrici\u00f3n y deporte van analizar los beneficios de l&#8217;activid\u00e1 f\u00edsica na vieyera nun foru en Vald\u00e9s. Cultura entama sesiones gratuites d&#8217;iniciaci\u00f3n al entrenamientu funcional que van percorrer el territoriu<strong> dende ma\u00f1ana y hasta el 27 de setiembre.<\/strong><\/p>\n<p><!--more-->La Conseyer\u00eda de Cultura, Pol\u00edtica Lling\u00fc\u00edstica y Deporte entam\u00f3 un ampliu programa d&#8217;actividaes en 15 conceyos asturianos por cuenta de la Selmana Europea del Deporte, que se va celebrar dende ma\u00f1ana y hasta el 27 de setiembre. <strong>Los conceyos son: Vald\u00e9s, Santo Adriano, Ribedeva, Cuideiru, Casu, Villaviciosa, Balmonte, Carre\u00f1o, Cabrales, Tapia de Casariego, Salas, Pilo\u00f1a, Castropol, Yernes y Tameza, y Ribesella.<\/strong><\/p>\n<p style=\"text-align: center\"><a href=\"https:\/\/actualidad.asturias.es\/documents\/537115\/2821520\/Cartel+Foro+23_09_2025.png\/aedfdfbc-23f0-cd78-b0da-5f00b8291c08?t=1758541356224\"><img loading=\"lazy\" decoding=\"async\" class=\"aligncenter size-large\" src=\"https:\/\/actualidad.asturias.es\/documents\/537115\/2821520\/Cartel+Foro+23_09_2025.png\/aedfdfbc-23f0-cd78-b0da-5f00b8291c08?t=1758541356224\" width=\"1080\" height=\"1350\" \/><\/a><\/p>\n<p>La programaci\u00f3n empecipiar\u00e1 ma\u00f1ana na casa de cultura de Vald\u00e9s, con un Foru sobro Avieyamientu Activu que va axuntar a especialistes en sal\u00fa, nutrici\u00f3n y activid\u00e1 f\u00edsica que van cavilgar sobro la importancia de la pr\u00e1ctica deportiva y los vezos saludables pa llograr una vieyera m\u00e1s plena y aut\u00f3noma.<\/p>\n<p>Am\u00e1s, el calendariu incl\u00fai una <strong>activid\u00e1 diaria d&#8217;iniciaci\u00f3n al entrenamientu funcional, dirixida especialmente a persones mayores de 55 a\u00f1os.<\/strong> Esta iniciativa, que tien calter gratuitu y abiertu por aciu inscripci\u00f3n, ta entamada en collaboraci\u00f3n col Colexu Oficial de Llicenciaos en Ciencies de l&#8217;Activid\u00e1 F\u00edsica y el Deporte d&#8217;Asturies (COLEF Asturies), y tien como oxetivu estender por tol territoriu&#8217;l vezu de la vida activa como ferramienta fundamental pa un avieyamientu saludable.<\/p>\n<p>Toa esta programaci\u00f3n enm\u00e1rcase dientro del <span style=\"color: #008080\"><strong>proyectu ADN Asturies, Deporte y Naturaleza<\/strong><\/span>, la iniciativa que sofita la designaci\u00f3n del Princip\u00e1u como Rex\u00f3n Europea del Deporte 2025.<\/p>\n<p style=\"text-align: center\"><img loading=\"lazy\" decoding=\"async\" class=\"alignnone size-large\" src=\"https:\/\/actualidad.asturias.es\/documents\/537115\/2821520\/Cartel+Semana+Europea+del+Deporte+%281%29.png\/f5135b5c-b14b-3a37-486c-5bedbd5d4c4a?t=1758541356148\" width=\"1080\" height=\"1350\" \/><\/p>\n<p><strong>Meses redondes.\u00a0<\/strong>La xornada articulase en dos meses redondes complementaries que van dexar encetar l&#8217;avieyamientu dende distintes perspectives:<\/p>\n<ul>\n<li><strong>Mesa redonda 1.<\/strong> La importancia de llegar activos a la vieyera. Espaciu d&#8217;alderique sobro los beneficios de l&#8217;activid\u00e1 f\u00edsica pa caltener la sal\u00fa y l&#8217;autonom\u00eda personal. Van Participar Enrique Rodr\u00edguez Nu\u00f1o, director xeneral de Promoci\u00f3n de l&#8217;Autonom\u00eda Personal y Mayores; Beatriz Ramos, terapeuta ocupacional especialista en xeriatr\u00eda, y Diego Garc\u00eda, psic\u00f3logu xeneral sanitariu y presidente de l&#8217;Asociaci\u00f3n de Psic\u00f3logos Deportivos d&#8217;Asturies. Modera la periodista Ana Mar\u00eda Serrano Garc\u00eda.<\/li>\n<li><strong>Mesa redonda 2<\/strong>: La importancia de la microbiota y los cuidos na alimentaci\u00f3n pensando na vieyera. Una reflex\u00f3n sobro la relaci\u00f3n ente nutrici\u00f3n y avieyamientu saludable cola intervenci\u00f3n de Mar\u00eda Antonia Rodr\u00edguez, nutricionista y fundadora de Nutrici\u00f3n Rural; Miguel Gueimonde, investigador cient\u00edficu del CSIC; y Javier Fern\u00e1ndez, profesor de microbiolox\u00eda y espertu en microbiota de la Universid\u00e1 d&#8217;Uvi\u00e9u. La mesa va tar moderada pola periodista Mar\u00eda Rendueles.<\/li>\n<\/ul>\n<p>&nbsp;<\/p>\n","protected":false},"excerpt":{"rendered":"<p>Actualid\u00e1 \/ El Princip\u00e1u celebra la Selmana Europea del Deporte en 15 conceyos col focu puestu nel avieyamientu activu. Especialistes en sal\u00fa, nutrici\u00f3n y deporte van analizar los beneficios de l&#8217;activid\u00e1 f\u00edsica na vieyera nun foru en Vald\u00e9s. Cultura entama sesiones gratuites d&#8217;iniciaci\u00f3n al entrenamientu funcional que van percorrer el territoriu dende ma\u00f1ana y hasta [&hellip;]<\/p>\n","protected":false},"author":117,"featured_media":0,"comment_status":"closed","ping_status":"open","sticky":false,"template":"","format":"standard","meta":{"footnotes":""},"categories":[133,144],"tags":[],"class_list":["post-58452","post","type-post","status-publish","format-standard","hentry","category-deportes","category-semana-de"],"_links":{"self":[{"href":"https:\/\/edublog.educastur.es\/ixuxu\/wp-json\/wp\/v2\/posts\/58452","targetHints":{"allow":["GET"]}}],"collection":[{"href":"https:\/\/edublog.educastur.es\/ixuxu\/wp-json\/wp\/v2\/posts"}],"about":[{"href":"https:\/\/edublog.educastur.es\/ixuxu\/wp-json\/wp\/v2\/types\/post"}],"author":[{"embeddable":true,"href":"https:\/\/edublog.educastur.es\/ixuxu\/wp-json\/wp\/v2\/users\/117"}],"replies":[{"embeddable":true,"href":"https:\/\/edublog.educastur.es\/ixuxu\/wp-json\/wp\/v2\/comments?post=58452"}],"version-history":[{"count":3,"href":"https:\/\/edublog.educastur.es\/ixuxu\/wp-json\/wp\/v2\/posts\/58452\/revisions"}],"predecessor-version":[{"id":58455,"href":"https:\/\/edublog.educastur.es\/ixuxu\/wp-json\/wp\/v2\/posts\/58452\/revisions\/58455"}],"wp:attachment":[{"href":"https:\/\/edublog.educastur.es\/ixuxu\/wp-json\/wp\/v2\/media?parent=58452"}],"wp:term":[{"taxonomy":"category","embeddable":true,"href":"https:\/\/edublog.educastur.es\/ixuxu\/wp-json\/wp\/v2\/categories?post=58452"},{"taxonomy":"post_tag","embeddable":true,"href":"https:\/\/edublog.educastur.es\/ixuxu\/wp-json\/wp\/v2\/tags?post=58452"}],"curies":[{"name":"wp","href":"https:\/\/api.w.org\/{rel}","templated":true}]}}