{"id":58480,"date":"2025-09-23T19:18:00","date_gmt":"2025-09-23T17:18:00","guid":{"rendered":"https:\/\/edublog.educastur.es\/ixuxu\/?p=58480"},"modified":"2025-09-23T19:18:19","modified_gmt":"2025-09-23T17:18:19","slug":"el-palaciu-de-los-deportes-epicentru-de-la-selmana-europea-del-deporte-2025","status":"publish","type":"post","link":"https:\/\/edublog.educastur.es\/ixuxu\/2025\/09\/el-palaciu-de-los-deportes-epicentru-de-la-selmana-europea-del-deporte-2025\/","title":{"rendered":"El Palaciu de los Deportes, epicentru de la Selmana Europea del Deporte 2025"},"content":{"rendered":"<p style=\"text-align: center\">\n<!-- iframe plugin v.6.0 wordpress.org\/plugins\/iframe\/ -->\n<iframe loading=\"lazy\" width=\"560\" height=\"315\" src=\"https:\/\/www.youtube.com\/embed\/Hp1_piPypls\" title=\"Oviedo Capital Europea del Deporte 2026\" frameborder=\"0\" allow=\"accelerometer; autoplay; clipboard-write; encrypted-media; gyroscope; picture-in-picture; web-share\" referrerpolicy=\"strict-origin-when-cross-origin\" 0=\"allowfullscreen\" 1=\"\/iframe\" scrolling=\"yes\" class=\"iframe-class\"><\/iframe>\n<\/p>\n<p>El Palaciu de los Deportes, epicentru, esti domingu, de les actividaes por cuenta de la Selmana Europea del Deporte 2025. <a href=\"https:\/\/www.oviedo.es\/-\/el-palacio-de-los-deportes-epicentro-este-domingo-de-las-actividades-con-motivo-de-la-semana-europea-del-deporte-2025\">Noticia.<\/a>La conceyala de Deportes, Concepci\u00f3n M\u00e9ndez, acompa\u00f1ada del gaiteru Jos\u00e9 Manuel Fern\u00e1ndez Guti\u00e9rrez, \u201cGuti\u201d, ceador de la melod\u00eda del v\u00eddeu d&#8217;Uvi\u00e9u Ciud\u00e1 Europea del Deporte 2026 \u2013que se proxect\u00f3 na sala de prensa- y de Jos\u00e9 Ram\u00f3n Villa, coordinador de la \u00e1rea de Deportes cifr\u00f3 en m\u00e1s de 70 el n\u00famberu de clubes que van realizar actividaes deportives.<\/p>\n<p><!--more--><\/p>\n<p style=\"text-align: center\"><a href=\"https:\/\/www.oviedo.es\/documents\/25041\/2747252\/SEma+europea+del+deporte.jpeg\/ba005f62-85ef-4fe3-b456-ea88fee643c1?t=1758629580292&amp;imageThumbnail=3\"><img loading=\"lazy\" decoding=\"async\" class=\"aligncenter size-large\" src=\"https:\/\/www.oviedo.es\/documents\/25041\/2747252\/SEma+europea+del+deporte.jpeg\/ba005f62-85ef-4fe3-b456-ea88fee643c1?t=1758629580292&amp;imageThumbnail=3\" width=\"1000\" height=\"797\" \/><\/a><\/p>\n<p>La edil, acompa\u00f1ada del gaiteru Jos\u00e9 Manuel Fern\u00e1ndez Guti\u00e9rrez \u201cGuti\u201d, <strong>creador de la melod\u00eda del v\u00eddeu d&#8217;Uvi\u00e9u Ciud\u00e1 Europea del Deporte 2026<\/strong> \u2013que se proxect\u00f3 na sala de prensa- y de Jos\u00e9 Ram\u00f3n Villa, coordinador de la \u00e1rea de Deportes, destac\u00f3: \u201cYe tou un honor g\u00fcei para mi tar equ\u00ed, per quintu a\u00f1u consecutivu, para presentar les actividaes que vamos promover y realizar dende la Conceyal\u00eda de Deportes del Conceyu d&#8217;Uvi\u00e9u por cuenta de la celebraci\u00f3n de la Selmana Europea del Deporte que se celebra a partir de ma\u00f1ana hasta&#8217;l d\u00eda 30. La Selmana Europea del Deporte ye una iniciativa de la Comisi\u00f3n Europea que se celebra a\u00f1almente y<strong> dende fai 10 a\u00f1os coles mires de promover l&#8217;activid\u00e1 f\u00edsica y el deporte y la vida saludable en toa Europa<\/strong>. <strong>Ta dise\u00f1ada para fomentar l&#8217;activid\u00e1 f\u00edsica y resaltar la importancia de caltener un estilu de vida saludable al travi\u00e9s del deporte\u201d.<\/strong><\/p>\n<p>&nbsp;<\/p>\n<p>N&#8217;Uvi\u00e9u, sigui\u00f3 la edil, \u201ccreemos firmemente nos beneficios del deporte qu&#8217;apurre tantu a nivel f\u00edsicu como a nivel mental. Unu de los nuesos principales oxetivos ye fomentar la inclusi\u00f3n y la diversid\u00e1 nel deporte y ye por ello que va destinada les actividaes f\u00edsiques del Conceyu d&#8217;Uvi\u00e9u a toles franxes d&#8217;ed\u00e1 ensin llimitaci\u00f3n d&#8217;ed\u00e1, de x\u00e9neru o de condici\u00f3n f\u00edsica participando nel deporte cualquier persona del nuesu conceyu. Angua\u00f1o am\u00e1s la celebraci\u00f3n va tener un marcu incomparable, el Palaciu de los Deportes que se va a utilizar tantu&#8217;l pabell\u00f3n y el complexu aleda\u00f1o, les pistes deportives de tala forma que pueda acoyer a m\u00e1s deportistes que n&#8217;ediciones anteriores.<\/p>\n<p><strong>Va celebrase&#8217;l pr\u00f3ximu domingu 28 a partir de les 10 de la ma\u00f1ana nesti espaciu emblem\u00e1ticu<\/strong>, s\u00edmbolu de la nuesa ciud\u00e1 y qu&#8217;allug\u00f3 m\u00e1s de 50 a\u00f1os de l&#8217;activid\u00e1 deportiva del nuesu conceyu. Y esta edici\u00f3n am\u00e1s ye una edici\u00f3n bien especial non y\u00e1 porque se conmemoren los 10 a\u00f1os de la Selmana Europea del Deporte, una d\u00e9cada que se dio cita cola participaci\u00f3n ciudadana y el compromisu cola activid\u00e1 activa, sin\u00f3n am\u00e1s porque apocay\u00e1 fuimos designaos como Ciud\u00e1 Europea del Deporte nel a\u00f1u 2026, una reconocencia que nos va a sirvir pa siguir impulsando, creciendo y trabayando y favoreciendo el deporte, la sal\u00fa y l&#8217;inclusi\u00f3n. Gracies de coraz\u00f3n a tolos que t\u00e1is equ\u00ed, gracies a tolos medios que faen espardimientu de l&#8217;activid\u00e1 diaria del conceyu d&#8217;Uvi\u00e9u y sobremanera estimar al trabayu del personal de deportes, de los clubes deportivos d&#8217;esti conceyu y de tolos clubes qu&#8217;angua\u00f1o se van a sumar a la edici\u00f3n, m\u00e1s de 70. Convido por ello a tola ciudadan\u00eda a que s&#8217;avere&#8217;l pr\u00f3ximu d\u00eda 28\u201d.<\/p>\n<ul id=\"yui_patched_v3_11_0_1_1758647650162_514\" class=\"documents unstyled inline\">\n<li id=\"yui_patched_v3_11_0_1_1758647650162_513\" class=\"document-entry\"><a id=\"yui_patched_v3_11_0_1_1758647650162_512\" class=\"document document-pdf fa\" title=\"Descargar TORRE 1 SED 2025 PROGAMA.pdf\" href=\"https:\/\/www.oviedo.es\/documents\/25041\/2608432\/TORRE+1+SED+2025+PROGAMA.pdf\/52ccea23-c132-4ed8-b538-ea77e63da842\">\u00a0<span class=\"title\">TORRE 1 SED 2025 PROGAMA.pdf<\/span>\u00a0<span class=\"meta\">(<abbr class=\"ext\" title=\"extension\">pdf<\/abbr>\u00a01,4 MB )<\/span><\/a><\/li>\n<\/ul>\n<p>&nbsp;<\/p>\n<p>Villa detall\u00f3 que s&#8217;implementaron tr\u00e9s actividaes fundamentales. La primera, la presentaci\u00f3n de tolos clubes del conceyu, a los diez y cuartu de la ma\u00f1ana, dientro del Palaciu de los Deportes. Nesti casu va haber 72 modalidaes deportives y clubes deportivos otros 72. Una vegada que remate la presentaci\u00f3n de los clubes, van desenvolvese per una parte o de manera simult\u00e1nea, pero n&#8217;una zona, nel frontal del Palaciu de los Deportes, la promoci\u00f3n de les actividaes qu&#8217;hai n&#8217;Uvi\u00e9u, cola participaci\u00f3n 48 clubes. Y a lo \u00faltimo, de manera simult\u00e1nea, los stands y les actividaes deportives van tar actives dende les 11 de la ma\u00f1ana hasta les 14 y dende les 16 hasta les 18 hores de la tarde\u201d.<\/p>\n<p>Les actividaes deportives, esplic\u00f3, \u201c van realizase tanto dientro del Palaciu de los Deportes, nes distintes sales que davezu les realicen, como nel esterior y na piscina de Pumar\u00edn Teatinos onde se van llevar a cabu les actividaes d&#8217;agua. Nesti casu va haber 51 modalidaes deportives.<\/p>\n<p>&nbsp;<\/p>\n<p>\u201c Guti\u201d detall\u00f3 que, por cuenta de ser Ciud\u00e1 Europea del Deporte 2026 encargar \u201cque fixera xuna melod\u00eda que fuera acorde col deporte d&#8217;Uvi\u00e9u y lo que fixi foi componer una melod\u00eda que nos sos distintos partes lleva lo que ye l&#8217;entrenamientu, lo que ye la competici\u00f3n y lo que ye la resultancia, la victoria y yera imposible faer una melod\u00eda ensin meter gaita, evidentemente, porque lo llevo impl\u00edcitu nel mio ser, colo cual met\u00ed gaita dientro d&#8217;una composici\u00f3n sinf\u00f3nica y espero que vos guste\u201d.<\/p>\n","protected":false},"excerpt":{"rendered":"<p>El Palaciu de los Deportes, epicentru, esti domingu, de les actividaes por cuenta de la Selmana Europea del Deporte 2025. Noticia.La conceyala de Deportes, Concepci\u00f3n M\u00e9ndez, acompa\u00f1ada del gaiteru Jos\u00e9 Manuel Fern\u00e1ndez Guti\u00e9rrez, \u201cGuti\u201d, ceador de la melod\u00eda del v\u00eddeu d&#8217;Uvi\u00e9u Ciud\u00e1 Europea del Deporte 2026 \u2013que se proxect\u00f3 na sala de prensa- y de [&hellip;]<\/p>\n","protected":false},"author":117,"featured_media":0,"comment_status":"closed","ping_status":"open","sticky":false,"template":"","format":"standard","meta":{"footnotes":""},"categories":[133,144],"tags":[],"class_list":["post-58480","post","type-post","status-publish","format-standard","hentry","category-deportes","category-semana-de"],"_links":{"self":[{"href":"https:\/\/edublog.educastur.es\/ixuxu\/wp-json\/wp\/v2\/posts\/58480","targetHints":{"allow":["GET"]}}],"collection":[{"href":"https:\/\/edublog.educastur.es\/ixuxu\/wp-json\/wp\/v2\/posts"}],"about":[{"href":"https:\/\/edublog.educastur.es\/ixuxu\/wp-json\/wp\/v2\/types\/post"}],"author":[{"embeddable":true,"href":"https:\/\/edublog.educastur.es\/ixuxu\/wp-json\/wp\/v2\/users\/117"}],"replies":[{"embeddable":true,"href":"https:\/\/edublog.educastur.es\/ixuxu\/wp-json\/wp\/v2\/comments?post=58480"}],"version-history":[{"count":2,"href":"https:\/\/edublog.educastur.es\/ixuxu\/wp-json\/wp\/v2\/posts\/58480\/revisions"}],"predecessor-version":[{"id":58482,"href":"https:\/\/edublog.educastur.es\/ixuxu\/wp-json\/wp\/v2\/posts\/58480\/revisions\/58482"}],"wp:attachment":[{"href":"https:\/\/edublog.educastur.es\/ixuxu\/wp-json\/wp\/v2\/media?parent=58480"}],"wp:term":[{"taxonomy":"category","embeddable":true,"href":"https:\/\/edublog.educastur.es\/ixuxu\/wp-json\/wp\/v2\/categories?post=58480"},{"taxonomy":"post_tag","embeddable":true,"href":"https:\/\/edublog.educastur.es\/ixuxu\/wp-json\/wp\/v2\/tags?post=58480"}],"curies":[{"name":"wp","href":"https:\/\/api.w.org\/{rel}","templated":true}]}}