{"id":58483,"date":"2025-09-21T19:00:10","date_gmt":"2025-09-21T17:00:10","guid":{"rendered":"https:\/\/edublog.educastur.es\/ixuxu\/?p=58483"},"modified":"2025-09-23T22:40:13","modified_gmt":"2025-09-23T20:40:13","slug":"creacion-duna-asociacion-descritores-nasturianu-centru-pen-asturianu","status":"publish","type":"post","link":"https:\/\/edublog.educastur.es\/ixuxu\/2025\/09\/creacion-duna-asociacion-descritores-nasturianu-centru-pen-asturianu\/","title":{"rendered":"La asociaci\u00f3n mundial de escritores tendr\u00e1 una secci\u00f3n asturiana: \u00abCentru PEN Asturianu\u00bb"},"content":{"rendered":"<div class=\"xdj266r x14z9mp xat24cr x1lziwak x1vvkbs x126k92a\">\n<div dir=\"auto\" style=\"text-align: center\">\n<!-- iframe plugin v.6.0 wordpress.org\/plugins\/iframe\/ -->\n<iframe loading=\"lazy\" src=\"https:\/\/www.facebook.com\/plugins\/video.php?height=314&#038;href=https%3A%2F%2Fwww.facebook.com%2Finaciu%2Fvideos%2F1291473186117483%2F&#038;show_text=false&#038;width=560&#038;t=0\" width=\"560\" height=\"314\" style=\"border:none;overflow:hidden\" scrolling=\"no\" frameborder=\"0\" allowfullscreen=\"true\" allow=\"autoplay; clipboard-write; encrypted-media; picture-in-picture; web-share\" 0=\"\/iframe\" class=\"iframe-class\"><\/iframe>\n<\/div>\n<div dir=\"auto\"><\/div>\n<div dir=\"auto\">TPA Noticies recoy\u00eda esti vienres la xunta n\u2019Uvi\u00e9u del PEN Asturianu aspirante y la visita del directivu de PEN Internacional, <span class=\"html-span xdj266r x14z9mp xat24cr x1lziwak xexx8yu xyri2b x18d9i69 x1c1uobl x1hl2dhg x16tdsg8 x1vvkbs\"><a class=\"x1i10hfl xjbqb8w x1ejq31n x18oe1m7 x1sy0etr xstzfhl x972fbf x10w94by x1qhh985 x14e42zd x9f619 x1ypdohk xt0psk2 x3ct3a4 xdj266r x14z9mp xat24cr x1lziwak xexx8yu xyri2b x18d9i69 x1c1uobl x16tdsg8 x1hl2dhg xggy1nq x1a2a7pz xkrqix3 x1sur9pj x1fey0fg x1s688f\" role=\"link\" href=\"https:\/\/www.facebook.com\/gabriel.seisdedos.75?__cft__[0]=AZVH-ChY5Qxbk_ae55qnKajvC2TYQfjRoEONxfgpWfjXH6_fMPuo1IraM21az0oAasUloadoiERlT6Fn59hP42Bw49BDCE_edU8RhbRY7yNgLmctskIHMY1Ddd63hhe9AA_dJd9Cd6BCtYMFvcefS53e8GiREMPI6Lk0oVZOhs0Rf9zjnzvEZevJ668F_-wmiiL0EjSS5IDAHdSdfME2Tpxm&amp;__tn__=-]K-y-R\"><span class=\"xt0psk2\"><span class=\"xjp7ctv\">Gabriel Seisdedos<\/span><\/span><\/a><\/span>.Dempu\u00e9s de meses de trabayu organizativu na puesta en marcha del PEN Asturianu, <strong>asociaci\u00f3n d\u2019escritores qu\u2019aspira a integrase nel hest\u00f3ricu PEN Internacional<\/strong>, les xestiones t\u00e1n bien avanzaes. <a href=\"https:\/\/www.nortes.me\/2025\/09\/19\/la-asociacion-mundial-de-escritores-tendra-una-seccion-asturiana\"><strong>Nortes<\/strong><\/a><\/div>\n<div dir=\"auto\"><\/div>\n<\/div>\n<p><!--more--><\/p>\n<div class=\"x14z9mp xat24cr x1lziwak x1vvkbs xtlvy1s x126k92a\">\n<div dir=\"auto\">Esti vienres pas\u00e1u, la directiva de la organizaci\u00f3n, encabezada por <span class=\"html-span xdj266r x14z9mp xat24cr x1lziwak xexx8yu xyri2b x18d9i69 x1c1uobl x1hl2dhg x16tdsg8 x1vvkbs\"><a class=\"x1i10hfl xjbqb8w x1ejq31n x18oe1m7 x1sy0etr xstzfhl x972fbf x10w94by x1qhh985 x14e42zd x9f619 x1ypdohk xt0psk2 x3ct3a4 xdj266r x14z9mp xat24cr x1lziwak xexx8yu xyri2b x18d9i69 x1c1uobl x16tdsg8 x1hl2dhg xggy1nq x1a2a7pz xkrqix3 x1sur9pj x1fey0fg x1s688f\" role=\"link\" href=\"https:\/\/www.facebook.com\/berta.pinan?__cft__[0]=AZVH-ChY5Qxbk_ae55qnKajvC2TYQfjRoEONxfgpWfjXH6_fMPuo1IraM21az0oAasUloadoiERlT6Fn59hP42Bw49BDCE_edU8RhbRY7yNgLmctskIHMY1Ddd63hhe9AA_dJd9Cd6BCtYMFvcefS53e8GiREMPI6Lk0oVZOhs0Rf9zjnzvEZevJ668F_-wmiiL0EjSS5IDAHdSdfME2Tpxm&amp;__tn__=-]K-y-R\"><span class=\"xt0psk2\"><span class=\"xjp7ctv\">Berta Pi\u00f1\u00e1n<\/span><\/span><\/a><\/span>, recibi\u00f3 a Gabriel Seisdedos, director del PEN Arxentina y miembru de la direcci\u00f3n de PEN Internacional. L\u2019oxetivu d\u2019esti conceyu, celebr\u00e1u na <span class=\"html-span xdj266r x14z9mp xat24cr x1lziwak xexx8yu xyri2b x18d9i69 x1c1uobl x1hl2dhg x16tdsg8 x1vvkbs\"><a class=\"x1i10hfl xjbqb8w x1ejq31n x18oe1m7 x1sy0etr xstzfhl x972fbf x10w94by x1qhh985 x14e42zd x9f619 x1ypdohk xt0psk2 x3ct3a4 xdj266r x14z9mp xat24cr x1lziwak xexx8yu xyri2b x18d9i69 x1c1uobl x16tdsg8 x1hl2dhg xggy1nq x1a2a7pz xkrqix3 x1sur9pj x1fey0fg x1s688f\" role=\"link\" href=\"https:\/\/www.facebook.com\/profile.php?id=100057495556067&amp;__cft__[0]=AZVH-ChY5Qxbk_ae55qnKajvC2TYQfjRoEONxfgpWfjXH6_fMPuo1IraM21az0oAasUloadoiERlT6Fn59hP42Bw49BDCE_edU8RhbRY7yNgLmctskIHMY1Ddd63hhe9AA_dJd9Cd6BCtYMFvcefS53e8GiREMPI6Lk0oVZOhs0Rf9zjnzvEZevJ668F_-wmiiL0EjSS5IDAHdSdfME2Tpxm&amp;__tn__=-]K-y-R\"><span class=\"xt0psk2\"><span class=\"xjp7ctv\">Llibrer\u00eda Trabe<\/span><\/span><\/a><\/span> d\u2019Uvi\u00e9u, foi avanzar nos pasos pa la integraci\u00f3n como PEN oficial de la entid\u00e1, reconocida y\u00e1 nel \u00faltimu congresu de la orgainizaci\u00f3n internacional, esti mes de setiembre en Cracovia, como Pen \u00abaspirante\u00bb.<\/div>\n<div dir=\"auto\" style=\"text-align: center\"><a href=\"https:\/\/www.nortes.me\/wp-content\/uploads\/2025\/09\/image-158.png\"><img loading=\"lazy\" decoding=\"async\" class=\"aligncenter size-large\" src=\"https:\/\/www.nortes.me\/wp-content\/uploads\/2025\/09\/image-158.png\" width=\"1280\" height=\"853\" \/><\/a><\/div>\n<div dir=\"auto\"><\/div>\n<\/div>\n<div class=\"x14z9mp xat24cr x1lziwak x1vvkbs xtlvy1s x126k92a\">\n<div dir=\"auto\">En 2026, y tres siguir los distintos pasos necesarios, el <strong>PEN Asturianu sedr\u00e1 reconoc\u00edu como miembru de plenu derechu de la organizaci\u00f3n que tien alredor de 130 grupos d\u2019escritores<\/strong>, axuntaos por nacionalidaes o lling\u00fces seg\u00fan el casu, y alredor de 90.000 miembros nel mundu enteru.<\/div>\n<div dir=\"auto\"><\/div>\n<\/div>\n<div class=\"x14z9mp xat24cr x1lziwak x1vvkbs xtlvy1s x126k92a\">\n<div dir=\"auto\">Nel conceyu celebr\u00e1u esti vienres participaron la presidenta del PEN asturianu aspirante, Berta Pi\u00f1\u00e1n, la vicepresidenta <span class=\"html-span xdj266r x14z9mp xat24cr x1lziwak xexx8yu xyri2b x18d9i69 x1c1uobl x1hl2dhg x16tdsg8 x1vvkbs\"><a class=\"x1i10hfl xjbqb8w x1ejq31n x18oe1m7 x1sy0etr xstzfhl x972fbf x10w94by x1qhh985 x14e42zd x9f619 x1ypdohk xt0psk2 x3ct3a4 xdj266r x14z9mp xat24cr x1lziwak xexx8yu xyri2b x18d9i69 x1c1uobl x16tdsg8 x1hl2dhg xggy1nq x1a2a7pz xkrqix3 x1sur9pj x1fey0fg x1s688f\" role=\"link\" href=\"https:\/\/www.facebook.com\/consuelo.vegadiaz.3?__cft__[0]=AZVH-ChY5Qxbk_ae55qnKajvC2TYQfjRoEONxfgpWfjXH6_fMPuo1IraM21az0oAasUloadoiERlT6Fn59hP42Bw49BDCE_edU8RhbRY7yNgLmctskIHMY1Ddd63hhe9AA_dJd9Cd6BCtYMFvcefS53e8GiREMPI6Lk0oVZOhs0Rf9zjnzvEZevJ668F_-wmiiL0EjSS5IDAHdSdfME2Tpxm&amp;__tn__=-]K-y-R\"><span class=\"xt0psk2\"><span class=\"xjp7ctv\">Consuelo Vega D\u00edaz<\/span><\/span><\/a><\/span>, la secretaria Esther Prieto, y el vocal Inaciu Gal\u00e1n. Son tami\u00e9n directivos del PEN Asturianu, Henrique Facuriella (ayalgueru) y los vocales <span class=\"html-span xdj266r x14z9mp xat24cr x1lziwak xexx8yu xyri2b x18d9i69 x1c1uobl x1hl2dhg x16tdsg8 x1vvkbs\"><a class=\"x1i10hfl xjbqb8w x1ejq31n x18oe1m7 x1sy0etr xstzfhl x972fbf x10w94by x1qhh985 x14e42zd x9f619 x1ypdohk xt0psk2 x3ct3a4 xdj266r x14z9mp xat24cr x1lziwak xexx8yu xyri2b x18d9i69 x1c1uobl x16tdsg8 x1hl2dhg xggy1nq x1a2a7pz xkrqix3 x1sur9pj x1fey0fg x1s688f\" role=\"link\" href=\"https:\/\/www.facebook.com\/sofia.castanon.7?__cft__[0]=AZVH-ChY5Qxbk_ae55qnKajvC2TYQfjRoEONxfgpWfjXH6_fMPuo1IraM21az0oAasUloadoiERlT6Fn59hP42Bw49BDCE_edU8RhbRY7yNgLmctskIHMY1Ddd63hhe9AA_dJd9Cd6BCtYMFvcefS53e8GiREMPI6Lk0oVZOhs0Rf9zjnzvEZevJ668F_-wmiiL0EjSS5IDAHdSdfME2Tpxm&amp;__tn__=-]K-y-R\"><span class=\"xt0psk2\"><span class=\"xjp7ctv\">Sof\u00eda Casta\u00f1\u00f3n<\/span><\/span><\/a><\/span>, <span class=\"html-span xdj266r x14z9mp xat24cr x1lziwak xexx8yu xyri2b x18d9i69 x1c1uobl x1hl2dhg x16tdsg8 x1vvkbs\"><a class=\"x1i10hfl xjbqb8w x1ejq31n x18oe1m7 x1sy0etr xstzfhl x972fbf x10w94by x1qhh985 x14e42zd x9f619 x1ypdohk xt0psk2 x3ct3a4 xdj266r x14z9mp xat24cr x1lziwak xexx8yu xyri2b x18d9i69 x1c1uobl x16tdsg8 x1hl2dhg xggy1nq x1a2a7pz xkrqix3 x1sur9pj x1fey0fg x1s688f\" role=\"link\" href=\"https:\/\/www.facebook.com\/marta.moridearriba?__cft__[0]=AZVH-ChY5Qxbk_ae55qnKajvC2TYQfjRoEONxfgpWfjXH6_fMPuo1IraM21az0oAasUloadoiERlT6Fn59hP42Bw49BDCE_edU8RhbRY7yNgLmctskIHMY1Ddd63hhe9AA_dJd9Cd6BCtYMFvcefS53e8GiREMPI6Lk0oVZOhs0Rf9zjnzvEZevJ668F_-wmiiL0EjSS5IDAHdSdfME2Tpxm&amp;__tn__=-]K-y-R\"><span class=\"xt0psk2\"><span class=\"xjp7ctv\">Marta Mori de Arriba<\/span><\/span><\/a><\/span>, <span class=\"html-span xdj266r x14z9mp xat24cr x1lziwak xexx8yu xyri2b x18d9i69 x1c1uobl x1hl2dhg x16tdsg8 x1vvkbs\"><a class=\"x1i10hfl xjbqb8w x1ejq31n x18oe1m7 x1sy0etr xstzfhl x972fbf x10w94by x1qhh985 x14e42zd x9f619 x1ypdohk xt0psk2 x3ct3a4 xdj266r x14z9mp xat24cr x1lziwak xexx8yu xyri2b x18d9i69 x1c1uobl x16tdsg8 x1hl2dhg xggy1nq x1a2a7pz xkrqix3 x1sur9pj x1fey0fg x1s688f\" role=\"link\" href=\"https:\/\/www.facebook.com\/jaime.martinezmenendez?__cft__[0]=AZVH-ChY5Qxbk_ae55qnKajvC2TYQfjRoEONxfgpWfjXH6_fMPuo1IraM21az0oAasUloadoiERlT6Fn59hP42Bw49BDCE_edU8RhbRY7yNgLmctskIHMY1Ddd63hhe9AA_dJd9Cd6BCtYMFvcefS53e8GiREMPI6Lk0oVZOhs0Rf9zjnzvEZevJ668F_-wmiiL0EjSS5IDAHdSdfME2Tpxm&amp;__tn__=-]K-y-R\"><span class=\"xt0psk2\"><span class=\"xjp7ctv\">Xaime Mart\u00ednez Men\u00e9ndez<\/span><\/span><\/a><\/span> y <span class=\"html-span xdj266r x14z9mp xat24cr x1lziwak xexx8yu xyri2b x18d9i69 x1c1uobl x1hl2dhg x16tdsg8 x1vvkbs\"><a class=\"x1i10hfl xjbqb8w x1ejq31n x18oe1m7 x1sy0etr xstzfhl x972fbf x10w94by x1qhh985 x14e42zd x9f619 x1ypdohk xt0psk2 x3ct3a4 xdj266r x14z9mp xat24cr x1lziwak xexx8yu xyri2b x18d9i69 x1c1uobl x16tdsg8 x1hl2dhg xggy1nq x1a2a7pz xkrqix3 x1sur9pj x1fey0fg x1s688f\" role=\"link\" href=\"https:\/\/www.facebook.com\/laura.marcos.146?__cft__[0]=AZVH-ChY5Qxbk_ae55qnKajvC2TYQfjRoEONxfgpWfjXH6_fMPuo1IraM21az0oAasUloadoiERlT6Fn59hP42Bw49BDCE_edU8RhbRY7yNgLmctskIHMY1Ddd63hhe9AA_dJd9Cd6BCtYMFvcefS53e8GiREMPI6Lk0oVZOhs0Rf9zjnzvEZevJ668F_-wmiiL0EjSS5IDAHdSdfME2Tpxm&amp;__tn__=-]K-y-R\"><span class=\"xt0psk2\"><span class=\"xjp7ctv\">Laura Marcos<\/span><\/span><\/a><\/span>.<\/div>\n<div dir=\"auto\"><\/div>\n<\/div>\n<div class=\"x14z9mp xat24cr x1lziwak x1vvkbs xtlvy1s x126k92a\">\n<div dir=\"auto\">La entid\u00e1, fundada xunto a otra docena m\u00e1s d\u2019escritores, <strong>prev\u00e9 abrir inscripciones a otros escritores n\u2019asturianu<\/strong> a lo llargo de los pr\u00f3ximos meses y participar de les actividaes del PEN Internacional, asina como abrir v\u00edes de trabayu n\u2019Asturies pa la difusi\u00f3n de la lliteratura, la defensa de los derechos humanos y la diversid\u00e1 lling\u00fc\u00edstica.<\/div>\n<div dir=\"auto\"><\/div>\n<\/div>\n<div class=\"x14z9mp xat24cr x1lziwak x1vvkbs xtlvy1s x126k92a\">\n<div dir=\"auto\">PEN International fund\u00f3se en Londres, Reinu Xun\u00edu, en 1921, a cencielles como PEN y nel periodu ente guerres, buscando afalar la paz mundial y la llibert\u00e1 d\u2019espresi\u00f3n. G\u00fcei opera en m\u00e1s de 90 pa\u00edses de los cinco continentes, con alredor de 130 centros que sofiten la tresmisi\u00f3n ensin torgues del pensamientu dientro de cada naci\u00f3n y ente toles naciones.<\/div>\n<div dir=\"auto\"><\/div>\n<div dir=\"auto\"><strong>N&#8217;Espa\u00f1a&#8217;l PEN esiste de 1921.<\/strong> En 1922 constituy\u00f3se&#8217;l PEN catal\u00e1n. Darr\u00e9u form\u00e1ronse les sos ca\u00f1es vasca y gallega. La particularid\u00e1 de la secci\u00f3n asturiana tar\u00eda en ser la primera que la so llingua nun ye oficial. Berta Pi\u00f1\u00e1n, presidenta de l&#8217;asociaci\u00f3n asturiana, destaca qu&#8217;ente los fines de l&#8217;asociaci\u00f3n internacional ta la <strong>llucha pola reconocencia de tolos derechos lling\u00fc\u00edsticos, seg\u00fan la llibert\u00e1 d&#8217;espresi\u00f3n y l&#8217;iguald\u00e1 de x\u00e9neru.<\/strong><\/div>\n<div dir=\"auto\"><\/div>\n<\/div>\n<div class=\"x14z9mp xat24cr x1lziwak x1vvkbs xtlvy1s x126k92a\">\n<div dir=\"auto\">Nel est\u00e1u t\u00e1n activos nesti momentu un PEN Espa\u00f1a, recuper\u00e1u reci\u00e9n tres un par\u00f3n de dellos a\u00f1os, el PEN Catal\u00e0 <span class=\"html-span xdj266r x14z9mp xat24cr x1lziwak xexx8yu xyri2b x18d9i69 x1c1uobl x1hl2dhg x16tdsg8 x1vvkbs\"><a class=\"x1i10hfl xjbqb8w x1ejq31n x18oe1m7 x1sy0etr xstzfhl x972fbf x10w94by x1qhh985 x14e42zd x9f619 x1ypdohk xt0psk2 x3ct3a4 xdj266r x14z9mp xat24cr x1lziwak xexx8yu xyri2b x18d9i69 x1c1uobl x16tdsg8 x1hl2dhg xggy1nq x1a2a7pz xkrqix3 x1sur9pj x1fey0fg x1s688f\" role=\"link\" href=\"https:\/\/www.facebook.com\/PENCatala?__cft__[0]=AZVH-ChY5Qxbk_ae55qnKajvC2TYQfjRoEONxfgpWfjXH6_fMPuo1IraM21az0oAasUloadoiERlT6Fn59hP42Bw49BDCE_edU8RhbRY7yNgLmctskIHMY1Ddd63hhe9AA_dJd9Cd6BCtYMFvcefS53e8GiREMPI6Lk0oVZOhs0Rf9zjnzvEZevJ668F_-wmiiL0EjSS5IDAHdSdfME2Tpxm&amp;__tn__=-]K-y-R\"><span class=\"xt0psk2\"><span class=\"xjp7ctv\">PEN Catal\u00e0<\/span><\/span><\/a><\/span> l\u2019<span class=\"html-span xdj266r x14z9mp xat24cr x1lziwak xexx8yu xyri2b x18d9i69 x1c1uobl x1hl2dhg x16tdsg8 x1vvkbs\"><a class=\"x1i10hfl xjbqb8w x1ejq31n x18oe1m7 x1sy0etr xstzfhl x972fbf x10w94by x1qhh985 x14e42zd x9f619 x1ypdohk xt0psk2 x3ct3a4 xdj266r x14z9mp xat24cr x1lziwak xexx8yu xyri2b x18d9i69 x1c1uobl x16tdsg8 x1hl2dhg xggy1nq x1a2a7pz xkrqix3 x1sur9pj x1fey0fg x1s688f\" role=\"link\" href=\"https:\/\/www.facebook.com\/euskalpen?__cft__[0]=AZVH-ChY5Qxbk_ae55qnKajvC2TYQfjRoEONxfgpWfjXH6_fMPuo1IraM21az0oAasUloadoiERlT6Fn59hP42Bw49BDCE_edU8RhbRY7yNgLmctskIHMY1Ddd63hhe9AA_dJd9Cd6BCtYMFvcefS53e8GiREMPI6Lk0oVZOhs0Rf9zjnzvEZevJ668F_-wmiiL0EjSS5IDAHdSdfME2Tpxm&amp;__tn__=-]K-y-R\"><span class=\"xt0psk2\"><span class=\"xjp7ctv\">Euskal Pen Kluba<\/span><\/span><\/a><\/span>. L\u2019asturianu va incorporase asina a un nuevu espaciu d\u2019equiparaci\u00f3n col restu de les lling\u00fces del est\u00e1u.<\/div>\n<\/div>\n","protected":false},"excerpt":{"rendered":"<p>TPA Noticies recoy\u00eda esti vienres la xunta n\u2019Uvi\u00e9u del PEN Asturianu aspirante y la visita del directivu de PEN Internacional, Gabriel Seisdedos.Dempu\u00e9s de meses de trabayu organizativu na puesta en marcha del PEN Asturianu, asociaci\u00f3n d\u2019escritores qu\u2019aspira a integrase nel hest\u00f3ricu PEN Internacional, les xestiones t\u00e1n bien avanzaes. Nortes<\/p>\n","protected":false},"author":117,"featured_media":0,"comment_status":"closed","ping_status":"open","sticky":false,"template":"","format":"standard","meta":{"footnotes":""},"categories":[53,32,322],"tags":[],"class_list":["post-58483","post","type-post","status-publish","format-standard","hentry","category-asociaciones","category-escritores","category-inaciu-galan"],"_links":{"self":[{"href":"https:\/\/edublog.educastur.es\/ixuxu\/wp-json\/wp\/v2\/posts\/58483","targetHints":{"allow":["GET"]}}],"collection":[{"href":"https:\/\/edublog.educastur.es\/ixuxu\/wp-json\/wp\/v2\/posts"}],"about":[{"href":"https:\/\/edublog.educastur.es\/ixuxu\/wp-json\/wp\/v2\/types\/post"}],"author":[{"embeddable":true,"href":"https:\/\/edublog.educastur.es\/ixuxu\/wp-json\/wp\/v2\/users\/117"}],"replies":[{"embeddable":true,"href":"https:\/\/edublog.educastur.es\/ixuxu\/wp-json\/wp\/v2\/comments?post=58483"}],"version-history":[{"count":4,"href":"https:\/\/edublog.educastur.es\/ixuxu\/wp-json\/wp\/v2\/posts\/58483\/revisions"}],"predecessor-version":[{"id":58496,"href":"https:\/\/edublog.educastur.es\/ixuxu\/wp-json\/wp\/v2\/posts\/58483\/revisions\/58496"}],"wp:attachment":[{"href":"https:\/\/edublog.educastur.es\/ixuxu\/wp-json\/wp\/v2\/media?parent=58483"}],"wp:term":[{"taxonomy":"category","embeddable":true,"href":"https:\/\/edublog.educastur.es\/ixuxu\/wp-json\/wp\/v2\/categories?post=58483"},{"taxonomy":"post_tag","embeddable":true,"href":"https:\/\/edublog.educastur.es\/ixuxu\/wp-json\/wp\/v2\/tags?post=58483"}],"curies":[{"name":"wp","href":"https:\/\/api.w.org\/{rel}","templated":true}]}}