{"id":58497,"date":"2025-09-23T19:00:53","date_gmt":"2025-09-23T17:00:53","guid":{"rendered":"https:\/\/edublog.educastur.es\/ixuxu\/?p=58497"},"modified":"2025-09-23T22:47:56","modified_gmt":"2025-09-23T20:47:56","slug":"curiao-colos-mensaxes-dodiu-en-redes","status":"publish","type":"post","link":"https:\/\/edublog.educastur.es\/ixuxu\/2025\/09\/curiao-colos-mensaxes-dodiu-en-redes\/","title":{"rendered":"Curiao colos mensaxes d&#8217;odiu en redes"},"content":{"rendered":"<div class=\"padding-t-35\">\n<ul>\n<li class=\"font-size-xxl margin-b-5 font-weight-b color-b-050 letter-spacing--1 fuente-corporativa\"><a style=\"font-size: 16px\" href=\"https:\/\/www.rtpa.es\/noticias-nacional-ast\/2025-09-22\/El-65-de-los-mensaxes-d'odiu-denunciaos-en-redes-en-2024-nunca-fueron-quitaos_111758565087.html\"><span class=\"display-ib padding-4 padding-l-12 padding-r-12 border-radius-4 bg-c-secondary color-w-090 a-contrast font-size-xs ellipsis\">N&#8217;asturianu: El 65% de los mensaxes d&#8217;odiu denunciaos en redes en 2024 nunca fueron quitaos<\/span><\/a><\/li>\n<\/ul>\n<\/div>\n<div id=\"area_imagen_ac\"><\/div>\n<div id=\"multimedia\" class=\"capa_imagen_player img-det-not\">\n<div id=\"mediaplayer\">\n<div id=\"video-a-reproducir6700758450\" class=\"video-js vjs-default-skin vjs-16-9 vjs-big-play-centered vjs-paused vjs-fluid video-a-reproducir6700758450-dimensions vjs-controls-enabled vjs-workinghover vjs-v8 vjs-user-active vjs-layout-medium vjs-hls-quality-selector\" lang=\"es\" role=\"region\" aria-label=\"Reproductor de Video\">\n<div class=\"vjs-poster\"><img decoding=\"async\" class=\"aligncenter\" src=\"https:\/\/www.rtpa.es\/fotos\/\/25\/09\/20250922201906_RTPA7138203.webp\" alt=\"\" \/><\/div>\n<div class=\"vjs-text-track-display\" aria-live=\"off\"><\/div>\n<\/div>\n<\/div>\n<\/div>\n<div id=\"noticiacompleta\" class=\"parragraph-padding font-c-conent\">\n<div id=\"contenedor-center1\" class=\"container text-align-c padding-t-20 padding-b-30 hidden-md-down\" aria-hidden=\"true\">\n<div id=\"div-rtpa-center1\" data-google-query-id=\"COiDiPze748DFUknBgAdsVohRg\">El Gobiernu y les plataformes van trabayar pa meyorar la detecci\u00f3n. <strong>El documentu destaca la necesid\u00e1 d&#8217;un enfoque integral que combine lexislaci\u00f3n, cooperaci\u00f3n institucional, tecnolox\u00eda y sensibilizaci\u00f3n para combatir la hostilid\u00e1 en ll\u00ednea y fomentar una convivencia respetuosa ya inclusiva.<\/strong><\/div>\n<\/div>\n<p><!--more--><\/p>\n<p>El 65% de los mensaxes d&#8217;odiu que&#8217;l Gobiernu report\u00f3 al travi\u00e9s del so <a href=\"http:\/\/www.inclusion.gob.es\/web\/oberaxe\"><strong>Observatoriu Espa\u00f1ol del Racismu y la Xenofobia (Oberaxe)<\/strong> <\/a>en 2024 nunca fueron quitaos y solo\u2019l 4% de los que s\u00ed fueron borraos desapaecieron nes primeres 24 hores d&#8217;esposici\u00f3n, un periodu clave pa frenar la so viralizaci\u00f3n y menguar l&#8217;impactu del discursu.<\/p>\n<p style=\"text-align: center\"><a href=\"https:\/\/www.inclusion.gob.es\/documents\/d\/oberaxe\/nuevo-logo-oberaxe-svg\"><img loading=\"lazy\" decoding=\"async\" class=\"aligncenter size-large\" src=\"https:\/\/www.inclusion.gob.es\/documents\/d\/oberaxe\/nuevo-logo-oberaxe-svg\" width=\"481\" height=\"325\" \/><\/a><\/p>\n<p>Son datos del informe a\u00f1al del Oberaxe relativu a 2024, dau a conocer esti martes tres la primer xunta del grupu de trabayu de la ministra d&#8217;Inclusi\u00f3n, Segurid\u00e1 Social y Migraciones, Elma Saiz, con representantes de Meta, YouTube y TikTok <strong>pa combatir los mensaxes d&#8217;odiu, racistes y xen\u00f3fobos nes redes sociales.<\/strong><\/p>\n<p>Seg\u00fan esti informe, el Gobiernu detect\u00f3 2.870 <strong>conten\u00edos consideraos como discursu d&#8217;odiu racista, xen\u00f3fobu, antisemita, antixitanu o islam\u00f3fobu en 2024<\/strong>, de los que solo fueron quitaos un 35%, una tasa \u00abinsuficiente\u00bb teniendo en cuenta que\u2019l 96% infrinxe les normes de les plataformes.<\/p>\n<p style=\"text-align: center\"><a href=\"https:\/\/www.inclusion.gob.es\/documents\/6602794\/0\/Portada+Informe+2024-1.jpg\/01c6f064-2339-64c2-d213-9c0526c4ea59?t=1758098110917\"><img loading=\"lazy\" decoding=\"async\" class=\"aligncenter \" src=\"https:\/\/www.inclusion.gob.es\/documents\/6602794\/0\/Portada+Informe+2024-1.jpg\/01c6f064-2339-64c2-d213-9c0526c4ea59?t=1758098110917\" width=\"447\" height=\"632\" \/><\/a><\/p>\n<ul>\n<li><a href=\"https:\/\/www.inclusion.gob.es\/web\/oberaxe\/w\/boletin-de-monitorizacion-de-discurso-de-odio-en-redes-sociales-2024\">https:\/\/www.inclusion.gob.es\/web\/oberaxe\/w\/boletin-de-monitorizacion-de-discurso-de-odio-en-redes-sociales-2024<\/a><\/li>\n<li>Autor: <a href=\"https:\/\/www.inclusion.gob.es\/web\/oberaxe\/w\/boletin-de-monitorizacion-de-discurso-de-odio-en-redes-sociales-2024\" data-insuit-uuid=\"3f16cb02-643f-4af7-8073-40f9b23625a9\">Observatorio Espa\u00f1ol del Racismo y la Xenofobia<\/a><\/li>\n<li>Descarga: <a class=\"m-link_text m-link__document--pdf\" href=\"https:\/\/www.inclusion.gob.es\/documents\/6602794\/7031492\/Monitorizacion-discurso-del-odio_2024_def+acc.pdf\/312a720a-2fbd-5247-0fd0-3bd3a2fc8ed4?t=1758535468956\" data-insuit-uuid=\"3871bdfa-6c28-4fea-8fd5-8b6c32b0ca0c\">DOCUMENTO<\/a><\/li>\n<li>Otres versiones del documentu: <a class=\"m-link_text m-link__document--pdf\" href=\"https:\/\/www.inclusion.gob.es\/documents\/6602794\/7031492\/Monitorizacion-discurso-del-odio_2024_EN+%281%29.pdf\/c97a9449-76a2-feb0-72e0-d61b57da57a6?t=1758280210249\" data-insuit-uuid=\"734e946b-ee69-4403-a9da-e9ddc389cca4\">Annual Report on Hate Speech Monitoring on Social Networking Site 2024<\/a><\/li>\n<\/ul>\n<\/div>\n","protected":false},"excerpt":{"rendered":"<p>N&#8217;asturianu: El 65% de los mensaxes d&#8217;odiu denunciaos en redes en 2024 nunca fueron quitaos El Gobiernu y les plataformes van trabayar pa meyorar la detecci\u00f3n. El documentu destaca la necesid\u00e1 d&#8217;un enfoque integral que combine lexislaci\u00f3n, cooperaci\u00f3n institucional, tecnolox\u00eda y sensibilizaci\u00f3n para combatir la hostilid\u00e1 en ll\u00ednea y fomentar una convivencia respetuosa ya inclusiva.<\/p>\n","protected":false},"author":117,"featured_media":0,"comment_status":"closed","ping_status":"open","sticky":false,"template":"","format":"standard","meta":{"footnotes":""},"categories":[1],"tags":[],"class_list":["post-58497","post","type-post","status-publish","format-standard","hentry","category-sin-categoria"],"_links":{"self":[{"href":"https:\/\/edublog.educastur.es\/ixuxu\/wp-json\/wp\/v2\/posts\/58497","targetHints":{"allow":["GET"]}}],"collection":[{"href":"https:\/\/edublog.educastur.es\/ixuxu\/wp-json\/wp\/v2\/posts"}],"about":[{"href":"https:\/\/edublog.educastur.es\/ixuxu\/wp-json\/wp\/v2\/types\/post"}],"author":[{"embeddable":true,"href":"https:\/\/edublog.educastur.es\/ixuxu\/wp-json\/wp\/v2\/users\/117"}],"replies":[{"embeddable":true,"href":"https:\/\/edublog.educastur.es\/ixuxu\/wp-json\/wp\/v2\/comments?post=58497"}],"version-history":[{"count":4,"href":"https:\/\/edublog.educastur.es\/ixuxu\/wp-json\/wp\/v2\/posts\/58497\/revisions"}],"predecessor-version":[{"id":58501,"href":"https:\/\/edublog.educastur.es\/ixuxu\/wp-json\/wp\/v2\/posts\/58497\/revisions\/58501"}],"wp:attachment":[{"href":"https:\/\/edublog.educastur.es\/ixuxu\/wp-json\/wp\/v2\/media?parent=58497"}],"wp:term":[{"taxonomy":"category","embeddable":true,"href":"https:\/\/edublog.educastur.es\/ixuxu\/wp-json\/wp\/v2\/categories?post=58497"},{"taxonomy":"post_tag","embeddable":true,"href":"https:\/\/edublog.educastur.es\/ixuxu\/wp-json\/wp\/v2\/tags?post=58497"}],"curies":[{"name":"wp","href":"https:\/\/api.w.org\/{rel}","templated":true}]}}