{"id":58503,"date":"2025-09-24T08:30:40","date_gmt":"2025-09-24T06:30:40","guid":{"rendered":"https:\/\/edublog.educastur.es\/ixuxu\/?p=58503"},"modified":"2025-09-23T22:57:01","modified_gmt":"2025-09-23T20:57:01","slug":"el-tiempu-el-comercio-146","status":"publish","type":"post","link":"https:\/\/edublog.educastur.es\/ixuxu\/2025\/09\/el-tiempu-el-comercio-146\/","title":{"rendered":"El tiempu (El Comercio)"},"content":{"rendered":"<p>Mientres estos pr\u00f3ximos d\u00edes vamos tar so l&#8217;acci\u00f3n de les altes presiones. Esti mi\u00e9rcoles prevense intervalos de nubes altes <strong>pela ma\u00f1ana<\/strong> a lo sumo y cielos m\u00e1s llimpios, especialmente, a partir de les hores centrales de la xornada. <strong>A lo llargo de la tarde<\/strong> podr\u00eden aumentar les nubes nel cordal y nel interior oriental nam\u00e1. La probabilid\u00e1 de precipitaciones va ser nula dafechu mientres tol d\u00eda. Los vientos van ser fluexos con raches moderaes de componente este na mari\u00f1a.<strong> Les temperatures m\u00e1ximes<\/strong> van caltener ensin cambeos al respective de les del martes. <strong>Les m\u00ednimes<\/strong> podr\u00eden baxar llixeramente.<\/p>\n<p><!--more--><\/p>\n<p><strong>El xueves<\/strong> esperamos cielos soleyeros mientres tola xornada. Los vientos van siguir predominando d&#8217;este na mari\u00f1a y van ser m\u00e1s variables nel interior. Les temperatures m\u00e1ximes van xubir un par de graos de forma xeneralizada y les m\u00ednimes nun van esperimentar cambeos.<\/p>\n<p>Bon tiempu tami\u00e9n<strong> para&#8217;l vienres<\/strong> acompa\u00f1\u00e1u d&#8217;un ascensu de les temperatures nuevamente.<\/p>\n<p><strong>Para la fin de selmana<\/strong> ent\u00e1 hai bastante incertidume cuidao que xuna umbada atl\u00e1ntica va afectanos pero ent\u00e1 nun ta determinada la so posici\u00f3n esacta, siendo bien distinta l&#8217;impactu que puede tener si entra poles mari\u00f1es portugueses al respective de qu&#8217;ente directamente pel norte del mar Cant\u00e1bricu.<\/p>\n<p>&nbsp;<\/p>\n","protected":false},"excerpt":{"rendered":"<p>Mientres estos pr\u00f3ximos d\u00edes vamos tar so l&#8217;acci\u00f3n de les altes presiones. Esti mi\u00e9rcoles prevense intervalos de nubes altes pela ma\u00f1ana a lo sumo y cielos m\u00e1s llimpios, especialmente, a partir de les hores centrales de la xornada. A lo llargo de la tarde podr\u00eden aumentar les nubes nel cordal y nel interior oriental nam\u00e1. [&hellip;]<\/p>\n","protected":false},"author":117,"featured_media":0,"comment_status":"closed","ping_status":"open","sticky":false,"template":"","format":"standard","meta":{"footnotes":""},"categories":[5],"tags":[],"class_list":["post-58503","post","type-post","status-publish","format-standard","hentry","category-tiempu"],"_links":{"self":[{"href":"https:\/\/edublog.educastur.es\/ixuxu\/wp-json\/wp\/v2\/posts\/58503","targetHints":{"allow":["GET"]}}],"collection":[{"href":"https:\/\/edublog.educastur.es\/ixuxu\/wp-json\/wp\/v2\/posts"}],"about":[{"href":"https:\/\/edublog.educastur.es\/ixuxu\/wp-json\/wp\/v2\/types\/post"}],"author":[{"embeddable":true,"href":"https:\/\/edublog.educastur.es\/ixuxu\/wp-json\/wp\/v2\/users\/117"}],"replies":[{"embeddable":true,"href":"https:\/\/edublog.educastur.es\/ixuxu\/wp-json\/wp\/v2\/comments?post=58503"}],"version-history":[{"count":1,"href":"https:\/\/edublog.educastur.es\/ixuxu\/wp-json\/wp\/v2\/posts\/58503\/revisions"}],"predecessor-version":[{"id":58504,"href":"https:\/\/edublog.educastur.es\/ixuxu\/wp-json\/wp\/v2\/posts\/58503\/revisions\/58504"}],"wp:attachment":[{"href":"https:\/\/edublog.educastur.es\/ixuxu\/wp-json\/wp\/v2\/media?parent=58503"}],"wp:term":[{"taxonomy":"category","embeddable":true,"href":"https:\/\/edublog.educastur.es\/ixuxu\/wp-json\/wp\/v2\/categories?post=58503"},{"taxonomy":"post_tag","embeddable":true,"href":"https:\/\/edublog.educastur.es\/ixuxu\/wp-json\/wp\/v2\/tags?post=58503"}],"curies":[{"name":"wp","href":"https:\/\/api.w.org\/{rel}","templated":true}]}}