{"id":58506,"date":"2025-09-28T19:30:28","date_gmt":"2025-09-28T17:30:28","guid":{"rendered":"https:\/\/edublog.educastur.es\/ixuxu\/?p=58506"},"modified":"2025-09-28T21:08:04","modified_gmt":"2025-09-28T19:08:04","slug":"lactivida-estrella-de-la-nueche-blanca-va-inaugurar-la-programacion-cultural-del-palaciu-de-los-deportes-duvieu","status":"publish","type":"post","link":"https:\/\/edublog.educastur.es\/ixuxu\/2025\/09\/lactivida-estrella-de-la-nueche-blanca-va-inaugurar-la-programacion-cultural-del-palaciu-de-los-deportes-duvieu\/","title":{"rendered":"L&#8217;activid\u00e1 estrella de la Nueche Blanca va inaugurar la programaci\u00f3n cultural del Palaciu de los Deportes d&#8217;Uvi\u00e9u."},"content":{"rendered":"<p>Un gran espect\u00e1culu de lluz y son\u00edu va inaugurar la programaci\u00f3n cultural del Palaciu de los Deportes d&#8217;Uvi\u00e9u. El pabell\u00f3n va estrenase como escenariu de la Nueche Blanca carbayona, que se celebra&#8217;l 4 d&#8217;ochobre cola candidatura a Capital Europea de la Cultura 2031 como protagonista.<a href=\"https:\/\/www.lne.es\/oviedo\/2025\/09\/23\/gran-espectaculo-luz-sonido-inaugurara-121852780.html\"> LNE<\/a> \/<a class=\"x1i10hfl xjbqb8w x1ejq31n x18oe1m7 x1sy0etr xstzfhl x972fbf x10w94by x1qhh985 x14e42zd x9f619 x1ypdohk xt0psk2 x3ct3a4 xdj266r x14z9mp xat24cr x1lziwak xexx8yu xyri2b x18d9i69 x1c1uobl x16tdsg8 x1hl2dhg xggy1nq x1a2a7pz xkrqix3 x1sur9pj xzsf02u x1s688f\" role=\"link\" href=\"https:\/\/www.facebook.com\/nocheblancaovd?__cft__[0]=AZWtSiswYftJvzaa0ibh6ywlyvZ7yzctWksDsuP3fGxpVyBvA4laP1UdwgXt88n3iRobGTjEyyINObB4XBdgM4BvfYyupbeVAE_C7GDfJR4Z38a9w6NPgEOHeYPsqf38kI85Xlz6aGw8-_fNK5H9hQF2Ek7-C7gjI8FQqULoNjzG9hVI_ljLqZJ4cx8zjq-odwreHffnCYAT3Ct_3iepP6Pl&amp;__tn__=-UC%2CP-y-R\"><b class=\"html-b xdj266r x14z9mp xat24cr x1lziwak xexx8yu xyri2b x18d9i69 x1c1uobl x1hl2dhg x16tdsg8 x1vvkbs x1s688f\"><span class=\"html-span xdj266r x14z9mp xat24cr x1lziwak xexx8yu xyri2b x18d9i69 x1c1uobl x1hl2dhg x16tdsg8 x1vvkbs\">Noche Blanca Oviedo<\/span><\/b><\/a><\/p>\n<div class=\"html-div xdj266r x14z9mp xat24cr x1lziwak xexx8yu xyri2b x18d9i69 x1c1uobl\" dir=\"auto\">\n<div class=\"html-div xdj266r x14z9mp xat24cr x1lziwak xexx8yu xyri2b x18d9i69 x1c1uobl\" dir=\"auto\">\n<div class=\"html-div xdj266r x14z9mp xat24cr x1lziwak xexx8yu xyri2b x18d9i69 x1c1uobl\" data-ad-rendering-role=\"story_message\">\n<div class=\"x1l90r2v x1iorvi4 x1g0dm76 xpdmqnj\" data-ad-comet-preview=\"message\" data-ad-preview=\"message\">\n<div class=\"x78zum5 xdt5ytf xz62fqu x16ldp7u\">\n<div class=\"xu06os2 x1ok221b\">\n<div class=\"html-div xdj266r x14z9mp xat24cr x1lziwak xexx8yu xyri2b x18d9i69 x1c1uobl\">\n<div class=\"x14z9mp xat24cr x1lziwak x1vvkbs xtlvy1s x126k92a\">\n<ul>\n<li dir=\"auto\"><span class=\"html-span xexx8yu xyri2b x18d9i69 x1c1uobl x1hl2dhg x16tdsg8 x1vvkbs x3nfvp2 x1j61x8r x1fcty0u xdj266r xat24cr xm2jcoa x1mpyi22 xxymvpz xlup9mm x1kky2od\"><img loading=\"lazy\" decoding=\"async\" class=\"xz74otr x15mokao x1ga7v0g x16uus16 xbiv7yw\" src=\"https:\/\/static.xx.fbcdn.net\/images\/emoji.php\/v9\/tff\/1\/16\/1f4c6.png\" alt=\"\ud83d\udcc6\" width=\"16\" height=\"16\" \/><\/span> 4 d&#8217;ochobre \/ <img loading=\"lazy\" decoding=\"async\" class=\"xz74otr x15mokao x1ga7v0g x16uus16 xbiv7yw\" src=\"https:\/\/static.xx.fbcdn.net\/images\/emoji.php\/v9\/t2d\/1\/16\/1f4cd.png\" alt=\"\ud83d\udccd\" width=\"16\" height=\"16\" \/> M\u00e1s 40 localizaciones \/ <img loading=\"lazy\" decoding=\"async\" class=\"xz74otr x15mokao x1ga7v0g x16uus16 xbiv7yw\" src=\"https:\/\/static.xx.fbcdn.net\/images\/emoji.php\/v9\/tda\/1\/16\/1f55b.png\" alt=\"\ud83d\udd5b\" width=\"16\" height=\"16\" \/> De 17.00 a 03.00 \/ <img loading=\"lazy\" decoding=\"async\" class=\"xz74otr x15mokao x1ga7v0g x16uus16 xbiv7yw\" src=\"https:\/\/static.xx.fbcdn.net\/images\/emoji.php\/v9\/t8e\/1\/16\/2139.png\" alt=\"\u2139\ufe0f\" width=\"16\" height=\"16\" \/> <span class=\"html-span xdj266r x14z9mp xat24cr x1lziwak xexx8yu xyri2b x18d9i69 x1c1uobl x1hl2dhg x16tdsg8 x1vvkbs\"><a class=\"x1i10hfl xjbqb8w x1ejq31n x18oe1m7 x1sy0etr xstzfhl x972fbf x10w94by x1qhh985 x14e42zd x9f619 x1ypdohk xt0psk2 x3ct3a4 xdj266r x14z9mp xat24cr x1lziwak xexx8yu xyri2b x18d9i69 x1c1uobl x16tdsg8 x1hl2dhg xggy1nq x1a2a7pz xkrqix3 x1sur9pj x1fey0fg x1s688f\" role=\"link\" href=\"https:\/\/l.facebook.com\/l.php?u=https%3A%2F%2Fbit.ly%2F427eV1j%3Ffbclid%3DIwZXh0bgNhZW0CMTAAYnJpZBEwdlA5TEhDamVZZEFKaVpQWgEeoBqZLjOQiOverloKObpQ69tHqTBUa0yS9cf9LK3v80r7SxEawZXHf0nkl38_aem_tSXSffRBwF9t9Yrg10TAqg&amp;h=AT1G_qbz_dtkO371kyTAAN6Cp8ANscPxcNrM0gLRe-XXl9LxBa1NgPEUwp-JrCFCjeCJJ01-bP_0-A6VT9tRMYMT0P2x8fNfgn3qpYA5GROSHD9wbe23g4eKnNPjs4haG30j7hMdB6HWiA&amp;__tn__=-UK-y-R&amp;c[0]=AT2I9OnfG61GeIfxbN-kJhQBJxk7GDw3cDcbANvxMQU0xvT0oID5-NJ1U1MWSezEKsoHPUwGnMxuBoxE4mEqjc-FDc0gjH6HBprpfTJrpISJzmo-ARtQ_qNrD60wOgTeZw6M_uvBA_x8BO-P0-u2JEgfXcYaVOmaqA3ItP1U832b9jmsoAr5rpnUpDmLB5vNcurWWi2-R3auU_ZSuA05pEobMWK-1LLSrvxgQwnMKTRwHPMH\" target=\"_blank\" rel=\"nofollow noopener noreferrer\">bit.ly\/427eV1j<\/a><\/span><\/li>\n<\/ul>\n<\/div>\n<\/div>\n<\/div>\n<\/div>\n<\/div>\n<\/div>\n<\/div>\n<\/div>\n<p style=\"text-align: center\"><a href=\"https:\/\/estaticos-cdn.prensaiberica.es\/clip\/a31f1207-586c-4c49-ba22-489f47e1c059_16-9-aspect-ratio_default_0.webp\"><img loading=\"lazy\" decoding=\"async\" class=\"aligncenter size-large\" src=\"https:\/\/estaticos-cdn.prensaiberica.es\/clip\/a31f1207-586c-4c49-ba22-489f47e1c059_16-9-aspect-ratio_default_0.webp\" width=\"880\" height=\"495\" \/><\/a><\/p>\n<p>L&#8217;activid\u00e1 estrella de la Nueche Blanca, una instalaci\u00f3n de gran formatu de lluz y son\u00edu, <strong>va inaugurar el pr\u00f3ximu 4 d&#8217;ochobre<\/strong> la programaci\u00f3n cultural del apocay\u00e1 rehabilit\u00e1u Palaciu de los Deportes. Colos eventos deportivos y\u00e1 en marcha nel pabell\u00f3n dise\u00f1\u00e1u por Ildefonso S\u00e1nchez del R\u00edu, la obra \u00abPleonexie\u00bb va sirvir para la puesta de llongura de los espect\u00e1culos nel espaciu. <span class=\"x193iq5w xeuugli x13faqbe x1vvkbs x1xmvt09 x1f6kntn xvq8zen xo1l8bm xi81zsa\"><span class=\"xt0psk2\"><span class=\"xjp7ctv\"><a class=\"x1i10hfl xjbqb8w x1ejq31n x18oe1m7 x1sy0etr xstzfhl x972fbf x10w94by x1qhh985 x14e42zd x9f619 x1ypdohk xt0psk2 x3ct3a4 xdj266r x14z9mp xat24cr x1lziwak xexx8yu xyri2b x18d9i69 x1c1uobl x16tdsg8 x1hl2dhg xggy1nq x1a2a7pz xkrqix3 x1sur9pj xzsf02u x1s688f\" role=\"link\" href=\"https:\/\/www.facebook.com\/nocheblancaovd?__cft__[0]=AZWtSiswYftJvzaa0ibh6ywlyvZ7yzctWksDsuP3fGxpVyBvA4laP1UdwgXt88n3iRobGTjEyyINObB4XBdgM4BvfYyupbeVAE_C7GDfJR4Z38a9w6NPgEOHeYPsqf38kI85Xlz6aGw8-_fNK5H9hQF2Ek7-C7gjI8FQqULoNjzG9hVI_ljLqZJ4cx8zjq-odwreHffnCYAT3Ct_3iepP6Pl&amp;__tn__=-UC*F\">Nueche Blanca Uvi\u00e9u<\/a><\/span><\/span><\/span><\/p>\n<p><!--more--><\/p>\n<p>Va ser l&#8217;estrenu n&#8217;Espa\u00f1a y la segunda vegada que se presenta la instalaci\u00f3n llum\u00ednica cin\u00e9tica n&#8217;Europa, en siendo dada a conocer en febreru en Grenoble (Francia).<\/p>\n<p style=\"text-align: center\"><a href=\"https:\/\/estaticos-cdn.prensaiberica.es\/clip\/8dea61d4-1110-46f5-bd18-a763c4e28003_16-9-aspect-ratio_default_0.webp\"><img loading=\"lazy\" decoding=\"async\" class=\"aligncenter size-large\" src=\"https:\/\/estaticos-cdn.prensaiberica.es\/clip\/8dea61d4-1110-46f5-bd18-a763c4e28003_16-9-aspect-ratio_default_0.webp\" width=\"880\" height=\"495\" \/><\/a><\/p>\n<p>La decimotercer edici\u00f3n de la Nueche Blanca afonda, con esta activid\u00e1, na conex\u00f3n europea\u00bb, dando la oportunid\u00e1 al p\u00fablicu d&#8217;averase a la remocicada instalaci\u00f3n deportiva para somorguiase na propuesta. Esta obra foi creada pol artista franc\u00e9s Maxime Houot y producida por \u00abCollectif Coin\u00bb, llaboratoriu art\u00edsticu con see en Grenoble y que se centra na producci\u00f3n de performances monumentales ya instalaciones de menores dimensiones.<\/p>\n<p style=\"text-align: center\">\n<!-- iframe plugin v.6.0 wordpress.org\/plugins\/iframe\/ -->\n<iframe loading=\"lazy\" src=\"https:\/\/www.facebook.com\/plugins\/post.php?href=https%3A%2F%2Fwww.facebook.com%2Fnocheblancaovd%2Fposts%2Fpfbid0Fb9CQjqw69dqSdShEJ3LLtgo7B8sgvh8qF6o3Hj5Dm4cEdsPzZHvnACMVWjRTsBol&#038;show_text=false&#038;width=500\" width=\"500\" height=\"223\" style=\"border:none;overflow:hidden\" scrolling=\"no\" frameborder=\"0\" allowfullscreen=\"true\" allow=\"autoplay; clipboard-write; encrypted-media; picture-in-picture; web-share\" 0=\"\/iframe\" class=\"iframe-class\"><\/iframe>\n<\/p>\n<p>Esta activid\u00e1 enm\u00e1rcase nel <strong>proyectu de la candidatura d&#8217;Uvi\u00e9u para ser Capital Europea de la Cultura en 2031<\/strong>, que la patrocina. \u00abYe una instalaci\u00f3n que va ser espectacular. Consideramos que ten\u00eda que tar na Nueche Blanca\u00bb, asegura Jos\u00e9 Castellano, director art\u00edsticu de la Nueche Blanca. \u00abPleonexie\u00bb va presentase, cola coordinaci\u00f3n del Llaboratoriu d&#8217;Electr\u00f3nica Visual, el 4 d&#8217;ochobre <strong>ente les ocho de la tarde y les tr\u00e9s de la madrugada.<\/strong><\/p>\n","protected":false},"excerpt":{"rendered":"<p>Un gran espect\u00e1culu de lluz y son\u00edu va inaugurar la programaci\u00f3n cultural del Palaciu de los Deportes d&#8217;Uvi\u00e9u. El pabell\u00f3n va estrenase como escenariu de la Nueche Blanca carbayona, que se celebra&#8217;l 4 d&#8217;ochobre cola candidatura a Capital Europea de la Cultura 2031 como protagonista. LNE \/Noche Blanca Oviedo 4 d&#8217;ochobre \/ M\u00e1s 40 localizaciones [&hellip;]<\/p>\n","protected":false},"author":117,"featured_media":0,"comment_status":"closed","ping_status":"open","sticky":false,"template":"","format":"standard","meta":{"footnotes":""},"categories":[348],"tags":[],"class_list":["post-58506","post","type-post","status-publish","format-standard","hentry","category-nueche-blanca"],"_links":{"self":[{"href":"https:\/\/edublog.educastur.es\/ixuxu\/wp-json\/wp\/v2\/posts\/58506","targetHints":{"allow":["GET"]}}],"collection":[{"href":"https:\/\/edublog.educastur.es\/ixuxu\/wp-json\/wp\/v2\/posts"}],"about":[{"href":"https:\/\/edublog.educastur.es\/ixuxu\/wp-json\/wp\/v2\/types\/post"}],"author":[{"embeddable":true,"href":"https:\/\/edublog.educastur.es\/ixuxu\/wp-json\/wp\/v2\/users\/117"}],"replies":[{"embeddable":true,"href":"https:\/\/edublog.educastur.es\/ixuxu\/wp-json\/wp\/v2\/comments?post=58506"}],"version-history":[{"count":7,"href":"https:\/\/edublog.educastur.es\/ixuxu\/wp-json\/wp\/v2\/posts\/58506\/revisions"}],"predecessor-version":[{"id":58644,"href":"https:\/\/edublog.educastur.es\/ixuxu\/wp-json\/wp\/v2\/posts\/58506\/revisions\/58644"}],"wp:attachment":[{"href":"https:\/\/edublog.educastur.es\/ixuxu\/wp-json\/wp\/v2\/media?parent=58506"}],"wp:term":[{"taxonomy":"category","embeddable":true,"href":"https:\/\/edublog.educastur.es\/ixuxu\/wp-json\/wp\/v2\/categories?post=58506"},{"taxonomy":"post_tag","embeddable":true,"href":"https:\/\/edublog.educastur.es\/ixuxu\/wp-json\/wp\/v2\/tags?post=58506"}],"curies":[{"name":"wp","href":"https:\/\/api.w.org\/{rel}","templated":true}]}}