{"id":58516,"date":"2025-09-24T10:21:56","date_gmt":"2025-09-24T08:21:56","guid":{"rendered":"https:\/\/edublog.educastur.es\/ixuxu\/?p=58516"},"modified":"2025-09-29T21:47:23","modified_gmt":"2025-09-29T19:47:23","slug":"uvieu-x-aniversariu-de-la-declaracion-de-los-caminos-del-norte","status":"publish","type":"post","link":"https:\/\/edublog.educastur.es\/ixuxu\/2025\/09\/uvieu-x-aniversariu-de-la-declaracion-de-los-caminos-del-norte\/","title":{"rendered":"Uvi\u00e9u: X aniversariu de la declaraci\u00f3n de los Caminos del Norte"},"content":{"rendered":"<p style=\"text-align: center\"><span class=\"x193iq5w xeuugli x13faqbe x1vvkbs xt0psk2 x1i0vuye xvs91rp xo1l8bm x5n08af x10wh9bi xpm28yp x8viiok x1o7cslx x126k92a\"><span class=\"html-span xexx8yu x4uap5 x18d9i69 xkhd6sd x1hl2dhg x16tdsg8 x1vvkbs x3nfvp2 x1j61x8r x1fcty0u xdj266r xat24cr xgzva0m xhhsvwb xxymvpz xlup9mm x1kky2od\">\n<!-- iframe plugin v.6.0 wordpress.org\/plugins\/iframe\/ -->\n<iframe loading=\"lazy\" src=\"https:\/\/www.instagram.com\/reel\/DO8enZ4DLi1\/embed\" width=\"500\" height=\"675\" 0=\"\/iframe\" scrolling=\"yes\" class=\"iframe-class\" frameborder=\"0\"><\/iframe>\n<\/span><\/span><\/p>\n<div class=\"x5yr21d xw2csxc x1odjw0f x1n2onr6\">\n<div class=\"x9f619 x78zum5 xdt5ytf x5yr21d xexx8yu xv54qhq x1l90r2v xf7dkkf x10l6tqk xh8yej3\">\n<div>\n<div class=\"html-div xdj266r x14z9mp xat24cr x1lziwak xyri2b x1c1uobl x9f619 xjbqb8w x78zum5 x15mokao x1ga7v0g x16uus16 xbiv7yw xsag5q8 xz9dl7a x1uhb9sk x1plvlek xryxfnj x1c4vz4f x2lah0s x1q0g3np xqjyukv x1qjc9v5 x1oa3qoh x1nhvcw1\">\n<div class=\"html-div xdj266r x14z9mp xat24cr x1lziwak xexx8yu xyri2b x18d9i69 x1c1uobl x9f619 xjbqb8w x78zum5 x15mokao x1ga7v0g x16uus16 xbiv7yw x1uhb9sk x1plvlek xryxfnj x1iyjqo2 x2lwn1j xeuugli x1q0g3np xqjyukv x1qjc9v5 x1oa3qoh x1nhvcw1\">\n<div class=\"html-div xdj266r x14z9mp xat24cr x1lziwak xexx8yu xyri2b x18d9i69 x1c1uobl x9f619 xjbqb8w x78zum5 x15mokao x1ga7v0g x16uus16 xbiv7yw x1uhb9sk x1plvlek xryxfnj x1iyjqo2 x2lwn1j xeuugli xdt5ytf xqjyukv x1qjc9v5 x1oa3qoh x1nhvcw1\">\n<div class=\"html-div xdj266r x14z9mp xat24cr x1lziwak xexx8yu xyri2b x18d9i69 x1c1uobl x9f619 xjbqb8w x78zum5 x15mokao x1ga7v0g x16uus16 xbiv7yw x1uhb9sk x1plvlek xryxfnj x1c4vz4f x2lah0s xdt5ytf xqjyukv x1qjc9v5 x1oa3qoh x1nhvcw1\">\n<ul>\n<li><a href=\"https:\/\/www.facebook.com\/aecaminoprimitivo\/videos\/4191359451142612\"><strong>VIDEU<\/strong><\/a> \/<a href=\"https:\/\/www.facebook.com\/aecaminoprimitivo\">https:\/\/www.facebook.com\/aecaminoprimitivo<\/a><\/li>\n<\/ul>\n<p>Uvi\u00e9u va celebrar esti xueves el X aniversariu de la declaraci\u00f3n de los Caminos del Norte como Patrimoniu Mundial de la UNESCO.<span class=\"x193iq5w xeuugli x13faqbe x1vvkbs xt0psk2 x1i0vuye xvs91rp xo1l8bm x5n08af x10wh9bi xpm28yp x8viiok x1o7cslx x126k92a\">\ud83d\udccd<a href=\"https:\/\/www.cultura.gob.es\/gl\/cultura\/cooperacion\/novedades\/destacados\/caminos-santiago-norte.html\">Cultura<\/a><\/span><\/p>\n<p><strong>El Cam\u00edn del Norte ta d&#8217;aniversariu.<\/strong> Los sos 815 kil\u00f3metros pol noroeste peninsular, dende Ir\u00fan hasta Santiago de Compostela, travesando&#8217;l Pa\u00eds Vascu, Cantabria, <strong>Asturies<\/strong> y Galicia, cumplen 10 a\u00f1os desque fueron declaraos Patrimoniu Mundial de la UNESCO por constituyir una de los raiga\u00f1os de pelegrinaci\u00f3n xacobea, tando directamente amest\u00e1u al afayu de la tumba del Ap\u00f3stol y a la so promoci\u00f3n per parte del reinu d&#8217;Asturies nel sieglu IX.<\/p>\n<ul>\n<li><span class=\"x193iq5w xeuugli x13faqbe x1vvkbs xt0psk2 x1i0vuye xvs91rp xo1l8bm x5n08af x10wh9bi xpm28yp x8viiok x1o7cslx x126k92a\"> <a class=\"x1i10hfl xjbqb8w x1ejq31n x18oe1m7 x1sy0etr xstzfhl x972fbf x10w94by x1qhh985 x14e42zd x9f619 x1ypdohk xt0psk2 x3ct3a4 xdj266r x14z9mp xat24cr x1lziwak xexx8yu xyri2b x18d9i69 x1c1uobl x16tdsg8 x1hl2dhg xggy1nq x1a2a7pz notranslate _a6hd\" role=\"link\" href=\"https:\/\/www.instagram.com\/catedral_de_oviedo\/\">@catedral_de_oviedo<\/a> <\/span>\/ <span class=\"x193iq5w xeuugli x13faqbe x1vvkbs xt0psk2 x1i0vuye xvs91rp xo1l8bm x5n08af x10wh9bi xpm28yp x8viiok x1o7cslx x126k92a\"><a class=\"x1i10hfl xjbqb8w x1ejq31n x18oe1m7 x1sy0etr xstzfhl x972fbf x10w94by x1qhh985 x14e42zd x9f619 x1ypdohk xt0psk2 x3ct3a4 xdj266r x14z9mp xat24cr x1lziwak xexx8yu xyri2b x18d9i69 x1c1uobl x16tdsg8 x1hl2dhg xggy1nq x1a2a7pz _aa9_ _a6hd\" role=\"link\" href=\"https:\/\/www.instagram.com\/explore\/tags\/oviedo\/\">#Oviedo<\/a><\/span>\u00a0\/ <span class=\"x193iq5w xeuugli x13faqbe x1vvkbs xt0psk2 x1i0vuye xvs91rp xo1l8bm x5n08af x10wh9bi xpm28yp x8viiok x1o7cslx x126k92a\"><a class=\"x1i10hfl xjbqb8w x1ejq31n x18oe1m7 x1sy0etr xstzfhl x972fbf x10w94by x1qhh985 x14e42zd x9f619 x1ypdohk xt0psk2 x3ct3a4 xdj266r x14z9mp xat24cr x1lziwak xexx8yu xyri2b x18d9i69 x1c1uobl x16tdsg8 x1hl2dhg xggy1nq x1a2a7pz _aa9_ _a6hd\" role=\"link\" href=\"https:\/\/www.instagram.com\/explore\/tags\/oviedoorigendelcamino\/\">#OviedoOrigenDelCamino<\/a><\/span>\/<span class=\"x193iq5w xeuugli x13faqbe x1vvkbs xt0psk2 x1i0vuye xvs91rp xo1l8bm x5n08af x10wh9bi xpm28yp x8viiok x1o7cslx x126k92a\"><a class=\"x1i10hfl xjbqb8w x1ejq31n x18oe1m7 x1sy0etr xstzfhl x972fbf x10w94by x1qhh985 x14e42zd x9f619 x1ypdohk xt0psk2 x3ct3a4 xdj266r x14z9mp xat24cr x1lziwak xexx8yu xyri2b x18d9i69 x1c1uobl x16tdsg8 x1hl2dhg xggy1nq x1a2a7pz _aa9_ _a6hd\" role=\"link\" href=\"https:\/\/www.instagram.com\/explore\/tags\/caminosdelnorte\/\">#CaminosDelNorte<\/a> <\/span>\/<span class=\"x193iq5w xeuugli x13faqbe x1vvkbs xt0psk2 x1i0vuye xvs91rp xo1l8bm x5n08af x10wh9bi xpm28yp x8viiok x1o7cslx x126k92a\"><a class=\"x1i10hfl xjbqb8w x1ejq31n x18oe1m7 x1sy0etr xstzfhl x972fbf x10w94by x1qhh985 x14e42zd x9f619 x1ypdohk xt0psk2 x3ct3a4 xdj266r x14z9mp xat24cr x1lziwak xexx8yu xyri2b x18d9i69 x1c1uobl x16tdsg8 x1hl2dhg xggy1nq x1a2a7pz _aa9_ _a6hd\" role=\"link\" href=\"https:\/\/www.instagram.com\/explore\/tags\/patrimoniomundialdelaunesco\/\">#PatrimonioMundialDeLaUnesco<\/a><\/span><\/li>\n<\/ul>\n<p><!--more--><\/p>\n<\/div>\n<\/div>\n<\/div>\n<\/div>\n<\/div>\n<\/div>\n<\/div>\n<p style=\"text-align: center\"><a href=\"https:\/\/estaticos-cdn.prensaiberica.es\/clip\/dc742dce-07c0-4e50-8f4d-dd73c3d98250_16-9-discover-aspect-ratio_default_0_x1030y620.webp\"><img loading=\"lazy\" decoding=\"async\" class=\"aligncenter size-large\" src=\"https:\/\/estaticos-cdn.prensaiberica.es\/clip\/dc742dce-07c0-4e50-8f4d-dd73c3d98250_16-9-discover-aspect-ratio_default_0_x1030y620.webp\" width=\"1200\" height=\"675\" \/><\/a><\/p>\n<p>Por ello, el presidente de la Federaci\u00f3n d&#8217;Asociaciones d&#8217;Amigos del Cam\u00edn de Santiago del Princip\u00e1u d&#8217;Asturies, Laureano V\u00edctor Garc\u00eda, esplic\u00f3 esta ma\u00f1ana les actividaes que se van llevar a cabu para conmemorar esti nomamientu.<\/p>\n<p style=\"text-align: center\"><a href=\"https:\/\/www.cultura.gob.es\/.imaging\/mte\/mcd-theme\/contenido-cgi-mdr\/dam\/mcd\/cultura\/cooperacion\/novedades\/destacados\/caminos-santiago-norte\/oviedo-capilla\/jcr:content\/oviedo-capilla.JPG\"><img loading=\"lazy\" decoding=\"async\" class=\"aligncenter size-large\" src=\"https:\/\/www.cultura.gob.es\/.imaging\/mte\/mcd-theme\/contenido-cgi-mdr\/dam\/mcd\/cultura\/cooperacion\/novedades\/destacados\/caminos-santiago-norte\/oviedo-capilla\/jcr:content\/oviedo-capilla.JPG\" width=\"576\" height=\"576\" \/><\/a><\/p>\n<p>&nbsp;<\/p>\n<p>&nbsp;<\/p>\n<p style=\"text-align: center\"><a href=\"https:\/\/www.turismoasturias.es\/o\/adaptive-media\/image\/263523\/3\/564cc8dd-db05-08b0-2c2f-8c14a2bc3eb5?t=1674194425537\"><img loading=\"lazy\" decoding=\"async\" class=\"aligncenter size-large\" src=\"https:\/\/www.turismoasturias.es\/o\/adaptive-media\/image\/263523\/3\/564cc8dd-db05-08b0-2c2f-8c14a2bc3eb5?t=1674194425537\" width=\"736\" height=\"467\" \/><\/a><\/p>\n<p style=\"text-align: center\"><a href=\"https:\/\/www.culturadecantabria.com\/documents\/2168911\/4427463\/UNESCO+uso+caminos.jpg\/c4509fbd-a579-8ea7-e715-eb67f51827e7?t=1534850905321\"><img loading=\"lazy\" decoding=\"async\" class=\"aligncenter \" src=\"https:\/\/www.culturadecantabria.com\/documents\/2168911\/4427463\/UNESCO+uso+caminos.jpg\/c4509fbd-a579-8ea7-e715-eb67f51827e7?t=1534850905321\" width=\"598\" height=\"226\" \/><\/a><\/p>\n","protected":false},"excerpt":{"rendered":"<p>VIDEU \/https:\/\/www.facebook.com\/aecaminoprimitivo Uvi\u00e9u va celebrar esti xueves el X aniversariu de la declaraci\u00f3n de los Caminos del Norte como Patrimoniu Mundial de la UNESCO.\ud83d\udccdCultura El Cam\u00edn del Norte ta d&#8217;aniversariu. Los sos 815 kil\u00f3metros pol noroeste peninsular, dende Ir\u00fan hasta Santiago de Compostela, travesando&#8217;l Pa\u00eds Vascu, Cantabria, Asturies y Galicia, cumplen 10 a\u00f1os desque fueron [&hellip;]<\/p>\n","protected":false},"author":117,"featured_media":0,"comment_status":"closed","ping_status":"open","sticky":false,"template":"","format":"standard","meta":{"footnotes":""},"categories":[187],"tags":[],"class_list":["post-58516","post","type-post","status-publish","format-standard","hentry","category-camin-de-santiagu"],"_links":{"self":[{"href":"https:\/\/edublog.educastur.es\/ixuxu\/wp-json\/wp\/v2\/posts\/58516","targetHints":{"allow":["GET"]}}],"collection":[{"href":"https:\/\/edublog.educastur.es\/ixuxu\/wp-json\/wp\/v2\/posts"}],"about":[{"href":"https:\/\/edublog.educastur.es\/ixuxu\/wp-json\/wp\/v2\/types\/post"}],"author":[{"embeddable":true,"href":"https:\/\/edublog.educastur.es\/ixuxu\/wp-json\/wp\/v2\/users\/117"}],"replies":[{"embeddable":true,"href":"https:\/\/edublog.educastur.es\/ixuxu\/wp-json\/wp\/v2\/comments?post=58516"}],"version-history":[{"count":6,"href":"https:\/\/edublog.educastur.es\/ixuxu\/wp-json\/wp\/v2\/posts\/58516\/revisions"}],"predecessor-version":[{"id":59005,"href":"https:\/\/edublog.educastur.es\/ixuxu\/wp-json\/wp\/v2\/posts\/58516\/revisions\/59005"}],"wp:attachment":[{"href":"https:\/\/edublog.educastur.es\/ixuxu\/wp-json\/wp\/v2\/media?parent=58516"}],"wp:term":[{"taxonomy":"category","embeddable":true,"href":"https:\/\/edublog.educastur.es\/ixuxu\/wp-json\/wp\/v2\/categories?post=58516"},{"taxonomy":"post_tag","embeddable":true,"href":"https:\/\/edublog.educastur.es\/ixuxu\/wp-json\/wp\/v2\/tags?post=58516"}],"curies":[{"name":"wp","href":"https:\/\/api.w.org\/{rel}","templated":true}]}}