{"id":58528,"date":"2025-09-24T13:52:23","date_gmt":"2025-09-24T11:52:23","guid":{"rendered":"https:\/\/edublog.educastur.es\/ixuxu\/?p=58528"},"modified":"2025-09-24T22:25:22","modified_gmt":"2025-09-24T20:25:22","slug":"diez-proyectos-para-la-sablera-verde-del-rinconin-en-xixon","status":"publish","type":"post","link":"https:\/\/edublog.educastur.es\/ixuxu\/2025\/09\/diez-proyectos-para-la-sablera-verde-del-rinconin-en-xixon\/","title":{"rendered":"Diez proyectos para la sablera verde d&#8217;El Rincon\u00edn, en Xix\u00f3n"},"content":{"rendered":"<p><strong><span style=\"color: #008080\">Les distintes propuestes combinen ociu, deporte y naturaleza con dise\u00f1os<\/span><\/strong> que van dende&#8217;l mediu mill\u00f3n d&#8217;euros hasta los 7,5 de la m\u00e1s costosa. <a href=\"https:\/\/www.elcomercio.es\/gijon\/diez-proyectos-playa-verde-rinconin-gijon-20250923233003-ga.html\">El Comercio<\/a> \/<\/p>\n<p>El Conceyu de Xix\u00f3n fixo p\u00fablicos esti martes los dolce proyectos qu&#8217;alleguen al <strong>concursu internacional d&#8217;idees para la sablera verde d&#8217;El Rincon\u00edn<\/strong> y que va ser evalu\u00e1u por un xur\u00e1u y que tami\u00e9n se someter\u00e1 a la valoraci\u00f3n de la ciudadan\u00eda al travi\u00e9s d&#8217;un procesu de votaci\u00f3n na web municipal.<\/p>\n<p style=\"text-align: center\"><a href=\"https:\/\/s3.ppllstatics.com\/elcomercio\/www\/multimedia\/2025\/09\/23\/10-gulpiyuri.jpg\"><img loading=\"lazy\" decoding=\"async\" class=\"aligncenter size-large\" src=\"https:\/\/s3.ppllstatics.com\/elcomercio\/www\/multimedia\/2025\/09\/23\/10-gulpiyuri.jpg\" width=\"1787\" height=\"901\" \/><\/a><\/p>\n<p><a href=\"https:\/\/s3.ppllstatics.com\/elcomercio\/www\/multimedia\/2025\/09\/23\/10-gulpiyuri.jpg\"><strong>Gulpiyuri.<\/strong> <\/a>Funde xuegu, paisaxe, cultura y comunid\u00e1, con un parque infantil con una figura monumental del rei Pelayo y una sablera verde con ll\u00e1mines d&#8217;agua salao.<\/p>\n<p><!--more--><\/p>\n<p><strong>L&#8217;Orbay\u00edn<\/strong>.\u00a0Espaciu abiertu al mar, con zones deportives (calistenia, voleibol, baloncestu y ping pong), parque infantil, quiosko, fontes, aseos y dueches y zona &#8216;pet-friendly&#8217;.<\/p>\n<p style=\"text-align: center\"><a href=\"https:\/\/s1.ppllstatics.com\/elcomercio\/www\/multimedia\/2025\/09\/23\/03-el-orbayin.jpg\"><img loading=\"lazy\" decoding=\"async\" class=\"aligncenter size-large\" src=\"https:\/\/s1.ppllstatics.com\/elcomercio\/www\/multimedia\/2025\/09\/23\/03-el-orbayin.jpg\" width=\"1385\" height=\"794\" \/><\/a><\/p>\n<p style=\"text-align: center\"><a href=\"https:\/\/s1.ppllstatics.com\/elcomercio\/www\/multimedia\/2025\/09\/23\/06-mar-montana.jpg\"><img loading=\"lazy\" decoding=\"async\" class=\"aligncenter size-large\" src=\"https:\/\/s1.ppllstatics.com\/elcomercio\/www\/multimedia\/2025\/09\/23\/06-mar-montana.jpg\" width=\"1314\" height=\"732\" \/><\/a><\/p>\n<p style=\"text-align: center\">\n","protected":false},"excerpt":{"rendered":"<p>Les distintes propuestes combinen ociu, deporte y naturaleza con dise\u00f1os que van dende&#8217;l mediu mill\u00f3n d&#8217;euros hasta los 7,5 de la m\u00e1s costosa. El Comercio \/ El Conceyu de Xix\u00f3n fixo p\u00fablicos esti martes los dolce proyectos qu&#8217;alleguen al concursu internacional d&#8217;idees para la sablera verde d&#8217;El Rincon\u00edn y que va ser evalu\u00e1u por un [&hellip;]<\/p>\n","protected":false},"author":117,"featured_media":0,"comment_status":"closed","ping_status":"open","sticky":false,"template":"","format":"standard","meta":{"footnotes":""},"categories":[318,93],"tags":[],"class_list":["post-58528","post","type-post","status-publish","format-standard","hentry","category-disenu","category-sableres"],"_links":{"self":[{"href":"https:\/\/edublog.educastur.es\/ixuxu\/wp-json\/wp\/v2\/posts\/58528","targetHints":{"allow":["GET"]}}],"collection":[{"href":"https:\/\/edublog.educastur.es\/ixuxu\/wp-json\/wp\/v2\/posts"}],"about":[{"href":"https:\/\/edublog.educastur.es\/ixuxu\/wp-json\/wp\/v2\/types\/post"}],"author":[{"embeddable":true,"href":"https:\/\/edublog.educastur.es\/ixuxu\/wp-json\/wp\/v2\/users\/117"}],"replies":[{"embeddable":true,"href":"https:\/\/edublog.educastur.es\/ixuxu\/wp-json\/wp\/v2\/comments?post=58528"}],"version-history":[{"count":4,"href":"https:\/\/edublog.educastur.es\/ixuxu\/wp-json\/wp\/v2\/posts\/58528\/revisions"}],"predecessor-version":[{"id":58593,"href":"https:\/\/edublog.educastur.es\/ixuxu\/wp-json\/wp\/v2\/posts\/58528\/revisions\/58593"}],"wp:attachment":[{"href":"https:\/\/edublog.educastur.es\/ixuxu\/wp-json\/wp\/v2\/media?parent=58528"}],"wp:term":[{"taxonomy":"category","embeddable":true,"href":"https:\/\/edublog.educastur.es\/ixuxu\/wp-json\/wp\/v2\/categories?post=58528"},{"taxonomy":"post_tag","embeddable":true,"href":"https:\/\/edublog.educastur.es\/ixuxu\/wp-json\/wp\/v2\/tags?post=58528"}],"curies":[{"name":"wp","href":"https:\/\/api.w.org\/{rel}","templated":true}]}}