{"id":58545,"date":"2025-09-25T09:05:32","date_gmt":"2025-09-25T07:05:32","guid":{"rendered":"https:\/\/edublog.educastur.es\/ixuxu\/?p=58545"},"modified":"2025-09-25T19:51:49","modified_gmt":"2025-09-25T17:51:49","slug":"58545","status":"publish","type":"post","link":"https:\/\/edublog.educastur.es\/ixuxu\/2025\/09\/58545\/","title":{"rendered":"Ufierten per primer vegada la ense\u00f1anza de llingua nes Escueles Oficiales d&#8217;Idiomes (EOI)."},"content":{"rendered":"<div class=\"html-div xdj266r x14z9mp xat24cr x1lziwak xexx8yu x1a8lsjc xf7dkkf xv54qhq\">\n<div class=\"html-div xdj266r x14z9mp xat24cr x1lziwak xexx8yu xyri2b x18d9i69 x1c1uobl x1jx94hy x78zum5 x1q0g3np\">\n<div class=\"x78zum5 xdt5ytf xz62fqu x16ldp7u\">\n<div class=\"xu06os2 x1ok221b\">\n<div class=\"html-div xdj266r x14z9mp xat24cr x1lziwak xexx8yu xyri2b x18d9i69 x1c1uobl\" data-ad-rendering-role=\"profile_name\">\n<ul>\n<li class=\"html-h3 x14z9mp xat24cr x1lziwak xexx8yu xyri2b x18d9i69 x1c1uobl x1vvkbs x1heor9g x1qlqyl8 x1pd3egz x1a2a7pz x1gslohp x1yc453h\"><span class=\"x1lliihq x6ikm8r x10wlt62 x1n2onr6\"><span class=\"xt0psk2\"><a class=\"x1i10hfl xjbqb8w x1ejq31n x18oe1m7 x1sy0etr xstzfhl x972fbf x10w94by x1qhh985 x14e42zd x9f619 x1ypdohk xt0psk2 x3ct3a4 xdj266r x14z9mp xat24cr x1lziwak xexx8yu xyri2b x18d9i69 x1c1uobl x16tdsg8 x1hl2dhg xggy1nq x1a2a7pz xkrqix3 x1sur9pj xzsf02u x1s688f\" role=\"link\" href=\"https:\/\/www.facebook.com\/educastur?__cft__[0]=AZUf1oSm1NzThmRx-3qNr5cMrNcU7Q-ZQ7PeUqqKTZW8LECBXuugoAzGnxHvcw4Ycd-Zn0fxh9HwDGtDEt2C26dlewyL3vttrxLDtjRtdoUk53FD99q2A2TvBSr2hnUJEdYUWvm-M8at9h7ouDvxe3Alf0ipNRNwE01oozgqXt7P1paJOYvXJdvf1gesB_F48TOul-EqP3Q-84gVwpEntMEx&amp;__tn__=-UC%2CP-y-R\"><b class=\"html-b xdj266r x14z9mp xat24cr x1lziwak xexx8yu xyri2b x18d9i69 x1c1uobl x1hl2dhg x16tdsg8 x1vvkbs x1s688f\"><span class=\"html-span xdj266r x14z9mp xat24cr x1lziwak xexx8yu xyri2b x18d9i69 x1c1uobl x1hl2dhg x16tdsg8 x1vvkbs\">Conseyer\u00eda d&#8217;Educaci\u00f3n del Princip\u00e1u<\/span><\/b><\/a><\/span><\/span>\/<a href=\"https:\/\/acortar.link\/w5YEee\">https:\/\/acortar.link\/w5YEee<\/a><\/li>\n<\/ul>\n<p style=\"text-align: center\"><a href=\"https:\/\/alojaweb.educastur.es\/documents\/11028596\/13927046\/LenguaAsturiana-Header.png\/4d0b08d9-8daa-4e54-af46-3e60784876fb?t=1758016951837\"><img loading=\"lazy\" decoding=\"async\" class=\"aligncenter \" src=\"https:\/\/alojaweb.educastur.es\/documents\/11028596\/13927046\/LenguaAsturiana-Header.png\/4d0b08d9-8daa-4e54-af46-3e60784876fb?t=1758016951837\" width=\"477\" height=\"173\" \/><\/a><\/p>\n<p style=\"text-align: center\">\n<\/div>\n<\/div>\n<\/div>\n<\/div>\n<\/div>\n<div class=\"html-div xdj266r x14z9mp xat24cr x1lziwak xexx8yu xyri2b x18d9i69 x1c1uobl\" dir=\"auto\">\n<div class=\"html-div xdj266r x14z9mp xat24cr x1lziwak xexx8yu xyri2b x18d9i69 x1c1uobl\" dir=\"auto\">\n<div class=\"html-div xdj266r x14z9mp xat24cr x1lziwak xexx8yu xyri2b x18d9i69 x1c1uobl\" data-ad-rendering-role=\"story_message\">\n<div class=\"x1l90r2v x1iorvi4 x1g0dm76 xpdmqnj\" data-ad-comet-preview=\"message\" data-ad-preview=\"message\">\n<div class=\"x78zum5 xdt5ytf xz62fqu x16ldp7u\">\n<div class=\"xu06os2 x1ok221b\">\n<div class=\"html-div xdj266r x14z9mp xat24cr x1lziwak xexx8yu xyri2b x18d9i69 x1c1uobl\">\n<div class=\"xdj266r x14z9mp xat24cr x1lziwak x1vvkbs x126k92a\">\n<ul>\n<li dir=\"auto\"><span class=\"html-span xexx8yu xyri2b x18d9i69 x1c1uobl x1hl2dhg x16tdsg8 x1vvkbs x3nfvp2 x1j61x8r x1fcty0u xdj266r xat24cr xm2jcoa x1mpyi22 xxymvpz xlup9mm x1kky2od\"><img loading=\"lazy\" decoding=\"async\" class=\"xz74otr x15mokao x1ga7v0g x16uus16 xbiv7yw\" src=\"https:\/\/static.xx.fbcdn.net\/images\/emoji.php\/v9\/t28\/1\/16\/1f3eb.png\" alt=\"\ud83c\udfeb\" width=\"16\" height=\"16\" \/><\/span><span class=\"html-span xexx8yu xyri2b x18d9i69 x1c1uobl x1hl2dhg x16tdsg8 x1vvkbs x3nfvp2 x1j61x8r x1fcty0u xdj266r xat24cr xm2jcoa x1mpyi22 xxymvpz xlup9mm x1kky2od\"><img loading=\"lazy\" decoding=\"async\" class=\"xz74otr x15mokao x1ga7v0g x16uus16 xbiv7yw\" src=\"https:\/\/static.xx.fbcdn.net\/images\/emoji.php\/v9\/t4d\/1\/16\/1f445.png\" alt=\"\ud83d\udc45\" width=\"16\" height=\"16\" \/><\/span> El <span class=\"html-span xdj266r x14z9mp xat24cr x1lziwak xexx8yu xyri2b x18d9i69 x1c1uobl x1hl2dhg x16tdsg8 x1vvkbs\"><a class=\"x1i10hfl xjbqb8w x1ejq31n x18oe1m7 x1sy0etr xstzfhl x972fbf x10w94by x1qhh985 x14e42zd x9f619 x1ypdohk xt0psk2 x3ct3a4 xdj266r x14z9mp xat24cr x1lziwak xexx8yu xyri2b x18d9i69 x1c1uobl x16tdsg8 x1hl2dhg xggy1nq x1a2a7pz xkrqix3 x1sur9pj x1fey0fg x1s688f\" role=\"link\" href=\"https:\/\/www.facebook.com\/gobiernodeasturias?__cft__[0]=AZUf1oSm1NzThmRx-3qNr5cMrNcU7Q-ZQ7PeUqqKTZW8LECBXuugoAzGnxHvcw4Ycd-Zn0fxh9HwDGtDEt2C26dlewyL3vttrxLDtjRtdoUk53FD99q2A2TvBSr2hnUJEdYUWvm-M8at9h7ouDvxe3Alf0ipNRNwE01oozgqXt7P1paJOYvXJdvf1gesB_F48TOul-EqP3Q-84gVwpEntMEx&amp;__tn__=-]K-y-R\"><span class=\"xt0psk2\"><span class=\"xjp7ctv\">Principado de Asturias<\/span><\/span><\/a><\/span> empecipia&#8217;l procedimientu para<strong> ufiertar per primer vegada la ense\u00f1anza de llingua asturiana nes Escueles Oficiales d&#8217;Idiomes (EOI). <\/strong><a href=\"https:\/\/alojaweb.educastur.es\/web\/eoioviedo\/lengua-asturiana\">Web EOI<\/a><\/li>\n<li dir=\"auto\">L&#8217;estrenu va tener llugar esti cursu acad\u00e9micu 2025-2026 na EOI d&#8217;Uvi\u00e9u, <strong>na modalid\u00e1 presencial<\/strong>, nos <strong>niveles b\u00e1sicos A1 y A2, entemediu B1 y avanz\u00e1u C1. <\/strong><a href=\"https:\/\/www.nortes.me\/2025\/09\/25\/asturiano-escuelas-oficiales-idiomas-oviedo\/?fbclid=IwY2xjawNCYDRleHRuA2FlbQIxMQABHpAtNrdbyw-X-2k0jEMZDZ5ZDz2r7q-gj7sPylWT9TF5gcZLgJLcw8OYfduT_aem_YtxFpsvnNjDDiicFt04oGQ\">Nortes.me<\/a><\/li>\n<\/ul>\n<p><!--more--><\/p>\n<p style=\"text-align: center\"><a href=\"https:\/\/www.nortes.me\/wp-content\/uploads\/2025\/09\/ChatGPT-Image-24-sept-2025-21_40_39.png\"><img loading=\"lazy\" decoding=\"async\" class=\"aligncenter \" src=\"https:\/\/www.nortes.me\/wp-content\/uploads\/2025\/09\/ChatGPT-Image-24-sept-2025-21_40_39.png\" width=\"685\" height=\"685\" \/><\/a><\/p>\n<ul>\n<li dir=\"auto\">El plazu de presentaci\u00f3n de solicit\u00faes ta y\u00e1 abiertu y va cerrase el llunes 29 de setiembre.<\/li>\n<li dir=\"auto\">El periodu de matriculaci\u00f3n va tar abiertu del 6 al 8 d&#8217;ochobre, dambos inclusive.<\/li>\n<li dir=\"auto\">Seg\u00fan establez el nuevu decretu aprob\u00e1u a finales d&#8217;agostu, que modifica&#8217;l d&#8217;ordenaci\u00f3n de les ense\u00f1ances d&#8217;idiomes de r\u00e9xime especial de 2018, la introducci\u00f3n del asturianu va llevar a cabu esti cursu nos niveles b\u00e1sicos A1 y A2, l&#8217;entemediu B1 y l&#8217;avanz\u00e1u C1. Y el pr\u00f3ximu a\u00f1u ta prevista la incorporaci\u00f3n del nivel entemediu B2.<\/li>\n<li dir=\"auto\">La ufierta formativa inicial va constar de cuatro grupos \u2013unu per cada nivel-, con una ratio m\u00e1xima de 25 estudiantes per grupu.<\/li>\n<\/ul>\n<p style=\"text-align: center\">\n<!-- iframe plugin v.6.0 wordpress.org\/plugins\/iframe\/ -->\n<iframe loading=\"lazy\" src=\"https:\/\/www.facebook.com\/plugins\/post.php?href=https%3A%2F%2Fwww.facebook.com%2Feducastur%2Fposts%2Fpfbid05vg9reYYhNqCXMwUaRXxiH6ULzeiUR6bPKfudgU9Wg1fFTYiom5pyzCr4gd1JC2Nl&#038;show_text=false&#038;width=500\" width=\"500\" height=\"333\" style=\"border:none;overflow:hidden\" scrolling=\"no\" frameborder=\"0\" allowfullscreen=\"true\" allow=\"autoplay; clipboard-write; encrypted-media; picture-in-picture; web-share\" 0=\"\/iframe\" class=\"iframe-class\"><\/iframe>\n<\/p>\n<ul>\n<li dir=\"auto\"><strong>Introducci\u00f3n progresiva.\u00a0<\/strong>Ese nuevu decretu establez tami\u00e9n que la implantaci\u00f3n de la llingua asturiana nes Escueles Oficiales d&#8217;Idiomes va efectuase de manera progresiva y atendiendo a criterios de suficiencia presupuestaria y disponibilidad, lo mesmo que de la ufierta que puedan asumir les distintes escueles. Nun futuru cont\u00e9mplase tami\u00e9n la ense\u00f1anza del eonaviego, que tendr\u00e1 de completar primero la normativa de los niveles de certificaci\u00f3n.Esta iniciativa coincide col estrenu, tami\u00e9n nesti nuevu cursu escolar, de la ense\u00f1anza del asturianu nel segundu ciclu d&#8217;Educaci\u00f3n Infantil, otru de los compromisos del Gobiernu para promocionar les lling\u00fces aut\u00f3ctones.<\/li>\n<\/ul>\n<div class=\"x_elementToProof\" data-olk-copy-source=\"MessageBody\"><em><span style=\"color: #008080\">Perpr\u00e9stanos informate de que l&#8217;asturianu y\u00e1 se pue cursar na\u00a0<b>Escuela Oficial d&#8217;Idiomes na so sede d&#8217;Uvi\u00e9u<\/b>. El plazu d&#8217;inscripci\u00f3n ye del\u00a0<b>23 al 29 de setiembre<\/b>. Niveles ufiertaos: B\u00e1sicu\u00a0A1 y A2, Intermediu\u00a0B1.1 y Avanz\u00e1u C1.1. Los conocimientos cursaos coinciden colos que son esaminaos nes pruebes oficiales de certificaci\u00f3n de Llingua Asturiana convocaes pola Conseyer\u00eda d&#8217;Educaci\u00f3n. Darr\u00e9u tienes tola informaci\u00f3n.<\/span><\/em><\/div>\n<div><\/div>\n<ul>\n<li><a id=\"LPlnk370093\" class=\"x_OWAAutoLink\" title=\"https:\/\/www.educastur.es\/-\/admision-extra-alumnado-eoi-convocatoria-calendario-asturiano?redirect=%2Festudiantes%2Fidiomas%2Festudiar-eoi%2Fadmision\" href=\"https:\/\/www.educastur.es\/-\/admision-extra-alumnado-eoi-convocatoria-calendario-asturiano?redirect=%2Festudiantes%2Fidiomas%2Festudiar-eoi%2Fadmision\" target=\"_blank\" rel=\"noopener noreferrer\" data-auth=\"NotApplicable\" data-linkindex=\"0\">https:\/\/www.educastur.es\/-\/admision-extra-alumnado-eoi-convocatoria-calendario-asturiano?redirect=%2Festudiantes%2Fidiomas%2Festudiar-eoi%2Fadmision<\/a><\/li>\n<li><a id=\"LPlnk826488\" class=\"x_OWAAutoLink\" title=\"https:\/\/alojaweb.educastur.es\/web\/eoioviedo\/lengua-asturiana\" href=\"https:\/\/alojaweb.educastur.es\/web\/eoioviedo\/lengua-asturiana\" target=\"_blank\" rel=\"noopener noreferrer\" data-auth=\"NotApplicable\" data-linkindex=\"1\">https:\/\/alojaweb.educastur.es\/web\/eoioviedo\/lengua-asturiana<\/a><\/li>\n<li>M\u00e1s info: <a href=\"https:\/\/www.educastur.es\/-\/admision-extra-alumnado-eoi-convocatoria-calendario-asturiano?redirect=%2Festudiantes%2Fidiomas%2Festudiar-eoi%2Fadmision&amp;fbclid=IwZXh0bgNhZW0CMTAAYnJpZBEwdlA5TEhDamVZZEFKaVpQWgEeGA4hO2myYsKmY8IK9qw6Zb79_Y2YUFhvegucC94RkzlOi0usztkh9LQjbS0_aem_-J0cq1pc-yPQG_Ek2uuHVQ\">Educastur<\/a> \/ <a href=\"https:\/\/alojaweb.educastur.es\/web\/eoioviedo\/lengua-asturiana?fbclid=IwZXh0bgNhZW0CMTAAYnJpZBEwdlA5TEhDamVZZEFKaVpQWgEel-HzK9Sqdgm5BsCPq0xAppsQYyXTIXQhCrHe2-6L4EbVNMOmdmoUVjKn-XQ_aem_GTtIglWKM0hlVrmuUYUojw\">Web EOI<\/a><\/li>\n<\/ul>\n<p><strong>Normativa d&#8217;aplicaci\u00f3n:\u00a0<\/strong><\/p>\n<ul>\n<li><a href=\"https:\/\/miprincipado.asturias.es\/bopa\/2019\/07\/01\/2019-06687.pdf\">Decreto 47\/2019, de 21 de junio, por el que se establecen los niveles de competencia en el uso de la lengua asturiana y se regula la prueba de certificaci\u00f3n correspondiente a dichos niveles adaptados al Marco Com\u00fan Europeo de Referencia de las Lenguas.<\/a><\/li>\n<li><a href=\"https:\/\/www.asturias.es\/bopa\/2018\/10\/23\/2018-10442.pdf\">Decreto 63\/2018, de 10 de octubre, por el que se establece la ordenaci\u00f3n y el curr\u00edculo de las ense\u00f1anzas de idiomas de r\u00e9gimen especial en el Principado de Asturias.<\/a><\/li>\n<li><a href=\"https:\/\/miprincipado.asturias.es\/bopa\/2025\/08\/27\/2025-07199.pdf\">Decreto 105\/2025, de 25 de agosto, de primera modificaci\u00f3n del Decreto 63\/2018, de 10 de octubre, por el que se establece la ordenaci\u00f3n y el curr\u00edculo de las ense\u00f1anzas de idiomas de r\u00e9gimen especial en el Principado de Asturias.<\/a><\/li>\n<\/ul>\n<\/div>\n<div class=\"x14z9mp xat24cr x1lziwak x1vvkbs xtlvy1s x126k92a\">\n<div dir=\"auto\"><\/div>\n<\/div>\n<\/div>\n<\/div>\n<\/div>\n<\/div>\n<\/div>\n<\/div>\n<\/div>\n<p>&nbsp;<\/p>\n","protected":false},"excerpt":{"rendered":"<p>Conseyer\u00eda d&#8217;Educaci\u00f3n del Princip\u00e1u\/https:\/\/acortar.link\/w5YEee El Principado de Asturias empecipia&#8217;l procedimientu para ufiertar per primer vegada la ense\u00f1anza de llingua asturiana nes Escueles Oficiales d&#8217;Idiomes (EOI). Web EOI L&#8217;estrenu va tener llugar esti cursu acad\u00e9micu 2025-2026 na EOI d&#8217;Uvi\u00e9u, na modalid\u00e1 presencial, nos niveles b\u00e1sicos A1 y A2, entemediu B1 y avanz\u00e1u C1. Nortes.me<\/p>\n","protected":false},"author":117,"featured_media":0,"comment_status":"closed","ping_status":"open","sticky":false,"template":"","format":"standard","meta":{"footnotes":""},"categories":[157,132],"tags":[],"class_list":["post-58545","post","type-post","status-publish","format-standard","hentry","category-cursos-llingua-asturiana","category-educastur"],"_links":{"self":[{"href":"https:\/\/edublog.educastur.es\/ixuxu\/wp-json\/wp\/v2\/posts\/58545","targetHints":{"allow":["GET"]}}],"collection":[{"href":"https:\/\/edublog.educastur.es\/ixuxu\/wp-json\/wp\/v2\/posts"}],"about":[{"href":"https:\/\/edublog.educastur.es\/ixuxu\/wp-json\/wp\/v2\/types\/post"}],"author":[{"embeddable":true,"href":"https:\/\/edublog.educastur.es\/ixuxu\/wp-json\/wp\/v2\/users\/117"}],"replies":[{"embeddable":true,"href":"https:\/\/edublog.educastur.es\/ixuxu\/wp-json\/wp\/v2\/comments?post=58545"}],"version-history":[{"count":9,"href":"https:\/\/edublog.educastur.es\/ixuxu\/wp-json\/wp\/v2\/posts\/58545\/revisions"}],"predecessor-version":[{"id":58703,"href":"https:\/\/edublog.educastur.es\/ixuxu\/wp-json\/wp\/v2\/posts\/58545\/revisions\/58703"}],"wp:attachment":[{"href":"https:\/\/edublog.educastur.es\/ixuxu\/wp-json\/wp\/v2\/media?parent=58545"}],"wp:term":[{"taxonomy":"category","embeddable":true,"href":"https:\/\/edublog.educastur.es\/ixuxu\/wp-json\/wp\/v2\/categories?post=58545"},{"taxonomy":"post_tag","embeddable":true,"href":"https:\/\/edublog.educastur.es\/ixuxu\/wp-json\/wp\/v2\/tags?post=58545"}],"curies":[{"name":"wp","href":"https:\/\/api.w.org\/{rel}","templated":true}]}}