{"id":58550,"date":"2025-09-24T16:20:19","date_gmt":"2025-09-24T14:20:19","guid":{"rendered":"https:\/\/edublog.educastur.es\/ixuxu\/?p=58550"},"modified":"2025-09-25T10:35:58","modified_gmt":"2025-09-25T08:35:58","slug":"osos-y-cambeu-climaticu","status":"publish","type":"post","link":"https:\/\/edublog.educastur.es\/ixuxu\/2025\/09\/osos-y-cambeu-climaticu\/","title":{"rendered":"El proyectu LIFE Osos con Futuru: Osos y camb\u00e9u clim\u00e1ticu."},"content":{"rendered":"<div class=\"x1cy8zhl x2bj2ny x78zum5 x1q0g3np\">\n<div class=\"x1iyjqo2\">\n<div class=\"x78zum5 xdt5ytf xz62fqu x16ldp7u\">\n<div class=\"xu06os2 x1ok221b\">\n<div class=\"x1gslohp\">\n<ul>\n<li class=\"html-h2 x14z9mp xat24cr x1lziwak xexx8yu xyri2b x18d9i69 x1c1uobl x1vvkbs x1heor9g x1qlqyl8 x1pd3egz x1a2a7pz x1gslohp\"><span class=\"x193iq5w xeuugli x13faqbe x1vvkbs x1xmvt09 x1f6kntn xvq8zen xo1l8bm xi81zsa\"><span class=\"xt0psk2\"><a class=\"x1i10hfl xjbqb8w x1ejq31n x18oe1m7 x1sy0etr xstzfhl x972fbf x10w94by x1qhh985 x14e42zd x9f619 x1ypdohk xt0psk2 x3ct3a4 xdj266r x14z9mp xat24cr x1lziwak xexx8yu xyri2b x18d9i69 x1c1uobl x16tdsg8 x1hl2dhg xggy1nq x1a2a7pz xkrqix3 x1sur9pj xzsf02u x1s688f\" role=\"link\" href=\"https:\/\/www.facebook.com\/iberianwildlife1?__cft__[0]=AZXWeQaIBHQfjJ9nhAmtCblVquHMIIkTZAJwXyd6CuapGJ3ML9BS8LOj4BeCYwAFk3fAoH-ut9f0iBptrCRUGtdIgO6Y_hsQ1OLuEFPK9Qt6xbAjIVOW6IumAGndp3zgyTOImgebu7Q9TpLgGnaj9oewWPb3USjPXuW9Y7TRQhl2aCx0O_6DIuPvryrDZ8tSUrz7JWx0rTV1cQ-tVfS2u8Wj&amp;__tn__=-UC*F\">Iberian Wildlife<\/a><\/span><\/span>\/<a href=\"https:\/\/scontent-bcn1-1.xx.fbcdn.net\/v\/t39.30808-6\/552055464_1326032836199563_8848344551653952954_n.jpg?_nc_cat=102&amp;ccb=1-7&amp;_nc_sid=127cfc&amp;_nc_ohc=BavRFSUPys0Q7kNvwErRouR&amp;_nc_oc=Adl4J2Eyd2b1hiO0fvTep0aIL-c1bJ4RuKyucEn7JfVbZzOCxa2WYPfyUQU6JTXdLi9mMbotblxJTPLISZfpornf&amp;_nc_zt=23&amp;_nc_ht=scontent-bcn1-1.xx&amp;_nc_gid=fg5M0Y5KFL7xB-3UBrBOmw&amp;oh=00_AfZFz3iIaqe1Y1VOCiZxI0uQzw6Z7bmVH9frN9PGNjrXBA&amp;oe=68DA1B75\"> cartelu<\/a><\/li>\n<li><a href=\"https:\/\/www.un.org\/es\/climatechange\/what-is-climate-change\">UN<\/a> \/ <a href=\"https:\/\/fundacion-biodiversidad.es\/life\/life-osos-con-futuro\">https:\/\/fundacion-biodiversidad.es\/life\/life-osos-con-futuro<\/a><\/li>\n<li><a href=\"https:\/\/fundacionosopardo.org\/proyecto-life-osos-con-futuro\">https:\/\/fundacionosopardo.org\/proyecto-life-osos-con-futuro<\/a><\/li>\n<\/ul>\n<\/div>\n<\/div>\n<div class=\"xu06os2 x1ok221b\">\n<div>\n<p>L&#8217;osu pardu at\u00f3pase en peligru d&#8217;estinci\u00f3n y ye bien vulnerable a cualquier amenaza. El camb\u00e9u clim\u00e1ticu pon en riesgu la recuperaci\u00f3n de los osos cant\u00e1bricos. <strong>El camb\u00e9u clim\u00e1ticu y\u00e1 ta incidiendo na producci\u00f3n de frutos monteses de los que s&#8217;alimenta l&#8217;osu y favorez que los osos enviernen mientres menos tiempu o nun lo faigan.<\/strong><\/p>\n<\/div>\n<\/div>\n<\/div>\n<\/div>\n<div class=\"xqcrz7y x78zum5 x1qx5ct2 x1y1aw1k xf159sx xwib8y2 xmzvs34 xw4jnvo\">\n<div class=\"x1i10hfl x1qjc9v5 xjqpnuy xc5r6h4 xqeqjp1 x1phubyo x9f619 x1ypdohk xdl72j9 x2lah0s x3ct3a4 x2lwn1j xeuugli x16tdsg8 x1hl2dhg xggy1nq x1ja2u2z x1t137rt x1fmog5m xu25z0z x140muxe xo1y3bh x1q0g3np x87ps6o x1lku1pv x1a2a7pz xjyslct xjbqb8w x13fuv20 x18b5jzi x1q0q8m5 x1t7ytsu x972fbf x10w94by x1qhh985 x14e42zd x3nfvp2 xdj266r x14z9mp xat24cr x1lziwak xexx8yu xyri2b x18d9i69 x1c1uobl x1n2onr6 x3ajldb xrw4ojt xg6frx5 xw872ko xhgbb2x x1xhcax0 x1s928wv x1o8326s x56lyyc x1j6awrg x1tfg27r xitxdhh\" role=\"button\" aria-expanded=\"false\" aria-label=\"Acciones para esta publicaci\u00f3n\">\n<div role=\"none\" data-visualcompletion=\"ignore\">\n<p style=\"text-align: center\">\n<!-- iframe plugin v.6.0 wordpress.org\/plugins\/iframe\/ -->\n<iframe loading=\"lazy\" width=\"100%\" height=\"387\" src=\"https:\/\/www.youtube.com\/embed\/egg646YKZ3s\" title=\"Proyecto LIFE Osos con Futuro. Osos y Cambio clim\u00e1tico\" frameborder=\"0\" allow=\"accelerometer; autoplay; clipboard-write; encrypted-media; gyroscope; picture-in-picture; web-share\" referrerpolicy=\"strict-origin-when-cross-origin\" 0=\"allowfullscreen\" 1=\"\/iframe\" scrolling=\"yes\" class=\"iframe-class\"><\/iframe>\n<\/p>\n<p><!--more--><\/p>\n<div>\n<p>Coles mires de favorecer l&#8217;adaptabilid\u00e1 del osu pardu al camb\u00e9u clim\u00e1ticu nel Cordal Cant\u00e1bricu, dende la Fundaci\u00f3n Biodiversid\u00e1 del Ministeriu para la Transici\u00f3n Ecol\u00f3xica y el Retu Demogr\u00e1ficu participamos como socios nel proyectu LIFE Osos con futuru \u201cAmeyora de recursos tr\u00f3ficos clave y prevenci\u00f3n de conflictos ivernizos para caltener l&#8217;osu pardu cant\u00e1bricu.<\/p>\n<p style=\"text-align: center\">\n<!-- iframe plugin v.6.0 wordpress.org\/plugins\/iframe\/ -->\n<iframe loading=\"lazy\" width=\"681\" height=\"383\" src=\"https:\/\/www.youtube.com\/embed\/WBkkRLn84kg\" title=\"Los osos salen de la hibernaci\u00f3n\" frameborder=\"0\" allow=\"accelerometer; autoplay; clipboard-write; encrypted-media; gyroscope; picture-in-picture; web-share\" referrerpolicy=\"strict-origin-when-cross-origin\" 0=\"allowfullscreen\" 1=\"\/iframe\" scrolling=\"yes\" class=\"iframe-class\"><\/iframe>\n<\/p>\n<\/div>\n<div class=\"html-div xdj266r x14z9mp xat24cr x1lziwak xexx8yu xyri2b x18d9i69 x1c1uobl x6s0dn4 x17zd0t2 x78zum5 x1q0g3np x1a02dak\"><strong>El camb\u00e9u clim\u00e1ticu refierse a los cambeos al llargu plazu de les temperatures y el patrones clim\u00e1ticos.<\/strong> Estos cambeos pueden ser naturales, por cuenta de variaciones na activid\u00e1 solar o erupciones volc\u00e1niques grandes. Pero dende&#8217;l sieglu XIX, les actividaes humanes fueron el principal motor del camb\u00e9u clim\u00e1ticu, deb\u00edu principalmente a la quema de combustibles f\u00f3siles como&#8217;l carb\u00f3n, el petr\u00f3leu y el gas.<\/div>\n<div><\/div>\n<div>La quema de combustibles f\u00f3siles xenera emisiones de gases d&#8217;efectu invernaderu qu&#8217;act\u00faen como unu cobertor qu&#8217;envolubra a la Tierra, atrapando&#8217;l calor del sol y alzando les temperatures.<\/div>\n<div><\/div>\n<div><span style=\"color: #008080\"><strong>Los osos salen de la envern\u00eda pasaos los fr\u00edos<\/strong>, nos primeros d\u00edes de primavera los osos t\u00e1n saliendo y\u00e1 de les sos oseres y retomen la so activid\u00e1. Esti iviernu pas\u00e1u\u00a0 los osos optaron mayoritariamente por envernar, ya inclusive los grupos familiares que sigu\u00eden los equipos de la Fundaci\u00f3n Oso Pardo (FOP), qu&#8217;otros a\u00f1os nun envernaben, dexaron de ser alcontraos a lo llargo de los meses ivernizos m\u00e1s fr\u00edos. <\/span><\/div>\n<div><\/div>\n<div><span style=\"color: #008080\">La seronda pasada foi bien ricu n&#8217;alimentu, cuntando especialmente con una escelente collecha de fayucos, los nutritivos frutos de les fayes, que facilit\u00f3&#8217;l bon est\u00e1u f\u00edsicu de los osos al entamu del iviernu y la so opci\u00f3n por una sele envern\u00eda.<\/span><\/div>\n<div>\n<span style=\"color: #008080\">Quepe recordar que <strong>cuando los osos enviernen, entren nun est\u00e1u de dormici\u00f3n<\/strong> que fai baxar el so ritmu cardiacu dende 40-50 hasta unes 10 pulsaciones per minutu, el ritmu respiratoriu baxa a la met\u00e1 y la temperatura amenorgar en 4 \u00f3 5 graos, calteniendo les constantes funcionales gracies a la enerx\u00eda proporcionada poles reserves grases atropaes na seronda. Para envernar busquen cueves, o les escaven, en llugares pocu accesibles a salvo de les molesties humanes. <\/span><\/div>\n<div><\/div>\n<div><span style=\"color: #008080\">Ye bien importante caltener les zones d&#8217;oseres al marxe de les actividaes humanes pel hibiernu para evitar interferir nel sua\u00f1u ivernizu o nos partos de les oses.<\/span><\/div>\n<div><\/div>\n<div><span style=\"color: #008080\"> Les oses paren en xineru nes oseres, d&#8217;unu a tr\u00e9s esbardos, que pesen 400 g al nacer y van tar aliment\u00e1ndose de la lleche materno ensin salir al esterior hasta abril o mayu, cuando y\u00e1 pesen 4 o 5 kg.<\/span><\/div>\n<p style=\"text-align: center\">\n<!-- iframe plugin v.6.0 wordpress.org\/plugins\/iframe\/ -->\n<iframe loading=\"lazy\" src=\"https:\/\/www.facebook.com\/plugins\/post.php?href=https%3A%2F%2Fwww.facebook.com%2Fiberianwildlife1%2Fposts%2Fpfbid0NEKr8K9wc91MLzZhYXXWCqHvU6ufWT1fgkWXFa3zjLTXHN7fdu8orvkbmxSbtYtql&#038;show_text=false&#038;width=500\" width=\"500\" height=\"497\" style=\"border:none;overflow:hidden\" scrolling=\"no\" frameborder=\"0\" allowfullscreen=\"true\" allow=\"autoplay; clipboard-write; encrypted-media; picture-in-picture; web-share\" 0=\"\/iframe\" class=\"iframe-class\"><\/iframe>\n<\/p>\n<div id=\"top-row\" class=\"style-scope ytd-watch-metadata\">\n<div id=\"owner\" class=\"item style-scope ytd-watch-metadata\">\n<div id=\"upload-info\" class=\"style-scope ytd-video-owner-renderer\">\n<div id=\"container\" class=\"style-scope ytd-channel-name\">\n<ul>\n<li id=\"text-container\" class=\"style-scope ytd-channel-name\"><a class=\"yt-simple-endpoint style-scope yt-formatted-string\" href=\"https:\/\/www.youtube.com\/@fundacionbiodiversidad\">Fundaci\u00f3n Biodiversidad<\/a>\/\u00a0<a href=\"https:\/\/fundacionosopardo.org\/proyecto-life-osos-con-futuro\/\">proyecto LIFE \u2018Osos con Futuro\u2019<\/a>,<\/li>\n<\/ul>\n<\/div>\n<\/div>\n<div id=\"subscribe-button\" class=\"style-scope ytd-watch-metadata\">\n<div class=\"smartimation__content\" style=\"text-align: center\"><a href=\"https:\/\/fundacion-biodiversidad.es\/wp-content\/uploads\/2021\/08\/ososfuturo_logo_rgb_0-1.jpg\"><img loading=\"lazy\" decoding=\"async\" class=\"aligncenter size-large\" src=\"https:\/\/fundacion-biodiversidad.es\/wp-content\/uploads\/2021\/08\/ososfuturo_logo_rgb_0-1.jpg\" width=\"318\" height=\"146\" \/><\/a><\/div>\n<\/div>\n<\/div>\n<div id=\"actions\" class=\"item style-scope ytd-watch-metadata\">\n<div id=\"actions-inner\" class=\"style-scope ytd-watch-metadata\">\n<div id=\"menu\" class=\"style-scope ytd-watch-metadata\">\n<div id=\"top-level-buttons-computed\" class=\"top-level-buttons style-scope ytd-menu-renderer\"><\/div>\n<\/div>\n<\/div>\n<\/div>\n<\/div>\n<div id=\"bottom-row\" class=\"style-scope ytd-watch-metadata\">\n<div id=\"description\" class=\"item style-scope ytd-watch-metadata\">\n<div id=\"description-inner\" class=\"style-scope ytd-watch-metadata\">\n<div id=\"info-container\" class=\"style-scope ytd-watch-info-text\"><strong>El proyectu LIFE Osos con Futuru<\/strong> \u201cAmeyora de los recursos alimentarios clave para l&#8217;osu pardu cant\u00e1bricu y prevenci\u00f3n de los conflictos ivernizos nun escenariu de camb\u00e9u clim\u00e1ticu\u201d, desenvolvi\u00f3se ente ochobre de 2020 y marzu de 2025, pa favorecer l&#8217;adaptaci\u00f3n del osu pardu al camb\u00e9u clim\u00e1ticu nel Cordal Cant\u00e1bricu.<a href=\"https:\/\/fundacionosopardo.org\/wp-content\/uploads\/2021\/04\/Mapa-general-del-proyecto-LIFE-Oso-con-futuro.pdf\"> <strong>MAPA<\/strong><\/a><\/div>\n<div><\/div>\n<div class=\"style-scope ytd-watch-info-text\">N&#8217;este video pres\u00e9ntense les resultancies d&#8217;esti proyectu que contribuy\u00f3 a apurrir soluciones \u00e9nte escenarios de camb\u00e9u clim\u00e1ticu por aciu actuaciones forestales y de sensibilizaci\u00f3n.<\/div>\n<div><\/div>\n<div class=\"style-scope ytd-watch-info-text\">La<strong> Fundaci\u00f3n Oso Pardo<\/strong> coordin\u00f3&#8217;l LIFE Osos con Futuru, nel que la Fundaci\u00f3n Biodiversid\u00e1 del Ministeriu pa la Transici\u00f3n Ecol\u00f3xica y el Retu Demogr\u00e1ficu particip\u00f3 como socia. Tami\u00e9n foi socia la Fundaci\u00f3n Patrimoniu Natural, de la Xunta de Castiella y Lli\u00f3n (FPNCyL). Les alministraciones auton\u00f3miques de la Xunta de Castiella y Lli\u00f3n y el Princip\u00e1u d&#8217;Asturies collaboraron nel proyectu, y el Princip\u00e1u d&#8217;Asturies am\u00e1s contribuy\u00f3 a la cofinanciaci\u00f3n. La Fundaci\u00f3n Tierra Pura collabor\u00f3 nes sos acciones y cofinanci\u00f3 el proyectu. Cunt\u00f3 cola contribuci\u00f3n financiera del Programa LIFE de la Uni\u00f3n Europea.<\/div>\n<div style=\"text-align: center\"><a href=\"https:\/\/fundacion-biodiversidad.es\/wp-content\/uploads\/2021\/08\/osos_cantabricos_3._foto_fop-scaled.jpg\"><img loading=\"lazy\" decoding=\"async\" class=\"aligncenter size-large\" src=\"https:\/\/fundacion-biodiversidad.es\/wp-content\/uploads\/2021\/08\/osos_cantabricos_3._foto_fop-scaled.jpg\" width=\"2560\" height=\"1706\" \/><\/a><\/div>\n<\/div>\n<\/div>\n<\/div>\n<\/div>\n<\/div>\n<\/div>\n<\/div>\n<div class=\"xyinxu5 xyri2b x1g2khh7 x1c1uobl\"><\/div>\n","protected":false},"excerpt":{"rendered":"<p>Iberian Wildlife\/ cartelu UN \/ https:\/\/fundacion-biodiversidad.es\/life\/life-osos-con-futuro https:\/\/fundacionosopardo.org\/proyecto-life-osos-con-futuro L&#8217;osu pardu at\u00f3pase en peligru d&#8217;estinci\u00f3n y ye bien vulnerable a cualquier amenaza. El camb\u00e9u clim\u00e1ticu pon en riesgu la recuperaci\u00f3n de los osos cant\u00e1bricos. El camb\u00e9u clim\u00e1ticu y\u00e1 ta incidiendo na producci\u00f3n de frutos monteses de los que s&#8217;alimenta l&#8217;osu y favorez que los osos enviernen mientres [&hellip;]<\/p>\n","protected":false},"author":117,"featured_media":0,"comment_status":"closed","ping_status":"open","sticky":false,"template":"","format":"standard","meta":{"footnotes":""},"categories":[1],"tags":[],"class_list":["post-58550","post","type-post","status-publish","format-standard","hentry","category-sin-categoria"],"_links":{"self":[{"href":"https:\/\/edublog.educastur.es\/ixuxu\/wp-json\/wp\/v2\/posts\/58550","targetHints":{"allow":["GET"]}}],"collection":[{"href":"https:\/\/edublog.educastur.es\/ixuxu\/wp-json\/wp\/v2\/posts"}],"about":[{"href":"https:\/\/edublog.educastur.es\/ixuxu\/wp-json\/wp\/v2\/types\/post"}],"author":[{"embeddable":true,"href":"https:\/\/edublog.educastur.es\/ixuxu\/wp-json\/wp\/v2\/users\/117"}],"replies":[{"embeddable":true,"href":"https:\/\/edublog.educastur.es\/ixuxu\/wp-json\/wp\/v2\/comments?post=58550"}],"version-history":[{"count":12,"href":"https:\/\/edublog.educastur.es\/ixuxu\/wp-json\/wp\/v2\/posts\/58550\/revisions"}],"predecessor-version":[{"id":58625,"href":"https:\/\/edublog.educastur.es\/ixuxu\/wp-json\/wp\/v2\/posts\/58550\/revisions\/58625"}],"wp:attachment":[{"href":"https:\/\/edublog.educastur.es\/ixuxu\/wp-json\/wp\/v2\/media?parent=58550"}],"wp:term":[{"taxonomy":"category","embeddable":true,"href":"https:\/\/edublog.educastur.es\/ixuxu\/wp-json\/wp\/v2\/categories?post=58550"},{"taxonomy":"post_tag","embeddable":true,"href":"https:\/\/edublog.educastur.es\/ixuxu\/wp-json\/wp\/v2\/tags?post=58550"}],"curies":[{"name":"wp","href":"https:\/\/api.w.org\/{rel}","templated":true}]}}