{"id":58571,"date":"2025-09-28T19:32:57","date_gmt":"2025-09-28T17:32:57","guid":{"rendered":"https:\/\/edublog.educastur.es\/ixuxu\/?p=58571"},"modified":"2025-09-28T21:08:19","modified_gmt":"2025-09-28T19:08:19","slug":"la-nueche-blanca-duvieu-abrese-al-asturianu-col-festival-namas-dragones","status":"publish","type":"post","link":"https:\/\/edublog.educastur.es\/ixuxu\/2025\/09\/la-nueche-blanca-duvieu-abrese-al-asturianu-col-festival-namas-dragones\/","title":{"rendered":"La Nueche Blanca d&#8217;Uvi\u00e9u \u00e1brese al asturianu col Festival \u00abNam\u00e1s Dragones\u00bb"},"content":{"rendered":"<p style=\"text-align: center\"><span class=\"x193iq5w xeuugli x13faqbe x1vvkbs xt0psk2 x1i0vuye xvs91rp xo1l8bm x5n08af x10wh9bi xpm28yp x8viiok x1o7cslx x126k92a\"><span class=\"html-span xexx8yu x4uap5 x18d9i69 xkhd6sd x1hl2dhg x16tdsg8 x1vvkbs x3nfvp2 x1j61x8r x1fcty0u xdj266r xat24cr xgzva0m xhhsvwb xxymvpz xlup9mm x1kky2od\">\n<!-- iframe plugin v.6.0 wordpress.org\/plugins\/iframe\/ -->\n<iframe loading=\"lazy\" src=\"https:\/\/www.instagram.com\/reel\/DO_JlGojO30\/embed\" width=\"500\" height=\"675\" 0=\"\/iframe\" scrolling=\"yes\" class=\"iframe-class\" frameborder=\"0\"><\/iframe>\n<\/span><\/span><\/p>\n<p style=\"text-align: center\"><a href=\"https:\/\/www.formientu.com\/noticies\/la-nueche-blanca-duvieu-abrese-al-asturianu-col-festival-namas-dragones\"><span class=\"x193iq5w xeuugli x13faqbe x1vvkbs xt0psk2 x1i0vuye xvs91rp xo1l8bm x5n08af x10wh9bi xpm28yp x8viiok x1o7cslx x126k92a\">La Nueche Blanca d&#8217;Uvi\u00e9u \u00e1brese al asturianu col Festival \u00abNam\u00e1s Dragones\u00bb<\/span><\/a><\/p>\n<p align=\"LEFT\">El Conceyu d\u2019Uvi\u00e9u ta acabantes de presentar la programaci\u00f3n de la Nueche Blanca 2025. Esti a\u00f1u la ufierta cultural de la Nueche Blanca d\u2019Uvi\u00e9u incl\u00fai la propuesta n\u2019asturianu \u00abNam\u00e1s Dragones\u00bb. Tr\u00e1tase d\u2019un festival de poes\u00eda espandida que va tener llugar la nueche del\u00a0<strong>s\u00e1badu 4 d\u2019ochobre<\/strong> de 20:00h a 23:00h na Sala de C\u00e1mara del Auditoriu, na Plaza del Fresno. <a href=\"https:\/\/www.oviedo.es\/documents\/25041\/2768982\/NBO25-Programacion.pdf?fbclid=PARlRTSANAm-NleHRuA2FlbQIxMQABp0gXm-jJVh9hARZcJTHJIlKsk9VUI8A_fA0JRuI4zeZ2OPnrizmtKyMwP5w3_aem_zAmWLLBP-eiLxa67mfuvYw\"><strong>PROGRAMA<\/strong><\/a><\/p>\n<p align=\"LEFT\"><!--more--><\/p>\n<p><strong>\u00abNam\u00e1s Dragones\u00bb<span style=\"color: #008080\">\u00a0ye un nuevu festival de poes\u00eda esc\u00e9nica n\u2019asturianu onde s\u2019aglutina\u2019l conxuntu de creadores con vocaci\u00f3n d\u2019aumentar les dimensiones po\u00e9tiques m\u00e1s all\u00e1 de los llibros<\/span><\/strong>. La poes\u00eda asturiana ta n\u2019auxe y son necesarios los espacios pa qu\u2019esta vaya conociendo nueves v\u00edes de desarrollu. \u00abNam\u00e1s Dragones\u00bb ye performance, ye escenariu, ye palabra, imaxe, son y movimientu: la poes\u00eda nes tables.<\/p>\n<p><strong>Nesta primer edici\u00f3n van llevase a cabu tr\u00e9s performances<\/strong>.<\/p>\n<ul>\n<li>La primera va ser un<strong> homenaxe al recientemente fallec\u00edu Xuan Bello<\/strong> (20:00), colos m\u00fasicos Andr\u00e9s Rodrigues y Pep\u00edn de Mu\u00f1al\u00e9n, recordando al que foi y ser\u00e1 unu de los mayores talentos de la lliteratura asturiana del \u00faltimu sieglu.<\/li>\n<li>La segunda propuesta trainos a la <strong>poeta Sof\u00eda Casta\u00f1\u00f3n y al cantante Nacho Vegas<\/strong> na so primer colaboraci\u00f3n art\u00edstica xuntos (21:00).<\/li>\n<li>Pa rematar (22:00), contaremos con \u00abPercepci\u00f3n \/ \u2828 \u280f \u2811 \u2817 \u2809 \u2811 \u280f \u2809 \u280a \u282c \u281d \u00bb, <strong>un espect\u00e1culu del poeta An\u00edbal Gonz\u00e1lez<\/strong>, el m\u00fasicu Tom\u00e1s Fl\u00f3rez (Thomas Florez) y el bailar\u00edn Jaime Gonz\u00e1lez (Migonjai Kan).<\/li>\n<li>El festival ta coordin\u00e1u dende l\u2019Asociaci\u00f3n Mez\u00e1 pol poeta y xestor cultural Miguel Rodr\u00edguez Monteavaro.<\/li>\n<li>La programaci\u00f3n completa de la Nueche Blanca d\u2019Uvi\u00e9u, incluy\u00edos los detalles del Festival \u00abNam\u00e1s Dragones\u00bb, puede consultase <a href=\"https:\/\/www.oviedo.es\/documents\/25041\/2768982\/NBO25-Programacion.pdf?fbclid=PARlRTSANAm-NleHRuA2FlbQIxMQABp0gXm-jJVh9hARZcJTHJIlKsk9VUI8A_fA0JRuI4zeZ2OPnrizmtKyMwP5w3_aem_zAmWLLBP-eiLxa67mfuvYw\">equ\u00ed<\/a>.<\/li>\n<\/ul>\n<p style=\"text-align: center\">\n<!-- iframe plugin v.6.0 wordpress.org\/plugins\/iframe\/ -->\n<iframe loading=\"lazy\" src=\"https:\/\/www.facebook.com\/plugins\/post.php?href=https%3A%2F%2Fwww.facebook.com%2Fphoto.php%3Ffbid%3D10163838136004913%26set%3Da.89597299912%26type%3D3&#038;show_text=false&#038;width=500\" width=\"500\" height=\"620\" style=\"border:none;overflow:hidden\" scrolling=\"no\" frameborder=\"0\" allowfullscreen=\"true\" allow=\"autoplay; clipboard-write; encrypted-media; picture-in-picture; web-share\" 0=\"\/iframe\" class=\"iframe-class\"><\/iframe>\n<\/p>\n","protected":false},"excerpt":{"rendered":"<p>La Nueche Blanca d&#8217;Uvi\u00e9u \u00e1brese al asturianu col Festival \u00abNam\u00e1s Dragones\u00bb El Conceyu d\u2019Uvi\u00e9u ta acabantes de presentar la programaci\u00f3n de la Nueche Blanca 2025. Esti a\u00f1u la ufierta cultural de la Nueche Blanca d\u2019Uvi\u00e9u incl\u00fai la propuesta n\u2019asturianu \u00abNam\u00e1s Dragones\u00bb. Tr\u00e1tase d\u2019un festival de poes\u00eda espandida que va tener llugar la nueche del\u00a0s\u00e1badu 4 [&hellip;]<\/p>\n","protected":false},"author":117,"featured_media":0,"comment_status":"closed","ping_status":"open","sticky":false,"template":"","format":"standard","meta":{"footnotes":""},"categories":[348,39],"tags":[],"class_list":["post-58571","post","type-post","status-publish","format-standard","hentry","category-nueche-blanca","category-poesia"],"_links":{"self":[{"href":"https:\/\/edublog.educastur.es\/ixuxu\/wp-json\/wp\/v2\/posts\/58571","targetHints":{"allow":["GET"]}}],"collection":[{"href":"https:\/\/edublog.educastur.es\/ixuxu\/wp-json\/wp\/v2\/posts"}],"about":[{"href":"https:\/\/edublog.educastur.es\/ixuxu\/wp-json\/wp\/v2\/types\/post"}],"author":[{"embeddable":true,"href":"https:\/\/edublog.educastur.es\/ixuxu\/wp-json\/wp\/v2\/users\/117"}],"replies":[{"embeddable":true,"href":"https:\/\/edublog.educastur.es\/ixuxu\/wp-json\/wp\/v2\/comments?post=58571"}],"version-history":[{"count":4,"href":"https:\/\/edublog.educastur.es\/ixuxu\/wp-json\/wp\/v2\/posts\/58571\/revisions"}],"predecessor-version":[{"id":58706,"href":"https:\/\/edublog.educastur.es\/ixuxu\/wp-json\/wp\/v2\/posts\/58571\/revisions\/58706"}],"wp:attachment":[{"href":"https:\/\/edublog.educastur.es\/ixuxu\/wp-json\/wp\/v2\/media?parent=58571"}],"wp:term":[{"taxonomy":"category","embeddable":true,"href":"https:\/\/edublog.educastur.es\/ixuxu\/wp-json\/wp\/v2\/categories?post=58571"},{"taxonomy":"post_tag","embeddable":true,"href":"https:\/\/edublog.educastur.es\/ixuxu\/wp-json\/wp\/v2\/tags?post=58571"}],"curies":[{"name":"wp","href":"https:\/\/api.w.org\/{rel}","templated":true}]}}