{"id":58578,"date":"2025-09-24T19:00:39","date_gmt":"2025-09-24T17:00:39","guid":{"rendered":"https:\/\/edublog.educastur.es\/ixuxu\/?p=58578"},"modified":"2025-09-25T10:16:35","modified_gmt":"2025-09-25T08:16:35","slug":"sofia-castanon-ganal-xxxi-premiu-xuan-maria-acebal-de-poesia-nasturianu","status":"publish","type":"post","link":"https:\/\/edublog.educastur.es\/ixuxu\/2025\/09\/sofia-castanon-ganal-xxxi-premiu-xuan-maria-acebal-de-poesia-nasturianu\/","title":{"rendered":"Sof\u00eda Casta\u00f1\u00f3n gana\u2019l XXXI Premiu Xuan Mar\u00eda Acebal de poes\u00eda n\u2019asturianu"},"content":{"rendered":"<ul>\n<li class=\"entry-title\"><span style=\"font-size: 14px\">Sof\u00eda Casta\u00f1\u00f3n gana\u2019l <span style=\"color: #008080\"><strong>XXXI Premiu Xuan Mar\u00eda Acebal<\/strong><\/span> de poes\u00eda n\u2019asturianu cola obra \u2018Esti amor asturfalante\u2019. <a href=\"https:\/\/www.formientu.com\/noticies\/sofia-castanon-ganal-xxxi-premiu-xuan-maria-acebal-de-poesia-nasturianu-cola-obra-esti-amor-asturfalante\"><strong>Formientu<\/strong><\/a><\/span><\/li>\n<\/ul>\n<p style=\"text-align: center\"><span class=\"x193iq5w xeuugli x13faqbe x1vvkbs xt0psk2 x1i0vuye xvs91rp xo1l8bm x5n08af x10wh9bi xpm28yp x8viiok x1o7cslx x126k92a\"><span class=\"html-span xexx8yu x4uap5 x18d9i69 xkhd6sd x1hl2dhg x16tdsg8 x1vvkbs x3nfvp2 x1j61x8r x1fcty0u xdj266r xat24cr xgzva0m xhhsvwb xxymvpz xlup9mm x1kky2od\">\n<!-- iframe plugin v.6.0 wordpress.org\/plugins\/iframe\/ -->\n<iframe loading=\"lazy\" src=\"https:\/\/www.instagram.com\/reel\/DO--LqojGCF\/embed\" width=\"500\" height=\"675\" 0=\"\/iframe\" scrolling=\"yes\" class=\"iframe-class\" frameborder=\"0\"><\/iframe>\n<\/span><\/span><\/p>\n<p>La Conseyer\u00eda de Cultura, Pol\u00edtica Lling\u00fc\u00edstica y Deporte escoy\u00f3\u2019l poemariu\u00a0<em><strong>Esti amor asturfalante<\/strong><\/em>, de la escritora Sof\u00eda Casta\u00f1\u00f3n, como ganador de la<strong><span style=\"color: #008080\"> XXXI edici\u00f3n del Premiu Xuan Mar\u00eda Acebal de poes\u00eda n\u2019asturianu. <a href=\"https:\/\/www.rtpa.es\/noticias-sociedad-ast\/2025-09-24\/Sofia-Casta\u00f1on-gana'l-premiu-Xuan-Maria-Acebal-de-poesia-con-'Esti-amor-asturfalante'%E2%80%82%E2%80%82%E2%80%82_111758718933.html\">TPA<\/a><\/span><\/strong><\/p>\n<p><!--more--><\/p>\n<p>El xur\u00e1u destac\u00f3 \u201cla madurez de la obra, la so capacid\u00e1 de conmover y remover emociones, un usu del asturianu especialmente cuid\u00e1u y la solvencia na estructura d\u2019un poemariu nel qu\u2019una historia d\u2019amor, una historia sobre\u2019l llinguaxe y un contestu afect\u00e1u pel mundu entet\u00e9xense nun testu con versos d\u2019aliendu llargu\u201d.<\/p>\n<p>El director xeneral d\u2019Acci\u00f3n Cultural y Normalizaci\u00f3n Lling\u00fc\u00edstica, <strong>Ant\u00f3n Garc\u00eda, presidi\u00f3 l\u2019equipu de persones espertes encargaes de valorar les obres,<\/strong> que tuvo integr\u00e1u pola fil\u00f3loga Iris Quintana y los poetes Taresa Lorences, Alba Gonz\u00e1lez Sanz, Rodrigo Olay y Miguel Rodr\u00edguez Monteavaro, esti \u00faltimu ganador de la edici\u00f3n pasada. Actu\u00f3 como secretaria Laura Marcos, fil\u00f3loga de la conseyer\u00eda. Sof\u00eda Casta\u00f1\u00f3n algamaba asina\u2019l XXXI Premiu Xuan Mar\u00eda Acebal de poes\u00eda n\u2019asturianu, confirmando que ye una poeta de referencia y una figura a siguir tami\u00e9n dientro del panorama cultural asturianu.<\/p>\n<p style=\"text-align: center\"><a href=\"https:\/\/actualidad.asturias.es\/documents\/537115\/2824746\/Logo+Premiu+Xuan+Mar%C3%ADa+Acebal+.png\/e830c655-2c41-3a3a-90d3-0bca3fb1245f?t=1758710881678\"><img loading=\"lazy\" decoding=\"async\" class=\"aligncenter \" src=\"https:\/\/actualidad.asturias.es\/documents\/537115\/2824746\/Logo+Premiu+Xuan+Mar%C3%ADa+Acebal+.png\/e830c655-2c41-3a3a-90d3-0bca3fb1245f?t=1758710881678\" width=\"393\" height=\"283\" \/><\/a><\/p>\n<p>El premiu <strong>Xuan Mar\u00eda Acebal<\/strong> que promueve la Conseyer\u00eda de Cultura, Pol\u00edtica Lling\u00fc\u00edstica y Deporte ta dot\u00e1u con 6.000 euros y la publicaci\u00f3n de la obra ganadora.<a href=\"https:\/\/actualidad.asturias.es\/-\/sof%C3%ADa-casta%C3%B1%C3%B3n-gana-el-xxxi-premio-xuan-mar%C3%ADa-acebal-de-poes%C3%ADa-en-asturiano-con-la-obra-esti-amor-asturfalante-?redirect=%2F\"> Actualid\u00e1<\/a><\/p>\n<p style=\"text-align: center\"><a href=\"https:\/\/www.rtpa.es\/fotos\/\/25\/09\/20250924144958_RTPA7145268.webp\"><img loading=\"lazy\" decoding=\"async\" class=\"aligncenter size-large\" src=\"https:\/\/www.rtpa.es\/fotos\/\/25\/09\/20250924144958_RTPA7145268.webp\" width=\"853\" height=\"480\" \/><\/a><\/p>\n<p><strong>Sof\u00eda Casta\u00f1\u00f3n naci\u00f3 en Xix\u00f3n en 1983<\/strong>, ye escritora y realizadora audiovisual, y en 2006 gan\u00f3\u2019l premiu Asturies Moza de Poes\u00eda con &#8216;Animales interiores&#8217; (Trabe, 2007) y en 2009 algam\u00f3\u2019l Nen\u00e9 Losada Rico con &#8216;Tiempu de render&#8217; (Trabe, 2010), un poemariu n\u2019asturianu escritu nel tiempu que pas\u00f3 na Residencia d\u2019Estudiantes por mor d\u2019algamar la beca de creaci\u00f3n del Ayuntamientu de Madrid.<\/p>\n<p style=\"text-align: center\"><a href=\"https:\/\/actualidad.asturias.es\/documents\/537115\/2824746\/2025_09_24+Premiu+Xuan+Maria+Acebal+2025+2+%281%29.jpeg\/a47ead68-71ae-6912-efdb-5974617dbd8a?t=1758710881768\"><img loading=\"lazy\" decoding=\"async\" class=\"aligncenter \" src=\"https:\/\/actualidad.asturias.es\/documents\/537115\/2824746\/2025_09_24+Premiu+Xuan+Maria+Acebal+2025+2+%281%29.jpeg\/a47ead68-71ae-6912-efdb-5974617dbd8a?t=1758710881768\" width=\"306\" height=\"399\" \/><\/a><\/p>\n<p><strong>Sof\u00eda Casta\u00f1\u00f3n<\/strong>\u00a0(Xix\u00f3n, 1983) ye escritora y realizadora audiovisual. Nel 2006 gan\u00f3\u2019l premiu Asturies Xoven de Poes\u00eda con\u00a0<em>Animales interiores<\/em>\u00a0(Trabe, 2007) y nel 2009 consigui\u00f3\u2019l Nen\u00e9 Losada Rico con\u00a0<em>Tiempu de render<\/em>\u00a0(Trabe, 2010), un poemariu n\u2019asturianu escritu nel tiempu que pas\u00f3 na Residencia d\u2019Estudiantes al consiguir la beca de creaci\u00f3n del Conceyu de Madrid. Dende ent\u00f3s, escribi\u00f3 y public\u00f3 varios poemarios y collabora con medios de comunicaci\u00f3n asturianos, como\u00a0<em>La Nueva Espa\u00f1a<\/em>,\u00a0<em>El Comerciu\u00a0<\/em>o\u00a0<em>La Voz d\u2019Asturies<\/em>, y d\u2019\u00e1mbitu estatal, como\u00a0<em>El Huffington Post, eldiario.es, Diagonal\u00a0<\/em>o\u00a0<em>Clim\u00e1tica<\/em>.<\/p>\n<p>Nel terrenu audiovisual destaca\u2019l so llargumetraxe documental\u00a0<em>Se dice poeta<\/em>\u00a0(2014), sobre\u2019l panorama po\u00e9ticu contemporaneu dende la perspectiva de x\u00e9neru. Nel 2021 robl\u00f3\u2019l so segundu documental\u00a0<em>Que sirva de ejemplo.<\/em><\/p>\n","protected":false},"excerpt":{"rendered":"<p>Sof\u00eda Casta\u00f1\u00f3n gana\u2019l XXXI Premiu Xuan Mar\u00eda Acebal de poes\u00eda n\u2019asturianu cola obra \u2018Esti amor asturfalante\u2019. Formientu La Conseyer\u00eda de Cultura, Pol\u00edtica Lling\u00fc\u00edstica y Deporte escoy\u00f3\u2019l poemariu\u00a0Esti amor asturfalante, de la escritora Sof\u00eda Casta\u00f1\u00f3n, como ganador de la XXXI edici\u00f3n del Premiu Xuan Mar\u00eda Acebal de poes\u00eda n\u2019asturianu. TPA<\/p>\n","protected":false},"author":117,"featured_media":0,"comment_status":"closed","ping_status":"open","sticky":false,"template":"","format":"standard","meta":{"footnotes":""},"categories":[39,58],"tags":[],"class_list":["post-58578","post","type-post","status-publish","format-standard","hentry","category-poesia","category-premios"],"_links":{"self":[{"href":"https:\/\/edublog.educastur.es\/ixuxu\/wp-json\/wp\/v2\/posts\/58578","targetHints":{"allow":["GET"]}}],"collection":[{"href":"https:\/\/edublog.educastur.es\/ixuxu\/wp-json\/wp\/v2\/posts"}],"about":[{"href":"https:\/\/edublog.educastur.es\/ixuxu\/wp-json\/wp\/v2\/types\/post"}],"author":[{"embeddable":true,"href":"https:\/\/edublog.educastur.es\/ixuxu\/wp-json\/wp\/v2\/users\/117"}],"replies":[{"embeddable":true,"href":"https:\/\/edublog.educastur.es\/ixuxu\/wp-json\/wp\/v2\/comments?post=58578"}],"version-history":[{"count":7,"href":"https:\/\/edublog.educastur.es\/ixuxu\/wp-json\/wp\/v2\/posts\/58578\/revisions"}],"predecessor-version":[{"id":58616,"href":"https:\/\/edublog.educastur.es\/ixuxu\/wp-json\/wp\/v2\/posts\/58578\/revisions\/58616"}],"wp:attachment":[{"href":"https:\/\/edublog.educastur.es\/ixuxu\/wp-json\/wp\/v2\/media?parent=58578"}],"wp:term":[{"taxonomy":"category","embeddable":true,"href":"https:\/\/edublog.educastur.es\/ixuxu\/wp-json\/wp\/v2\/categories?post=58578"},{"taxonomy":"post_tag","embeddable":true,"href":"https:\/\/edublog.educastur.es\/ixuxu\/wp-json\/wp\/v2\/tags?post=58578"}],"curies":[{"name":"wp","href":"https:\/\/api.w.org\/{rel}","templated":true}]}}