{"id":58590,"date":"2025-09-25T08:30:28","date_gmt":"2025-09-25T06:30:28","guid":{"rendered":"https:\/\/edublog.educastur.es\/ixuxu\/?p=58590"},"modified":"2025-09-24T22:21:23","modified_gmt":"2025-09-24T20:21:23","slug":"el-tiempu-el-comercio-147","status":"publish","type":"post","link":"https:\/\/edublog.educastur.es\/ixuxu\/2025\/09\/el-tiempu-el-comercio-147\/","title":{"rendered":"El tiempu (El Comercio)"},"content":{"rendered":"<p style=\"text-align: center\"><a href=\"https:\/\/s2.ppllstatics.com\/elcomercio\/www\/multimedia\/2025\/09\/24\/tiempo-asturias-jueves-25-septiembre-kOPF-U2302588077118HVD-1200x870@El%20Comercio.jpg\"><img loading=\"lazy\" decoding=\"async\" class=\"aligncenter size-large\" src=\"https:\/\/s2.ppllstatics.com\/elcomercio\/www\/multimedia\/2025\/09\/24\/tiempo-asturias-jueves-25-septiembre-kOPF-U2302588077118HVD-1200x870@El%20Comercio.jpg\" width=\"1200\" height=\"870\" \/><\/a><\/p>\n<p><strong>Esperamos<\/strong> cielos pocu nublos o pr\u00e1cticamente estenaos en tol Princip\u00e1u d&#8217;Asturies. Siguimos so la influencia de les altes presiones y eso ye claru sin\u00f3nimu d&#8217;estabilid\u00e1. L&#8217;anticicl\u00f3n ta bloqui\u00e1u la llegada d&#8217;umbaes enagora, anque se va dir debilitando de forma que la fin de selmana s\u00ed que se preve la llegada de les baxes presiones. Pero centr\u00e1ndonos <strong>nel d\u00eda de g\u00fcei<\/strong>, vamos esfrutar del bon tiempu acompa\u00f1\u00e1u d&#8217;un llixeru ascensu de les temperatures m\u00e1ximes (hasta 2 graos m\u00e1s) salvu na mari\u00f1a oriental onde se van caltener ensin cambeos. <strong>Los vientos<\/strong> van soplar de componente este, fluexos nel interior y con raches moderaes na mari\u00f1a.<\/p>\n<p><!--more--><\/p>\n<p><strong>El vienres<\/strong> tami\u00e9n vamos encarar otra xornada soleyera a pesar de que nun se refuguen cielos atapec\u00edos pela tarde. La probabilid\u00e1 d&#8217;ag\u00fces, al igual que g\u00fcei, va ser dafechu nula. Les temperatures van xubir de forma xeneralizada hasta 3 o 4 graos m\u00e1s al respective de les que vamos anotar.<\/p>\n<p><strong>A lo llargo del s\u00e1badu<\/strong> prevese un aumentu de les nubes con posibilid\u00e1 de precipitaciones a la fin del d\u00eda nel occidente.<\/p>\n<p><strong> El domingu<\/strong> hai alta posibilid\u00e1 de cielos bien nublos y ag\u00fces.<\/p>\n<p>&nbsp;<\/p>\n","protected":false},"excerpt":{"rendered":"<p>Esperamos cielos pocu nublos o pr\u00e1cticamente estenaos en tol Princip\u00e1u d&#8217;Asturies. Siguimos so la influencia de les altes presiones y eso ye claru sin\u00f3nimu d&#8217;estabilid\u00e1. L&#8217;anticicl\u00f3n ta bloqui\u00e1u la llegada d&#8217;umbaes enagora, anque se va dir debilitando de forma que la fin de selmana s\u00ed que se preve la llegada de les baxes presiones. Pero [&hellip;]<\/p>\n","protected":false},"author":117,"featured_media":0,"comment_status":"closed","ping_status":"open","sticky":false,"template":"","format":"standard","meta":{"footnotes":""},"categories":[5],"tags":[],"class_list":["post-58590","post","type-post","status-publish","format-standard","hentry","category-tiempu"],"_links":{"self":[{"href":"https:\/\/edublog.educastur.es\/ixuxu\/wp-json\/wp\/v2\/posts\/58590","targetHints":{"allow":["GET"]}}],"collection":[{"href":"https:\/\/edublog.educastur.es\/ixuxu\/wp-json\/wp\/v2\/posts"}],"about":[{"href":"https:\/\/edublog.educastur.es\/ixuxu\/wp-json\/wp\/v2\/types\/post"}],"author":[{"embeddable":true,"href":"https:\/\/edublog.educastur.es\/ixuxu\/wp-json\/wp\/v2\/users\/117"}],"replies":[{"embeddable":true,"href":"https:\/\/edublog.educastur.es\/ixuxu\/wp-json\/wp\/v2\/comments?post=58590"}],"version-history":[{"count":1,"href":"https:\/\/edublog.educastur.es\/ixuxu\/wp-json\/wp\/v2\/posts\/58590\/revisions"}],"predecessor-version":[{"id":58591,"href":"https:\/\/edublog.educastur.es\/ixuxu\/wp-json\/wp\/v2\/posts\/58590\/revisions\/58591"}],"wp:attachment":[{"href":"https:\/\/edublog.educastur.es\/ixuxu\/wp-json\/wp\/v2\/media?parent=58590"}],"wp:term":[{"taxonomy":"category","embeddable":true,"href":"https:\/\/edublog.educastur.es\/ixuxu\/wp-json\/wp\/v2\/categories?post=58590"},{"taxonomy":"post_tag","embeddable":true,"href":"https:\/\/edublog.educastur.es\/ixuxu\/wp-json\/wp\/v2\/tags?post=58590"}],"curies":[{"name":"wp","href":"https:\/\/api.w.org\/{rel}","templated":true}]}}