{"id":586,"date":"2020-05-08T08:31:39","date_gmt":"2020-05-08T08:31:39","guid":{"rendered":"https:\/\/edublog.educastur.es\/ixuxu\/?p=586"},"modified":"2020-08-24T20:34:04","modified_gmt":"2020-08-24T20:34:04","slug":"iniciativa-pol-asturianu-llectura-de-poemes","status":"publish","type":"post","link":"https:\/\/edublog.educastur.es\/ixuxu\/2020\/05\/iniciativa-pol-asturianu-llectura-de-poemes\/","title":{"rendered":"Iniciativa pol Asturianu: llectura de poemes"},"content":{"rendered":"<div class=\"entry\">\n<p align=\"left\"><a href=\"https:\/\/iniciativapolasturianu.org\/\" target=\"_parent\" rel=\"noopener noreferrer\"><img loading=\"lazy\" decoding=\"async\" class=\"\" src=\"https:\/\/imgbox.es\/images\/2020\/04\/11\/iniciativaxast7d927026a530bf49.jpg\" width=\"344\" height=\"99\" border=\"0\" \/><\/a><\/p>\n<p align=\"center\">\n<p><u><em>Iniciativa pol Asturianu <\/em><\/u> invit\u00f3 a representantes de diferentes fuercies pol\u00edtiques con representaci\u00f3n institucional nel Parlamentu asturianu y nes Cortes a <a href=\"https:\/\/youtu.be\/eER_J8ts-pI\" target=\"_blank\" rel=\"noopener noreferrer\"><strong><u>grabar un videu lleendo dalguna obra lliteraria n\u2019asturianu. <\/u><\/strong><\/a><\/p>\n\n<!-- iframe plugin v.6.0 wordpress.org\/plugins\/iframe\/ -->\n<iframe loading=\"lazy\" width=\"588\" height=\"331\" src=\"https:\/\/www.youtube.com\/embed\/eER_J8ts-pI\" scrolling=\"yes\" class=\"iframe-class\" frameborder=\"0\"><\/iframe>\n\n<p>Iniciativa pol Asturianu quier cellebrar d\u2019esta manera esti inusual <strong><em>D\u00eda de les Lletres\u00a0 <\/em><\/strong>faciendo un homenaxe a la nuesa lliteratura y a los nuesos escritores con representantes de diferentes organizaciones pol\u00edtiques.<\/p>\n<p><!--more--><\/p>\n<p>Pret\u00e9ndese con esta llectura de poemes llograr una imaxen d\u2019unid\u00e1 respeuto al idioma con representantes de diferentes fuercies pol\u00edtiques nun momentu tan complic\u00e1u.<\/p>\n<p><em><strong>A la invitaci\u00f3n d\u2019Iniciativa unier\u00f3nse:<\/strong> <\/em><br \/>\n<em>Adri\u00e1n Barb\u00f3n (presidente del Gobiernu P.A.),<br \/>\nSof\u00eda Casta\u00f1\u00f3n (diputada por X. Podemos),<br \/>\nRoberto Garc\u00eda (diput\u00e1u pola FSA-PSOE),<br \/>\nMar\u00eda Fdez. \u00c1lvarez (senadora pol PSOE),<br \/>\n\u00c1lvaro Queipo (diputao na Xunta PP),<br \/>\nLorena Gil (diputada por Podemos),<br \/>\nArmando Fern\u00e1ndez (diput\u00e1u\u00a0 Ciudadanos),<br \/>\n\u00c1ngela Vallina (diputada por Izquierda X.),<br \/>\nAdri\u00e1n Pumares (diput\u00e1u por Foro Asturias),<br \/>\nMercedes Otero (senadora pola FSA-PSOE),<br \/>\nRafael Palacios (diput\u00e1u por Podemos A.),<br \/>\nOvidio Zapico (diput\u00e1u por Izquierda X.),<br \/>\nPedro Leal (diput\u00e1u por Foro Asturias),<br \/>\nNuria Rodr\u00edguez L\u00f3pez (diputada Podemos),<br \/>\ny Daniel Ripa (diput\u00e1u\u00a0 Podemos Asturies).<\/em><\/p>\n<p>&nbsp;<\/p>\n<\/div>\n","protected":false},"excerpt":{"rendered":"<p>Iniciativa pol Asturianu invit\u00f3 a representantes de diferentes fuercies pol\u00edtiques con representaci\u00f3n institucional nel Parlamentu asturianu y nes Cortes a grabar un videu lleendo dalguna obra lliteraria n\u2019asturianu. Iniciativa pol Asturianu quier cellebrar d\u2019esta manera esti inusual D\u00eda de les Lletres\u00a0 faciendo un homenaxe a la nuesa lliteratura y a los nuesos escritores con representantes [&hellip;]<\/p>\n","protected":false},"author":117,"featured_media":0,"comment_status":"closed","ping_status":"open","sticky":false,"template":"","format":"standard","meta":{"footnotes":""},"categories":[39],"tags":[],"class_list":["post-586","post","type-post","status-publish","format-standard","hentry","category-poesia"],"_links":{"self":[{"href":"https:\/\/edublog.educastur.es\/ixuxu\/wp-json\/wp\/v2\/posts\/586","targetHints":{"allow":["GET"]}}],"collection":[{"href":"https:\/\/edublog.educastur.es\/ixuxu\/wp-json\/wp\/v2\/posts"}],"about":[{"href":"https:\/\/edublog.educastur.es\/ixuxu\/wp-json\/wp\/v2\/types\/post"}],"author":[{"embeddable":true,"href":"https:\/\/edublog.educastur.es\/ixuxu\/wp-json\/wp\/v2\/users\/117"}],"replies":[{"embeddable":true,"href":"https:\/\/edublog.educastur.es\/ixuxu\/wp-json\/wp\/v2\/comments?post=586"}],"version-history":[{"count":2,"href":"https:\/\/edublog.educastur.es\/ixuxu\/wp-json\/wp\/v2\/posts\/586\/revisions"}],"predecessor-version":[{"id":588,"href":"https:\/\/edublog.educastur.es\/ixuxu\/wp-json\/wp\/v2\/posts\/586\/revisions\/588"}],"wp:attachment":[{"href":"https:\/\/edublog.educastur.es\/ixuxu\/wp-json\/wp\/v2\/media?parent=586"}],"wp:term":[{"taxonomy":"category","embeddable":true,"href":"https:\/\/edublog.educastur.es\/ixuxu\/wp-json\/wp\/v2\/categories?post=586"},{"taxonomy":"post_tag","embeddable":true,"href":"https:\/\/edublog.educastur.es\/ixuxu\/wp-json\/wp\/v2\/tags?post=586"}],"curies":[{"name":"wp","href":"https:\/\/api.w.org\/{rel}","templated":true}]}}