{"id":58604,"date":"2025-09-25T09:05:37","date_gmt":"2025-09-25T07:05:37","guid":{"rendered":"https:\/\/edublog.educastur.es\/ixuxu\/?p=58604"},"modified":"2025-09-25T10:15:02","modified_gmt":"2025-09-25T08:15:02","slug":"barcelona-acueye-una-conferencia-sobre-lasturianu-nel-dia-europeu-de-les-llingues","status":"publish","type":"post","link":"https:\/\/edublog.educastur.es\/ixuxu\/2025\/09\/barcelona-acueye-una-conferencia-sobre-lasturianu-nel-dia-europeu-de-les-llingues\/","title":{"rendered":"Barcelona acueye una conferencia sobre l\u2019asturianu nel D\u00eda Europ\u00e9u de les Lling\u00fces"},"content":{"rendered":"<div class=\"td-post-header td-container\">\n<div class=\"td-post-header-holder td-image-gradient\">\n<p style=\"text-align: center\"><a href=\"https:\/\/xixonaldia.com\/wp-content\/uploads\/2025\/09\/Dia-Europeu-Llingues_inaciu-galan_BCN.png\"><img loading=\"lazy\" decoding=\"async\" class=\"aligncenter \" src=\"https:\/\/xixonaldia.com\/wp-content\/uploads\/2025\/09\/Dia-Europeu-Llingues_inaciu-galan_BCN.png\" width=\"386\" height=\"482\" \/><\/a><\/p>\n<\/div>\n<\/div>\n<div class=\"td-container\">\n<div class=\"td-pb-row\">\n<div class=\"td-pb-span8 td-main-content\" role=\"main\">\n<div class=\"td-ss-main-content\">\n<div class=\"td-post-sharing-top\">\n<div id=\"td_social_sharing_article_top\" class=\"td-post-sharing td-ps-bg td-ps-notext td-post-sharing-style1 \">\n<div class=\"td-post-sharing-visible\">\n<div class=\"td-social-but-icon\"><\/div>\n<div class=\"td-social-but-icon\">Esti vienres 26 cel\u00e9brase\u2019l <strong>D\u00eda Europ\u00e9u de les Lling\u00fces<\/strong> y el Centru Asturianu de Barcelona va acoyer una conferencia del escritor, periodista y miembru de l\u2019Academia de la Llingua Asturiana, Inaciu Gal\u00e1n sobre la hestoria de la llingua asturiana. Titulada <strong>\u00abLa hestoria de la llingua asturiana en 60 minutos\u00bb<\/strong>, la conferencia fai un rep\u00e1s pelos m\u00e1s de mil a\u00f1os d\u2019hestoria del idioma, par\u00e1ndose en momentos d\u2019importancia pa la la lliteratura, l\u2019estudiu del propiu idioma o los momentos m\u00e1s complicaos pola represi\u00f3n lling\u00fc\u00edstica exercida sobre los falantes en distintos momentos de la hestoria. <a href=\"https:\/\/xixonaldia.com\/author\/xixonaldia\/\">Xixonaldia<\/a><\/div>\n<\/div>\n<\/div>\n<\/div>\n<div class=\"td-post-content tagdiv-type\">\n<div><!--more--><\/div>\n<div><\/div>\n<div>Aprovechando que la conferencia va facese en Barcelona l\u2019acad\u00e9micu fadr\u00e1 tami\u00e9n dalgunes menciones a la rellaci\u00f3n ente la llingua catalana y l\u2019asturiana, nel \u00e1mbitu lliterariu, na traducci\u00f3n y nos llazos lling\u00fc\u00edsticos ente estes dos lling\u00fces rom\u00e1niques que vivieron momentos asemeyaos a lo llargo de la so hestoria, como lling\u00fces que carecieron procesos de minorizaci\u00f3n y discriminaci\u00f3n.<\/div>\n<div><\/div>\n<div>La conferencia va celebrase esti vienres 26 de setiembre a les 19:30 hores nel Centru Asturianu de Barcelona, nel carrer Rafols 17, al que pue llegase nel bus B3=V7-H2- Y o nel FGC, Riena Elisenda salida Duquessa d\u2019Orleans.<\/div>\n<div><\/div>\n<div>\n<p><em><b>Inaciu Gal\u00e1n<\/b>\u00a0(Xix\u00f3n, 1986) Periodista, escritor, profesor y xestor cultural, ye miembru de n\u00famberu de l\u2019Academia de la Llingua Asturiana.\u00a0Como activista foi fundador y presidente d\u2019Iniciativa pol Asturianu, entid\u00e1 que trabaya polos derechos lling\u00fc\u00edsticos y la normalizaci\u00f3n del asturianu. Pol so llabor a favor del asturianu foi reconoc\u00edu col\u00a0Premiu Urogallo.\u00a0<\/em><\/p>\n<p><em>Doctor cum laude pola Universid\u00e1 d\u2019Uvi\u00e9u cola investigaci\u00f3n \u00abLa llingua asturiana nel Franquismu\u00bb, el so llabor nel campu de la investigaci\u00f3n y la divulgaci\u00f3n llev\u00e1ronlu a dirixir dellos documentales, ente los que destaquen \u00abNo se dice \u00abye\u00bb, se dice \u00abes\u00bb. Represi\u00f3n lling\u00fc\u00edstica na Asturies franquista\u00bb, \u00abElles, muyeres na lliteratura asturiana\u00bb o \u00abPruebes d\u2019autor. Les siete vides de Nel Amaro\u00bb.\u00a0Como escritor tien m\u00e1s d\u2019una docena de llibros editaos, ente poes\u00eda, narrativa, lexicograf\u00eda o ensayu, gallardonaos con, ente otros, el Premiu Fern\u00e1n-Coronas de poes\u00eda y el Mar\u00eda Josefa Canellada de lliteratura infantil.<\/em><\/p>\n<p><em>El so llabor nel \u00e1mbitu lliterariu llev\u00f3lu a fundar y dirixir a la revista Formientu, y m\u00e1s reci\u00e9n, la Residencia Lliteraria Xix\u00f3n. En 2018 fund\u00f3 Cuatro Gotes Producciones, dende la que lleva alantre proyectos como la plataforma de creadores de contenn\u00edos n\u2019asturianu PlayPresta, premiu Gava a la meyor anovaci\u00f3n tecnol\u00f3xica nel campu audiovisual, o\u2019l programa Mundu Sidreru (TPA), que present\u00f3. Como periodista radiof\u00f3nicu trabay\u00f3 na SER y na RPA, onde dirix\u00f3\u2019l programa d\u2019entrevistes documentales \u00abAsturies 81:21, la hora de l\u2019autonom\u00eda\u00bb, y nestos momentos presenta\u2019l magac\u00edn \u00abSentir Asturies\u00bb. Recibi\u00f3\u2019l Premiu Enriqueta Gonz\u00e1lez Rub\u00edn de periodismu.<\/em><\/p>\n<\/div>\n<\/div>\n<\/div>\n<\/div>\n<\/div>\n<\/div>\n<p>&nbsp;<\/p>\n","protected":false},"excerpt":{"rendered":"<p>Esti vienres 26 cel\u00e9brase\u2019l D\u00eda Europ\u00e9u de les Lling\u00fces y el Centru Asturianu de Barcelona va acoyer una conferencia del escritor, periodista y miembru de l\u2019Academia de la Llingua Asturiana, Inaciu Gal\u00e1n sobre la hestoria de la llingua asturiana. Titulada \u00abLa hestoria de la llingua asturiana en 60 minutos\u00bb, la conferencia fai un rep\u00e1s pelos [&hellip;]<\/p>\n","protected":false},"author":117,"featured_media":0,"comment_status":"closed","ping_status":"open","sticky":false,"template":"","format":"standard","meta":{"footnotes":""},"categories":[6,322],"tags":[],"class_list":["post-58604","post","type-post","status-publish","format-standard","hentry","category-dia-de","category-inaciu-galan"],"_links":{"self":[{"href":"https:\/\/edublog.educastur.es\/ixuxu\/wp-json\/wp\/v2\/posts\/58604","targetHints":{"allow":["GET"]}}],"collection":[{"href":"https:\/\/edublog.educastur.es\/ixuxu\/wp-json\/wp\/v2\/posts"}],"about":[{"href":"https:\/\/edublog.educastur.es\/ixuxu\/wp-json\/wp\/v2\/types\/post"}],"author":[{"embeddable":true,"href":"https:\/\/edublog.educastur.es\/ixuxu\/wp-json\/wp\/v2\/users\/117"}],"replies":[{"embeddable":true,"href":"https:\/\/edublog.educastur.es\/ixuxu\/wp-json\/wp\/v2\/comments?post=58604"}],"version-history":[{"count":3,"href":"https:\/\/edublog.educastur.es\/ixuxu\/wp-json\/wp\/v2\/posts\/58604\/revisions"}],"predecessor-version":[{"id":58618,"href":"https:\/\/edublog.educastur.es\/ixuxu\/wp-json\/wp\/v2\/posts\/58604\/revisions\/58618"}],"wp:attachment":[{"href":"https:\/\/edublog.educastur.es\/ixuxu\/wp-json\/wp\/v2\/media?parent=58604"}],"wp:term":[{"taxonomy":"category","embeddable":true,"href":"https:\/\/edublog.educastur.es\/ixuxu\/wp-json\/wp\/v2\/categories?post=58604"},{"taxonomy":"post_tag","embeddable":true,"href":"https:\/\/edublog.educastur.es\/ixuxu\/wp-json\/wp\/v2\/tags?post=58604"}],"curies":[{"name":"wp","href":"https:\/\/api.w.org\/{rel}","templated":true}]}}