{"id":58606,"date":"2025-09-25T09:00:41","date_gmt":"2025-09-25T07:00:41","guid":{"rendered":"https:\/\/edublog.educastur.es\/ixuxu\/?p=58606"},"modified":"2025-09-30T05:38:05","modified_gmt":"2025-09-30T03:38:05","slug":"dia-europeu-de-les-llingues-4","status":"publish","type":"post","link":"https:\/\/edublog.educastur.es\/ixuxu\/2025\/09\/dia-europeu-de-les-llingues-4\/","title":{"rendered":"D\u00eda Europ\u00e9u de les Lling\u00fces"},"content":{"rendered":"<blockquote>\n<p style=\"text-align: center\">2025:<em><span style=\"color: #008080;font-size: 20px\"> \u00a1Los idiomes abren corazones y mentes!<\/span><\/em><\/p>\n<p style=\"text-align: center\"><a href=\"https:\/\/edl.ecml.at\/Portals\/33\/images\/EDL-banner-2025.jpg\"><img loading=\"lazy\" decoding=\"async\" class=\"aligncenter size-large\" src=\"https:\/\/edl.ecml.at\/Portals\/33\/images\/EDL-banner-2025.jpg\" width=\"900\" height=\"326\" \/><\/a><\/p>\n<\/blockquote>\n<p><strong>Los 46 Estaos miembros del Conseyu d&#8217;Europa animen a m\u00e1s de 700 millones d&#8217;europeos a aprender otres lling\u00fces a cualquier ed\u00e1, dientro y fora de la escuela.<\/strong> Convenc\u00edu de que<strong><span style=\"color: #008080\"> la diversid\u00e1 lling\u00fc\u00edstica ye una ferramienta clave para llograr una mayor comprensi\u00f3n intercultural<\/span> <\/strong>y un elementu clave nel ricu heriedu cultural del nuesu continente, el Conseyu d&#8217;Europa promueve el plurilling\u00fcismu en toa Europa. Por iniciativa del Conseyu d&#8217;Europa n&#8217;Estrasburgo, el D\u00eda Europ\u00e9u de les Lling\u00fces vien celebr\u00e1ndose, dende 2001, el 26 de setiembre de cada a\u00f1u.<\/p>\n<p style=\"text-align: center\"><a href=\"https:\/\/upload.wikimedia.org\/wikipedia\/commons\/thumb\/3\/31\/CROSS-CULTURAL_LANGUAGE.jpg\/1280px-CROSS-CULTURAL_LANGUAGE.jpg\"><img loading=\"lazy\" decoding=\"async\" class=\"aligncenter \" src=\"https:\/\/upload.wikimedia.org\/wikipedia\/commons\/thumb\/3\/31\/CROSS-CULTURAL_LANGUAGE.jpg\/1280px-CROSS-CULTURAL_LANGUAGE.jpg\" width=\"348\" height=\"217\" \/><\/a><\/p>\n<ul>\n<li><a href=\"https:\/\/edl.ecml.at\/es\">https:\/\/edl.ecml.at\/es<\/a> \/ Kit:\u00a0<a href=\"https:\/\/cdn.ecml.at\/EDL\/activity-kit\/EDL-activity-kit-2025-ES.pdf\" target=\"_blank\" rel=\"noopener\">Espa\u00f1ol<\/a><\/li>\n<\/ul>\n<p><!--more--><\/p>\n<p style=\"text-align: center\"><em><span style=\"color: #008080;font-size: 24px\">\u00abSi fales a un home nun idioma qu&#8217;entienda,<\/span><\/em><br \/>\n<em><span style=\"color: #008080;font-size: 24px\"> eso llega a la so cabeza. <\/span><\/em><br \/>\n<em><span style=\"color: #008080;font-size: 24px\">Si fales con \u00e9l nel so idioma, <\/span><\/em><br \/>\n<em><span style=\"color: #008080;font-size: 24px\">eso llega al so coraz\u00f3n\u00bb<\/span><\/em><br \/>\nNelson Mandela<\/p>\n<p>Un kit d&#8217;actividaes para&#8217;l D\u00eda Europ\u00e9u de les Lling\u00fces de 2025, bas\u00e1u nun conceutu ellabor\u00e1u l&#8217;a\u00f1u pas\u00e1u pol Institut National deas Langues de Luxemburgu. Esti pr\u00e1cticu kit ta apin\u00e1u d&#8217;idees para les actividaes del DEL d&#8217;angua\u00f1o. \u00a1Neng\u00fan profesor tendr\u00eda de prescindir d&#8217;\u00e9l!<\/p>\n<p style=\"text-align: center\">\n<!-- iframe plugin v.6.0 wordpress.org\/plugins\/iframe\/ -->\n<iframe loading=\"lazy\" src=\"https:\/\/www.facebook.com\/plugins\/post.php?href=https%3A%2F%2Fwww.facebook.com%2Falberto.buitragojimenez.7%2Fposts%2Fpfbid0FyeDK8oDDArecrdycJxxL8pZUXJm6nKsVdkkk5kGUcVwRKDGvN7zHcRb9TheB6bfl&#038;show_text=false&#038;width=500\" width=\"500\" height=\"548\" style=\"border:none;overflow:hidden\" scrolling=\"no\" frameborder=\"0\" allowfullscreen=\"true\" allow=\"autoplay; clipboard-write; encrypted-media; picture-in-picture; web-share\" 0=\"\/iframe\" class=\"iframe-class\"><\/iframe>\n<\/p>\n<p style=\"text-align: center\">\n<p>Iniciativa 2025: Un himnu para&#8217;l D\u00eda Europ\u00e9u de les Lling\u00fces.\u00a0\u00a0Con ayuda de la intelixencia artificial xeneremos el testu d&#8217;unu cantar n&#8217;ingl\u00e9s titulada \u201cVoices of Europe\u201d \u00a0<a href=\"https:\/\/edl.ecml.at\/Portals\/33\/initiatives\/2025-song\/Voices_of_Europe_original.mp3\" target=\"_blank\" rel=\"noopener\">Canci\u00f3n original<\/a> (mp3)\/<a href=\"https:\/\/edl.ecml.at\/Portals\/33\/initiatives\/2025-song\/Voices_of_Europe_instrumental.mp3\" target=\"_blank\" rel=\"noopener\">Versi\u00f3n instrumental<\/a> (mp3)\/<a href=\"https:\/\/edl.ecml.at\/Portals\/33\/initiatives\/2025-song\/Voices_of_Europe_vocals.mp3\" target=\"_blank\" rel=\"noopener\">Versi\u00f3n vocal<\/a>\u00a0(mp3)<\/p>\n<p style=\"text-align: center\"><a href=\"https:\/\/edl.ecml.at\/portals\/33\/basic\/banner\/top-banner-2140-es-ES.jpg\"><img loading=\"lazy\" decoding=\"async\" class=\"aligncenter size-large\" src=\"https:\/\/edl.ecml.at\/portals\/33\/basic\/banner\/top-banner-2140-es-ES.jpg\" width=\"1140\" height=\"261\" \/><\/a><\/p>\n<p style=\"text-align: center\"><a href=\"https:\/\/upload.wikimedia.org\/wikipedia\/commons\/thumb\/1\/14\/Europallingues.jpg\/1200px-Europallingues.jpg\"><img loading=\"lazy\" decoding=\"async\" class=\"aligncenter size-large\" src=\"https:\/\/upload.wikimedia.org\/wikipedia\/commons\/thumb\/1\/14\/Europallingues.jpg\/1200px-Europallingues.jpg\" width=\"1200\" height=\"842\" \/><\/a><\/p>\n<p style=\"text-align: center\">\n<!-- iframe plugin v.6.0 wordpress.org\/plugins\/iframe\/ -->\n<iframe loading=\"lazy\" src=\"https:\/\/www.facebook.com\/plugins\/video.php?height=476&#038;href=https%3A%2F%2Fwww.facebook.com%2Freel%2F1487171729099823%2F&#038;show_text=false&#038;width=267&#038;t=0\" width=\"267\" height=\"476\" style=\"border:none;overflow:hidden\" scrolling=\"no\" frameborder=\"0\" allowfullscreen=\"true\" allow=\"autoplay; clipboard-write; encrypted-media; picture-in-picture; web-share\" 0=\"\/iframe\" class=\"iframe-class\"><\/iframe>\n<\/p>\n","protected":false},"excerpt":{"rendered":"<p>2025: \u00a1Los idiomes abren corazones y mentes! Los 46 Estaos miembros del Conseyu d&#8217;Europa animen a m\u00e1s de 700 millones d&#8217;europeos a aprender otres lling\u00fces a cualquier ed\u00e1, dientro y fora de la escuela. Convenc\u00edu de que la diversid\u00e1 lling\u00fc\u00edstica ye una ferramienta clave para llograr una mayor comprensi\u00f3n intercultural y un elementu clave nel [&hellip;]<\/p>\n","protected":false},"author":117,"featured_media":0,"comment_status":"closed","ping_status":"open","sticky":false,"template":"","format":"standard","meta":{"footnotes":""},"categories":[6,31],"tags":[],"class_list":["post-58606","post","type-post","status-publish","format-standard","hentry","category-dia-de","category-llingua"],"_links":{"self":[{"href":"https:\/\/edublog.educastur.es\/ixuxu\/wp-json\/wp\/v2\/posts\/58606","targetHints":{"allow":["GET"]}}],"collection":[{"href":"https:\/\/edublog.educastur.es\/ixuxu\/wp-json\/wp\/v2\/posts"}],"about":[{"href":"https:\/\/edublog.educastur.es\/ixuxu\/wp-json\/wp\/v2\/types\/post"}],"author":[{"embeddable":true,"href":"https:\/\/edublog.educastur.es\/ixuxu\/wp-json\/wp\/v2\/users\/117"}],"replies":[{"embeddable":true,"href":"https:\/\/edublog.educastur.es\/ixuxu\/wp-json\/wp\/v2\/comments?post=58606"}],"version-history":[{"count":7,"href":"https:\/\/edublog.educastur.es\/ixuxu\/wp-json\/wp\/v2\/posts\/58606\/revisions"}],"predecessor-version":[{"id":59033,"href":"https:\/\/edublog.educastur.es\/ixuxu\/wp-json\/wp\/v2\/posts\/58606\/revisions\/59033"}],"wp:attachment":[{"href":"https:\/\/edublog.educastur.es\/ixuxu\/wp-json\/wp\/v2\/media?parent=58606"}],"wp:term":[{"taxonomy":"category","embeddable":true,"href":"https:\/\/edublog.educastur.es\/ixuxu\/wp-json\/wp\/v2\/categories?post=58606"},{"taxonomy":"post_tag","embeddable":true,"href":"https:\/\/edublog.educastur.es\/ixuxu\/wp-json\/wp\/v2\/tags?post=58606"}],"curies":[{"name":"wp","href":"https:\/\/api.w.org\/{rel}","templated":true}]}}