{"id":58654,"date":"2025-09-25T11:44:11","date_gmt":"2025-09-25T09:44:11","guid":{"rendered":"https:\/\/edublog.educastur.es\/ixuxu\/?p=58654"},"modified":"2025-09-25T11:45:10","modified_gmt":"2025-09-25T09:45:10","slug":"estos-son-los-dies-ensin-clase-por-festividaes-locales","status":"publish","type":"post","link":"https:\/\/edublog.educastur.es\/ixuxu\/2025\/09\/estos-son-los-dies-ensin-clase-por-festividaes-locales\/","title":{"rendered":"Estos son los d\u00edes ensin clase por festividaes locales"},"content":{"rendered":"<p>Estos son los d\u00edes ensin clase por festividaes locales del cursu 2025-2026, conceyu a conceyu. L<a href=\"https:\/\/www.lavozdeasturias.es\/noticia\/asturias\/2025\/09\/24\/dias-clase-festividades-locales-curso-2025-2026-concejo-concejo\/00031758729046887971283.htm\">a Voz<\/a><\/p>\n<p style=\"text-align: center\"><a href=\"https:\/\/img.lavdg.com\/sc\/Z0ZA70RfkDTXziSfDq6Vq_yGETY=\/768x\/2022\/01\/10\/00121641830941741652273\/Foto\/efe_20220110_151936609.jpg\"><img loading=\"lazy\" decoding=\"async\" class=\"aligncenter size-large\" src=\"https:\/\/img.lavdg.com\/sc\/Z0ZA70RfkDTXziSfDq6Vq_yGETY=\/768x\/2022\/01\/10\/00121641830941741652273\/Foto\/efe_20220110_151936609.jpg\" width=\"768\" height=\"432\" \/><\/a><\/p>\n<p><a href=\"https:\/\/www.educastur.es\/documents\/34868\/39577\/2025-09-calendario-festivos-locales-25-26.pdf\/2d8c6140-fade-7d18-586e-3135097f15d9?t=1758285606771\" target=\"_blank\" rel=\"noopener\">Festivos locales curso 2025-2026<\/a> (pdf)\u00a0De sigu\u00edo, det\u00e1llense los d\u00edes non lectivos sustitutivos que los centros comunicaron a la Conseyer\u00eda d&#8217;Educaci\u00f3n:<\/p>\n<p><!--more--><\/p>\n<p style=\"text-align: center\"><a href=\"https:\/\/postureoasturiano.com\/wp-content\/uploads\/2019\/07\/Mapa-pol%C3%ADtico-Asturias.jpg\"><img loading=\"lazy\" decoding=\"async\" class=\"aligncenter size-large\" src=\"https:\/\/postureoasturiano.com\/wp-content\/uploads\/2019\/07\/Mapa-pol%C3%ADtico-Asturias.jpg\" width=\"1600\" height=\"744\" \/><\/a><\/p>\n<ul>\n<li><strong>Ayande:<\/strong> 25 de mayu de 2026.<\/li>\n<li><strong>Avil\u00e9s<\/strong>: 13 de marzu de 2026.<\/li>\n<li><strong>Balmonte<\/strong>: 9 de marzu de 2026.<\/li>\n<li><strong>Boal<\/strong>: 13 de marzu de 2026.<\/li>\n<li><strong>Cabrales<\/strong>: 10 d&#8217;ochobre de 2025 y 29 de mayu de 2026.<\/li>\n<li><strong>Cangues d&#8217;On\u00eds<\/strong>: 9 de marzu de 2026 y 20 d&#8217;abril de 2026.<\/li>\n<li><strong>Cangas Narcea<\/strong>: 6 de marzu de 2026 y 9 de marzu de 2026.<\/li>\n<li><strong>Caravia<\/strong>: 22 de mayu de 2026.<\/li>\n<li><strong>Carre\u00f1o<\/strong>: 22 de mayu de 2026.<\/li>\n<li><strong>Casu<\/strong>: 22 de mayu de 2026.<\/li>\n<li><strong>Castrill\u00f3n<\/strong>: 9 de marzu de 2026.<\/li>\n<li><strong>Castropol<\/strong>: 25 de mayu de 2026.<\/li>\n<li><strong>Cua\u00f1a<\/strong>: 24 de payares de 2025.<\/li>\n<li><strong>Colunga<\/strong>: 20 d&#8217;abril de 2026 y 22 de mayu de 2026<\/li>\n<li><strong>Corvera<\/strong>: 13 de marzu de 2026.<\/li>\n<li><strong>Cuideiru<\/strong>: 26 de xineru de 2026 y 9 de marzu de 2026.<\/li>\n<li><strong>Dega\u00f1a<\/strong>: 23 de xineru de 2026 y 26 de xineru de 2026.<\/li>\n<li><strong>Xix\u00f3n<\/strong>: 13 de marzu de 2026 y 22 de mayu de 2026.<\/li>\n<li><strong>Goz\u00f3n<\/strong>: 25 de mayu de 2026.<\/li>\n<li><strong>Grau<\/strong>: 10 d&#8217;ochobre de 2025 y 9 de marzu de 2026.<\/li>\n<li><strong>Grandas de Salime<\/strong>: 13 de marzu de 2026.<\/li>\n<li><strong>Ibias<\/strong>: 6 de marzu de 2026.<\/li>\n<li><strong>Eilao:<\/strong> 13 de marzu de 2026 y 29 de mayu de 2026.<\/li>\n<li><strong>Llangr\u00e9u<\/strong>: 9 de marzu de 2026 y 18 de mayu de 2026.<\/li>\n<li><strong>Les Regueres<\/strong>: 9 de marzu de 2026 y 12 de xunu de 2026.<\/li>\n<li><strong>Llaviana<\/strong>: 16 de marzu de 2026 y 22 de mayu de 2026.<\/li>\n<li><strong>Llanera<\/strong>: 13 de marzu de 2026.<\/li>\n<li><strong>Llanes<\/strong>: Nueva y Valle de San Jorge: 18 de mayu de 2026. Posada y Parroquia: 18 de mayu de 2026.<\/li>\n<li><strong>Llanes<\/strong> y Conceyu (sacante los anteriores): 18 de mayu de 2026.<\/li>\n<li><strong>Mieres<\/strong>: Tol conceyu sacante Tur\u00f3n: 3 d&#8217;ochobre de 2025. Tol conceyu incluy\u00edu Tur\u00f3n: 9 de marzu de 2026.<\/li>\n<li><strong>Muros de Nal\u00f3n<\/strong>: 9 de marzu de 2026 y 29 de mayu de 2026.<\/li>\n<li><strong>Nava<\/strong>: 13 de marzu de 2026 y 25 de mayu de 2026.<\/li>\n<li><strong>CRA La Coro\u00f1a<\/strong>: Cabranes: 13 de marzu de 2026.<\/li>\n<li><strong>Nava<\/strong>:13 de marzu de 2026 y 11 de mayu de 2026<\/li>\n<li><strong>Navia<\/strong>: 30 de xineru de 2026.<\/li>\n<li><strong>On\u00eds<\/strong>: 9 de marzu de 2026 y 20 d&#8217;abril de 2026.<\/li>\n<li><strong>Parres:<\/strong> 9 de marzu de 2026.<\/li>\n<li><strong>Pe\u00f1amellera Baxa<\/strong>: 15 de mayu de 2026.<\/li>\n<li>Pilo\u00f1a: <strong>Sebares<\/strong>: 16 de marzu de 2026 y 20 d&#8217;abril de 2026.\u00a0<strong>Infiesto<\/strong> y conceyu: 29 de mayu de 2026<\/li>\n<li><strong>Pravia<\/strong>: 9 de marzu de 2026<\/li>\n<li><strong>Proaza<\/strong>: 2 de febreru de 2026.<\/li>\n<li><strong>Ribedeva<\/strong>: 29 de mayu de 2026.<\/li>\n<li><strong>Ribesella<\/strong>: 6 de marzu de 2026 y 29 de mayu de 2026.<\/li>\n<li><strong>La Ribera<\/strong>: 13 de marzu de 2026.<\/li>\n<li><strong>Salas<\/strong>:13 de marzu de 2026.<\/li>\n<li><strong>Samart\u00edn del Rei Aurelio<\/strong>: 18 de mayu de 2026.<\/li>\n<li><strong>Santalla d&#8217;Ozco<\/strong>s: 21 de payares de 2025 y 13 de marzu de 2026.<\/li>\n<li><strong>Sariegu<\/strong>: 9 de marzu de 2026 y 29 de mayu de 2026.<\/li>\n<li><strong>Siero<\/strong>: Conceyu sacante Llugones y La Fresneda: 9 de marzu de 2026. Llugones y La Fresneda: 26 de mayu de 2026.<\/li>\n<li><strong>Sotu&#8217;l Barcu<\/strong>: 9 de marzu de 2026 y 18 de mayu de 2026<\/li>\n<li><strong>Taramundi<\/strong>: 15 de mayu de 2026.<\/li>\n<li><strong>Teberga<\/strong>: 26 de mayu de 2026.<\/li>\n<li><strong>Tin\u00e9u<\/strong>: 19 de marzu de 2026 y 20 de marzu de 2026.<\/li>\n<li><strong>Vald\u00e9s<\/strong>: 9 de marzu de 2026.<\/li>\n<li><strong>A Veiga<\/strong>: 9 de marzu de 2026.<\/li>\n<li><strong>Villay\u00f3n<\/strong>: 22 de mayu de 2026.<\/li>\n<\/ul>\n","protected":false},"excerpt":{"rendered":"<p>Estos son los d\u00edes ensin clase por festividaes locales del cursu 2025-2026, conceyu a conceyu. La Voz Festivos locales curso 2025-2026 (pdf)\u00a0De sigu\u00edo, det\u00e1llense los d\u00edes non lectivos sustitutivos que los centros comunicaron a la Conseyer\u00eda d&#8217;Educaci\u00f3n:<\/p>\n","protected":false},"author":117,"featured_media":0,"comment_status":"closed","ping_status":"open","sticky":false,"template":"","format":"standard","meta":{"footnotes":""},"categories":[132,1],"tags":[],"class_list":["post-58654","post","type-post","status-publish","format-standard","hentry","category-educastur","category-sin-categoria"],"_links":{"self":[{"href":"https:\/\/edublog.educastur.es\/ixuxu\/wp-json\/wp\/v2\/posts\/58654","targetHints":{"allow":["GET"]}}],"collection":[{"href":"https:\/\/edublog.educastur.es\/ixuxu\/wp-json\/wp\/v2\/posts"}],"about":[{"href":"https:\/\/edublog.educastur.es\/ixuxu\/wp-json\/wp\/v2\/types\/post"}],"author":[{"embeddable":true,"href":"https:\/\/edublog.educastur.es\/ixuxu\/wp-json\/wp\/v2\/users\/117"}],"replies":[{"embeddable":true,"href":"https:\/\/edublog.educastur.es\/ixuxu\/wp-json\/wp\/v2\/comments?post=58654"}],"version-history":[{"count":2,"href":"https:\/\/edublog.educastur.es\/ixuxu\/wp-json\/wp\/v2\/posts\/58654\/revisions"}],"predecessor-version":[{"id":58656,"href":"https:\/\/edublog.educastur.es\/ixuxu\/wp-json\/wp\/v2\/posts\/58654\/revisions\/58656"}],"wp:attachment":[{"href":"https:\/\/edublog.educastur.es\/ixuxu\/wp-json\/wp\/v2\/media?parent=58654"}],"wp:term":[{"taxonomy":"category","embeddable":true,"href":"https:\/\/edublog.educastur.es\/ixuxu\/wp-json\/wp\/v2\/categories?post=58654"},{"taxonomy":"post_tag","embeddable":true,"href":"https:\/\/edublog.educastur.es\/ixuxu\/wp-json\/wp\/v2\/tags?post=58654"}],"curies":[{"name":"wp","href":"https:\/\/api.w.org\/{rel}","templated":true}]}}