{"id":58659,"date":"2025-09-25T09:10:34","date_gmt":"2025-09-25T07:10:34","guid":{"rendered":"https:\/\/edublog.educastur.es\/ixuxu\/?p=58659"},"modified":"2025-09-25T13:42:43","modified_gmt":"2025-09-25T11:42:43","slug":"58659","status":"publish","type":"post","link":"https:\/\/edublog.educastur.es\/ixuxu\/2025\/09\/58659\/","title":{"rendered":"La\u00a0Xira Did\u00e1ctica, proyectu cultural y educativu pal alumn\u00e1u de llingua asturiana"},"content":{"rendered":"<p style=\"text-align: center\"><a href=\"https:\/\/www.educastur.es\/documents\/34868\/41113\/2025-03-ast-act-xira-1060.jpg\/7f161f8b-8e11-0de2-c429-e92dfefe99f3?t=1741868594456\"><img loading=\"lazy\" decoding=\"async\" class=\"aligncenter size-large\" src=\"https:\/\/www.educastur.es\/documents\/34868\/41113\/2025-03-ast-act-xira-1060.jpg\/7f161f8b-8e11-0de2-c429-e92dfefe99f3?t=1741868594456\" width=\"1060\" height=\"321\" \/><\/a><\/p>\n<p>La<strong>\u00a0Xira Did\u00e1ctica<\/strong>\u00a0<strong><span style=\"color: #008080\">ye un proyectu de dinamizaci\u00f3n cultural y educativa pensada pal alumn\u00e1u de llingua asturiana y lliteratura y d\u2019eonaviegu.<\/span><\/strong> La\u00a0<strong>Xira\u00a0<\/strong>pon a disposici\u00f3n de los centros educativos asturianos una escoyeta d\u2019actividaes culturales y educatives creaes pola industria cultural asturiana nes que les lling\u00fces vehiculares son l\u2019asturianu o l\u2019eonaviegu, pensaes pa unos rangos d\u2019ed\u00e1 espec\u00edficos.<\/p>\n<ul>\n<li>La inscripci\u00f3n ye gratuita.<\/li>\n<li><strong>Dirix\u00edo a:<\/strong> Prioritariamente a alumn\u00e1u d\u2019asturianu y eonaviegu (gallego-asturianu) de E. Primaria, ESO y Bachilletatu.<\/li>\n<li><strong>Plazu d\u2019inscripci\u00f3n:\u00a0<\/strong>Dende\u2019l mi\u00e9rcoles 17\u00a0 al martes 30 de setiembre<\/li>\n<li><strong>Procedimientu:\u00a0<\/strong>reserva <a href=\"https:\/\/entradas.turismoasturias.es\/es\/xira-didactica\/\">nesti enllaz.<\/a><\/li>\n<li><a href=\"https:\/\/www.educastur.es\/documents\/34868\/2177043\/2025-09-ast-xira-didactica-AST.pdf\/f4f38f05-13d6-f344-f3df-1fd48ffbb45b?t=1758118760728\" target=\"_blank\" rel=\"noopener\">Cat\u00e1logu<\/a> (pdf)<\/li>\n<li><strong>M\u00e1s informaci\u00f3n:\u00a0<\/strong>985 185 860 &#8211; 902 306 600 &#8211;\u00a0<a href=\"mailto:reservas@turismoycultura.asturias.es\">reservas@turismoycultura.asturias.es<\/a><\/li>\n<\/ul>\n","protected":false},"excerpt":{"rendered":"<p>La\u00a0Xira Did\u00e1ctica\u00a0ye un proyectu de dinamizaci\u00f3n cultural y educativa pensada pal alumn\u00e1u de llingua asturiana y lliteratura y d\u2019eonaviegu. La\u00a0Xira\u00a0pon a disposici\u00f3n de los centros educativos asturianos una escoyeta d\u2019actividaes culturales y educatives creaes pola industria cultural asturiana nes que les lling\u00fces vehiculares son l\u2019asturianu o l\u2019eonaviegu, pensaes pa unos rangos d\u2019ed\u00e1 espec\u00edficos. La inscripci\u00f3n [&hellip;]<\/p>\n","protected":false},"author":117,"featured_media":0,"comment_status":"closed","ping_status":"open","sticky":false,"template":"","format":"standard","meta":{"footnotes":""},"categories":[427],"tags":[],"class_list":["post-58659","post","type-post","status-publish","format-standard","hentry","category-xira-didactica"],"_links":{"self":[{"href":"https:\/\/edublog.educastur.es\/ixuxu\/wp-json\/wp\/v2\/posts\/58659","targetHints":{"allow":["GET"]}}],"collection":[{"href":"https:\/\/edublog.educastur.es\/ixuxu\/wp-json\/wp\/v2\/posts"}],"about":[{"href":"https:\/\/edublog.educastur.es\/ixuxu\/wp-json\/wp\/v2\/types\/post"}],"author":[{"embeddable":true,"href":"https:\/\/edublog.educastur.es\/ixuxu\/wp-json\/wp\/v2\/users\/117"}],"replies":[{"embeddable":true,"href":"https:\/\/edublog.educastur.es\/ixuxu\/wp-json\/wp\/v2\/comments?post=58659"}],"version-history":[{"count":4,"href":"https:\/\/edublog.educastur.es\/ixuxu\/wp-json\/wp\/v2\/posts\/58659\/revisions"}],"predecessor-version":[{"id":58678,"href":"https:\/\/edublog.educastur.es\/ixuxu\/wp-json\/wp\/v2\/posts\/58659\/revisions\/58678"}],"wp:attachment":[{"href":"https:\/\/edublog.educastur.es\/ixuxu\/wp-json\/wp\/v2\/media?parent=58659"}],"wp:term":[{"taxonomy":"category","embeddable":true,"href":"https:\/\/edublog.educastur.es\/ixuxu\/wp-json\/wp\/v2\/categories?post=58659"},{"taxonomy":"post_tag","embeddable":true,"href":"https:\/\/edublog.educastur.es\/ixuxu\/wp-json\/wp\/v2\/tags?post=58659"}],"curies":[{"name":"wp","href":"https:\/\/api.w.org\/{rel}","templated":true}]}}