{"id":58685,"date":"2025-09-25T13:57:14","date_gmt":"2025-09-25T11:57:14","guid":{"rendered":"https:\/\/edublog.educastur.es\/ixuxu\/?p=58685"},"modified":"2025-12-10T14:46:06","modified_gmt":"2025-12-10T12:46:06","slug":"alejandro-sanz-anuncia-conciertu-en-xixon","status":"publish","type":"post","link":"https:\/\/edublog.educastur.es\/ixuxu\/2025\/09\/alejandro-sanz-anuncia-conciertu-en-xixon\/","title":{"rendered":"Alejandro Sanz anuncia conciertu en Xix\u00f3n pa xunu de 2026"},"content":{"rendered":"<p style=\"text-align: center\"><a href=\"https:\/\/media.alejandrosanz.com\/media\/b51fc141dc438b4a26e3c43696dc32c82754.JPG\"><img loading=\"lazy\" decoding=\"async\" class=\"aligncenter \" src=\"https:\/\/media.alejandrosanz.com\/media\/b51fc141dc438b4a26e3c43696dc32c82754.JPG\" width=\"381\" height=\"571\" \/><\/a><\/p>\n<p><strong><a href=\"https:\/\/www.alejandrosanz.com\/home\">Alejandro Sanz<\/a><\/strong> anuncia conciertu en Xix\u00f3n dientro de la so nueva xira mundial. El conciertu <strong>va ser el 12 de xunu de 2026 nel Parque Hermanos Castro<\/strong>, unu de los escenarios que va acoyer esti esper\u00e1u tour nel que l&#8217;artista va fundir los sos grandes cl\u00e1sicos colo m\u00e1s reci\u00e9n del so repertoriu, incluyendo les temes del <span style=\"color: #008080\">so nuevu trabayu discogr\u00e1ficu, tami\u00e9n titul\u00e1u <em>&#8216;\u00bfY Agora Qu\u00e9?&#8217;. <\/em><\/span><a href=\"https:\/\/www.alejandrosanz.com\/albums\">\u00c1lbums<\/a><\/p>\n<p><!--more--><\/p>\n<p>L&#8217;\u00e1lbum incl\u00fai collaboraciones con artistes como Rels B (&#8216;Nun Me Tires Flores&#8217;), Grupo Frontera (&#8216;G\u00fcei Nun Me Siento Bien&#8217;), Car\u00edn Lli\u00f3n (&#8216;El Vinu de La to Boca&#8217;) y Shakira (&#8216;B\u00e9same&#8217;), y foi nom\u00e1u en cuatro categor\u00edes nos Latin Grammy 2025: Grabaci\u00f3n del A\u00f1u y Cantar del A\u00f1u por Palmeres nel Xard\u00edn\u00bb, \u00c1lbum del A\u00f1u y Meyor \u00c1lbum Contemporaneu.<\/p>\n<p>Con m\u00e1s de 25 millones de discos vend\u00edos y 26 premios Grammy &#8211;22 Latin Grammy y 4 Grammy&#8211;, Alejandro Sanz consol\u00eddase como xuno de los artistes m\u00e1s influyentes de la m\u00fasica n&#8217;espa\u00f1ol. La so nueva xira pretende ser una celebraci\u00f3n de tola so trayectoria, dende &#8216;Viviendo Apriesa&#8217; hasta&#8217;l so presente m\u00e1s actual.<\/p>\n<p style=\"text-align: center\">\n<!-- iframe plugin v.6.0 wordpress.org\/plugins\/iframe\/ -->\n<iframe data-testid=\"embed-iframe\" style=\"border-radius:12px\" src=\"https:\/\/open.spotify.com\/embed\/playlist\/7vtvOgEWAqVZzH664sWOoG?utm_source=generator\" width=\"100%\" height=\"352\" frameborder=\"0\" allowfullscreen allow=\"autoplay; clipboard-write; encrypted-media; fullscreen; picture-in-picture\" loading=\"lazy\" 0=\"\/iframe\" scrolling=\"yes\" class=\"iframe-class\"><\/iframe>\n<\/p>\n<p>Les entraes para&#8217;l conciertu de Xix\u00f3n, seg\u00fan para&#8217;l restu de feches n&#8217;Espa\u00f1a, van tar disponibles <a href=\"https:\/\/www.alejandrosanz.com\/home\">a partir del 9 d&#8217;ochobre na web oficial del artista.<\/a><\/p>\n<p style=\"text-align: center\">\n<p style=\"text-align: center\"><span class=\"x193iq5w xeuugli x13faqbe x1vvkbs xt0psk2 x1i0vuye xvs91rp xo1l8bm x5n08af x10wh9bi xpm28yp x8viiok x1o7cslx x126k92a\"><span class=\"html-span xexx8yu x4uap5 x18d9i69 xkhd6sd x1hl2dhg x16tdsg8 x1vvkbs x3nfvp2 x1j61x8r x1fcty0u xdj266r xat24cr xgzva0m xhhsvwb xxymvpz xlup9mm x1kky2od\">\n<!-- iframe plugin v.6.0 wordpress.org\/plugins\/iframe\/ -->\n<iframe loading=\"lazy\" src=\"https:\/\/www.instagram.com\/reel\/DPBWZaxgsJe\/embed\" width=\"500\" height=\"675\" 0=\"\/iframe\" scrolling=\"yes\" class=\"iframe-class\" frameborder=\"0\"><\/iframe>\n<\/span><\/span><\/p>\n","protected":false},"excerpt":{"rendered":"<p>Alejandro Sanz anuncia conciertu en Xix\u00f3n dientro de la so nueva xira mundial. El conciertu va ser el 12 de xunu de 2026 nel Parque Hermanos Castro, unu de los escenarios que va acoyer esti esper\u00e1u tour nel que l&#8217;artista va fundir los sos grandes cl\u00e1sicos colo m\u00e1s reci\u00e9n del so repertoriu, incluyendo les temes [&hellip;]<\/p>\n","protected":false},"author":117,"featured_media":0,"comment_status":"closed","ping_status":"open","sticky":false,"template":"","format":"standard","meta":{"footnotes":""},"categories":[35],"tags":[],"class_list":["post-58685","post","type-post","status-publish","format-standard","hentry","category-musica"],"_links":{"self":[{"href":"https:\/\/edublog.educastur.es\/ixuxu\/wp-json\/wp\/v2\/posts\/58685","targetHints":{"allow":["GET"]}}],"collection":[{"href":"https:\/\/edublog.educastur.es\/ixuxu\/wp-json\/wp\/v2\/posts"}],"about":[{"href":"https:\/\/edublog.educastur.es\/ixuxu\/wp-json\/wp\/v2\/types\/post"}],"author":[{"embeddable":true,"href":"https:\/\/edublog.educastur.es\/ixuxu\/wp-json\/wp\/v2\/users\/117"}],"replies":[{"embeddable":true,"href":"https:\/\/edublog.educastur.es\/ixuxu\/wp-json\/wp\/v2\/comments?post=58685"}],"version-history":[{"count":8,"href":"https:\/\/edublog.educastur.es\/ixuxu\/wp-json\/wp\/v2\/posts\/58685\/revisions"}],"predecessor-version":[{"id":63320,"href":"https:\/\/edublog.educastur.es\/ixuxu\/wp-json\/wp\/v2\/posts\/58685\/revisions\/63320"}],"wp:attachment":[{"href":"https:\/\/edublog.educastur.es\/ixuxu\/wp-json\/wp\/v2\/media?parent=58685"}],"wp:term":[{"taxonomy":"category","embeddable":true,"href":"https:\/\/edublog.educastur.es\/ixuxu\/wp-json\/wp\/v2\/categories?post=58685"},{"taxonomy":"post_tag","embeddable":true,"href":"https:\/\/edublog.educastur.es\/ixuxu\/wp-json\/wp\/v2\/tags?post=58685"}],"curies":[{"name":"wp","href":"https:\/\/api.w.org\/{rel}","templated":true}]}}