{"id":58691,"date":"2025-09-25T08:55:12","date_gmt":"2025-09-25T06:55:12","guid":{"rendered":"https:\/\/edublog.educastur.es\/ixuxu\/?p=58691"},"modified":"2025-09-25T19:49:59","modified_gmt":"2025-09-25T17:49:59","slug":"dia-maritimo-mundial-2","status":"publish","type":"post","link":"https:\/\/edublog.educastur.es\/ixuxu\/2025\/09\/dia-maritimo-mundial-2\/","title":{"rendered":"D\u00eda Mar\u00edtimu Mundial"},"content":{"rendered":"<p style=\"text-align: center\"><span style=\"color: #008080\"><em><strong> \u201cEl nuesu oc\u00e9anu, la nuesa obligaci\u00f3n, la nuesa oportunid\u00e1\u201d<\/strong><\/em><\/span><\/p>\n<p style=\"text-align: center\"><span class=\"x193iq5w xeuugli x13faqbe x1vvkbs xt0psk2 x1i0vuye xvs91rp xo1l8bm x5n08af x10wh9bi xpm28yp x8viiok x1o7cslx x126k92a\"><span class=\"html-span xexx8yu x4uap5 x18d9i69 xkhd6sd x1hl2dhg x16tdsg8 x1vvkbs x3nfvp2 x1j61x8r x1fcty0u xdj266r xat24cr xgzva0m xhhsvwb xxymvpz xlup9mm x1kky2od\">\n<!-- iframe plugin v.6.0 wordpress.org\/plugins\/iframe\/ -->\n<iframe loading=\"lazy\" src=\"https:\/\/www.instagram.com\/reel\/DPBI8ewj7Cu\/embed\" width=\"500\" height=\"675\" 0=\"\/iframe\" scrolling=\"yes\" class=\"iframe-class\" frameborder=\"0\"><\/iframe>\n<\/span><\/span><\/p>\n<p>Un oc\u00e9anu sanu sostien comunidaes: m\u00e1s de 3.000 millones de persones dependen de la biodiversid\u00e1 marina y costera. Curiar l&#8217;oc\u00e9anu ye curiar l&#8217;empl\u00e9u, l&#8217;alimentaci\u00f3n y la sal\u00fa. <a class=\"x1i10hfl xjbqb8w x1ejq31n x18oe1m7 x1sy0etr xstzfhl x972fbf x10w94by x1qhh985 x14e42zd x9f619 x1ypdohk xt0psk2 x3ct3a4 xdj266r x14z9mp xat24cr x1lziwak xexx8yu xyri2b x18d9i69 x1c1uobl x16tdsg8 x1hl2dhg xggy1nq x1a2a7pz _aa9_ _a6hd\" role=\"link\" href=\"https:\/\/www.instagram.com\/explore\/tags\/d%C3%ADamar%C3%ADtimomundial\/\">#D\u00edaMar\u00edtimoMundial<\/a><\/p>\n<p><!--more--><\/p>\n<p style=\"text-align: center\"><span class=\"x193iq5w xeuugli x13faqbe x1vvkbs xt0psk2 x1i0vuye xvs91rp xo1l8bm x5n08af x10wh9bi xpm28yp x8viiok x1o7cslx x126k92a\"><span class=\"html-span xexx8yu x4uap5 x18d9i69 xkhd6sd x1hl2dhg x16tdsg8 x1vvkbs x3nfvp2 x1j61x8r x1fcty0u xdj266r xat24cr xgzva0m xhhsvwb xxymvpz xlup9mm x1kky2od\">\n<!-- iframe plugin v.6.0 wordpress.org\/plugins\/iframe\/ -->\n<iframe loading=\"lazy\" src=\"https:\/\/www.instagram.com\/reel\/DPBH93BDRSG\/embed\" width=\"500\" height=\"675\" 0=\"\/iframe\" scrolling=\"yes\" class=\"iframe-class\" frameborder=\"0\"><\/iframe>\n<\/span><\/span><\/p>\n<p>\u00a0<strong>\u00bfSab\u00edes que los oc\u00e9anos mueven el mundu? <\/strong>M\u00e1s del 80 % del comerciu mundial tresportar por mar. Los oc\u00e9anos son fonte d&#8217;alimentu y empl\u00e9u para m\u00e1s de 3.000 millones de persones, llar de cientos de miles d&#8217;especies marines y reguladores esenciales del clima del planeta.<\/p>\n<p>G\u00fcei, nel D\u00eda Mar\u00edtimu Mundial 2025, sol lema<span style=\"color: #008080\"><em><strong> \u201cEl nuesu oc\u00e9anu, la nuesa obligaci\u00f3n, la nuesa oportunid\u00e1\u201d<\/strong><\/em><\/span>, recordamos que protexer y xestionar de forma sostenible esti espaciu com\u00fan nun ye solo un deber ambiental: ye una responsabilid\u00e1 global y una oportunid\u00e1 para anovar y tresformar el nuesu futuru.<\/p>\n<p style=\"text-align: center\"><span class=\"x193iq5w xeuugli x13faqbe x1vvkbs xt0psk2 x1i0vuye xvs91rp xo1l8bm x5n08af x10wh9bi xpm28yp x8viiok x1o7cslx x126k92a\"><span class=\"html-span xexx8yu x4uap5 x18d9i69 xkhd6sd x1hl2dhg x16tdsg8 x1vvkbs x3nfvp2 x1j61x8r x1fcty0u xdj266r xat24cr xgzva0m xhhsvwb xxymvpz xlup9mm x1kky2od\">\n<!-- iframe plugin v.6.0 wordpress.org\/plugins\/iframe\/ -->\n<iframe loading=\"lazy\" src=\"https:\/\/www.instagram.com\/reel\/DPBkqzXDaCw\/embed\" width=\"500\" height=\"645\" 0=\"\/iframe\" scrolling=\"yes\" class=\"iframe-class\" frameborder=\"0\"><\/iframe>\n<\/span><\/span><\/p>\n<p><strong>Homenaxe a quien cartografi\u00f3 los mares<\/strong> \u2693\ufe0f\ud83c\udf0a G\u00fcei celebramos una xornada para recordar lo inmenso, lo misterioso\u2026 lo que ta m\u00e1s all\u00e1 de la mari\u00f1a. Un d\u00eda para valorar la vida del oc\u00e9anu, la ciencia, el sal\u00e9u y el cuidu del nuesu mar \ud83c\udf0d\u2728. Tema 2025: <span style=\"color: #008080\"><em>\u201cOur Ocean, Our Obligation, Our Opportunity\u201d<\/em><\/span>, un recordatoriu de que&#8217;l mar br\u00edndanos enforma\u2026 y tami\u00e9n nos esixe responsabilid\u00e1 compartida.<\/p>\n<p>En Cabra, enll\u00e9nanos d&#8217;arguyu remembrar la figura de <a href=\"https:\/\/es.wikipedia.org\/wiki\/Dionisio_Alcal%C3%A1_Galiano\"><strong>Dionisio Alcal\u00e1-Galiano<\/strong><\/a>, nac\u00edu en C\u00f3rdoba en 1760. Mar\u00edn, cart\u00f3grafu y cient\u00edficu, gran espertu n&#8217;astronom\u00eda, hidrograf\u00eda y sal\u00e9u, qu&#8217;apurri\u00f3 la so vida al serviciu de los mares y a la conocencia.<\/p>\n<p>\ud83d\udd0e Dellos finxos del so leg\u00e1u:<\/p>\n<ul>\n<li>Particip\u00f3 n&#8217;espediciones hidrogr\u00e1fiques para cartografiar les mari\u00f1es d&#8217;Espa\u00f1a y esquizar rutes como l&#8217;Estrechu de Magallanes.<\/li>\n<li>Foi parte del c\u00e9lebre proyectu de Tofi\u00f1o para llevantar cartes mar\u00edtimes nel Mediterr\u00e1neu, contribuyendo con precisi\u00f3n cient\u00edfica qu&#8217;ent\u00e1 g\u00fcei val\u00f3rase.<\/li>\n<li>La so vida termin\u00f3 na Batalla de Trafalgar, defendiendo&#8217;l deber\u2014la so valent\u00eda y conocencia siguen inspirando.<\/li>\n<\/ul>\n<p>&nbsp;<\/p>\n","protected":false},"excerpt":{"rendered":"<p>\u201cEl nuesu oc\u00e9anu, la nuesa obligaci\u00f3n, la nuesa oportunid\u00e1\u201d Un oc\u00e9anu sanu sostien comunidaes: m\u00e1s de 3.000 millones de persones dependen de la biodiversid\u00e1 marina y costera. Curiar l&#8217;oc\u00e9anu ye curiar l&#8217;empl\u00e9u, l&#8217;alimentaci\u00f3n y la sal\u00fa. #D\u00edaMar\u00edtimoMundial<\/p>\n","protected":false},"author":117,"featured_media":0,"comment_status":"closed","ping_status":"open","sticky":false,"template":"","format":"standard","meta":{"footnotes":""},"categories":[6],"tags":[],"class_list":["post-58691","post","type-post","status-publish","format-standard","hentry","category-dia-de"],"_links":{"self":[{"href":"https:\/\/edublog.educastur.es\/ixuxu\/wp-json\/wp\/v2\/posts\/58691","targetHints":{"allow":["GET"]}}],"collection":[{"href":"https:\/\/edublog.educastur.es\/ixuxu\/wp-json\/wp\/v2\/posts"}],"about":[{"href":"https:\/\/edublog.educastur.es\/ixuxu\/wp-json\/wp\/v2\/types\/post"}],"author":[{"embeddable":true,"href":"https:\/\/edublog.educastur.es\/ixuxu\/wp-json\/wp\/v2\/users\/117"}],"replies":[{"embeddable":true,"href":"https:\/\/edublog.educastur.es\/ixuxu\/wp-json\/wp\/v2\/comments?post=58691"}],"version-history":[{"count":6,"href":"https:\/\/edublog.educastur.es\/ixuxu\/wp-json\/wp\/v2\/posts\/58691\/revisions"}],"predecessor-version":[{"id":58698,"href":"https:\/\/edublog.educastur.es\/ixuxu\/wp-json\/wp\/v2\/posts\/58691\/revisions\/58698"}],"wp:attachment":[{"href":"https:\/\/edublog.educastur.es\/ixuxu\/wp-json\/wp\/v2\/media?parent=58691"}],"wp:term":[{"taxonomy":"category","embeddable":true,"href":"https:\/\/edublog.educastur.es\/ixuxu\/wp-json\/wp\/v2\/categories?post=58691"},{"taxonomy":"post_tag","embeddable":true,"href":"https:\/\/edublog.educastur.es\/ixuxu\/wp-json\/wp\/v2\/tags?post=58691"}],"curies":[{"name":"wp","href":"https:\/\/api.w.org\/{rel}","templated":true}]}}