{"id":58707,"date":"2025-09-26T08:30:49","date_gmt":"2025-09-26T06:30:49","guid":{"rendered":"https:\/\/edublog.educastur.es\/ixuxu\/?p=58707"},"modified":"2025-09-25T19:58:26","modified_gmt":"2025-09-25T17:58:26","slug":"el-tiempu-el-comercio-148","status":"publish","type":"post","link":"https:\/\/edublog.educastur.es\/ixuxu\/2025\/09\/el-tiempu-el-comercio-148\/","title":{"rendered":"El tiempu (El Comercio)"},"content":{"rendered":"<p style=\"text-align: center\"><a href=\"https:\/\/s3.ppllstatics.com\/elcomercio\/www\/multimedia\/2025\/09\/25\/tiempo-asturias-viernes-26-septiembre-kSBG-U2302588077118HVD-1200x870@El%20Comercio.jpg\"><img loading=\"lazy\" decoding=\"async\" class=\"aligncenter size-large\" src=\"https:\/\/s3.ppllstatics.com\/elcomercio\/www\/multimedia\/2025\/09\/25\/tiempo-asturias-viernes-26-septiembre-kSBG-U2302588077118HVD-1200x870@El%20Comercio.jpg\" width=\"1200\" height=\"870\" \/><\/a><\/p>\n<p>Un d\u00eda m\u00e1s, esperamos tiempu anticicl\u00f3nicu na rex\u00f3n. El d\u00eda va presentase soleyeru en tola rex\u00f3n <strong>dende primer hora de la ma\u00f1ana.<\/strong> S\u00eda que non, podr\u00eda dir apaeciendo cierta nubosid\u00e1 de tipu altu <strong>a lo llargo de la segunda parte del d\u00eda<\/strong> pero va ser insignificante. Ello ye que la probabilid\u00e1 d&#8217;ag\u00fces va ser dafechu nula. <strong>Los vientos<\/strong> van predominar de componente d&#8217;este con raches moderaes na mari\u00f1a, ente que nel interior va faese esperen fluexos. <strong>Les temperatures m\u00e1ximes<\/strong> van xubir hasta 5 graos nel suroccidente al respective de ayeri xueves, hasta 4 graos nel cordal, hasta 3 graos nel restu del interior y hasta 2 graos na mari\u00f1a y proximidaes. <strong>Les temperatures m\u00ednimes<\/strong> van ser similares a les d&#8217;esti xueves, pudiendo xubir bien llixeramente nel cordal y calteni\u00e9ndose nel restu del Princip\u00e1u.<\/p>\n<p><!--more--><\/p>\n<p><strong>El s\u00e1badu<\/strong> vamos reparar c\u00f3mo van aumentar les nubes y nun se refuga que pueda acabar lloviendo nel occidente asturianu. Les temperatures m\u00e1ximes van baxar nam\u00e1 nel sector occidental y nun van esperimentar variaci\u00f3n nel oriental. Les m\u00ednimes van xubir de forma xeneralizada.<\/p>\n<p><strong>El domingu<\/strong>, ent\u00e1 con incertidume, tou apunta a que finalmente la probabilid\u00e1 d&#8217;ag\u00fces s\u00eda baxa con momentos d&#8217;escamplaes mientres el d\u00eda.<\/p>\n","protected":false},"excerpt":{"rendered":"<p>Un d\u00eda m\u00e1s, esperamos tiempu anticicl\u00f3nicu na rex\u00f3n. El d\u00eda va presentase soleyeru en tola rex\u00f3n dende primer hora de la ma\u00f1ana. S\u00eda que non, podr\u00eda dir apaeciendo cierta nubosid\u00e1 de tipu altu a lo llargo de la segunda parte del d\u00eda pero va ser insignificante. Ello ye que la probabilid\u00e1 d&#8217;ag\u00fces va ser dafechu [&hellip;]<\/p>\n","protected":false},"author":117,"featured_media":0,"comment_status":"closed","ping_status":"open","sticky":false,"template":"","format":"standard","meta":{"footnotes":""},"categories":[5],"tags":[],"class_list":["post-58707","post","type-post","status-publish","format-standard","hentry","category-tiempu"],"_links":{"self":[{"href":"https:\/\/edublog.educastur.es\/ixuxu\/wp-json\/wp\/v2\/posts\/58707","targetHints":{"allow":["GET"]}}],"collection":[{"href":"https:\/\/edublog.educastur.es\/ixuxu\/wp-json\/wp\/v2\/posts"}],"about":[{"href":"https:\/\/edublog.educastur.es\/ixuxu\/wp-json\/wp\/v2\/types\/post"}],"author":[{"embeddable":true,"href":"https:\/\/edublog.educastur.es\/ixuxu\/wp-json\/wp\/v2\/users\/117"}],"replies":[{"embeddable":true,"href":"https:\/\/edublog.educastur.es\/ixuxu\/wp-json\/wp\/v2\/comments?post=58707"}],"version-history":[{"count":1,"href":"https:\/\/edublog.educastur.es\/ixuxu\/wp-json\/wp\/v2\/posts\/58707\/revisions"}],"predecessor-version":[{"id":58708,"href":"https:\/\/edublog.educastur.es\/ixuxu\/wp-json\/wp\/v2\/posts\/58707\/revisions\/58708"}],"wp:attachment":[{"href":"https:\/\/edublog.educastur.es\/ixuxu\/wp-json\/wp\/v2\/media?parent=58707"}],"wp:term":[{"taxonomy":"category","embeddable":true,"href":"https:\/\/edublog.educastur.es\/ixuxu\/wp-json\/wp\/v2\/categories?post=58707"},{"taxonomy":"post_tag","embeddable":true,"href":"https:\/\/edublog.educastur.es\/ixuxu\/wp-json\/wp\/v2\/tags?post=58707"}],"curies":[{"name":"wp","href":"https:\/\/api.w.org\/{rel}","templated":true}]}}