{"id":58709,"date":"2025-09-26T08:49:23","date_gmt":"2025-09-26T06:49:23","guid":{"rendered":"https:\/\/edublog.educastur.es\/ixuxu\/?p=58709"},"modified":"2025-09-26T08:49:23","modified_gmt":"2025-09-26T06:49:23","slug":"estau-del-tiempu-vienres-26-setiembre","status":"publish","type":"post","link":"https:\/\/edublog.educastur.es\/ixuxu\/2025\/09\/estau-del-tiempu-vienres-26-setiembre\/","title":{"rendered":"Est\u00e1u del tiempu: vienres 26 setiembre"},"content":{"rendered":"<div class=\"x1cy8zhl x2bj2ny x78zum5 x1q0g3np\">\n<div class=\"x1iyjqo2\">\n<div class=\"x78zum5 xdt5ytf xz62fqu x16ldp7u\">\n<div class=\"xu06os2 x1ok221b\">\n<div class=\"x1gslohp\">\n<ul>\n<li class=\"html-h2 x14z9mp xat24cr x1lziwak xexx8yu xyri2b x18d9i69 x1c1uobl x1vvkbs x1heor9g x1qlqyl8 x1pd3egz x1a2a7pz x1gslohp\"><span class=\"x193iq5w xeuugli x13faqbe x1vvkbs x1xmvt09 x1f6kntn xvq8zen xo1l8bm xi81zsa\"><span class=\"xt0psk2\"><a class=\"x1i10hfl xjbqb8w x1ejq31n x18oe1m7 x1sy0etr xstzfhl x972fbf x10w94by x1qhh985 x14e42zd x9f619 x1ypdohk xt0psk2 x3ct3a4 xdj266r x14z9mp xat24cr x1lziwak xexx8yu xyri2b x18d9i69 x1c1uobl x16tdsg8 x1hl2dhg xggy1nq x1a2a7pz xkrqix3 x1sur9pj xzsf02u x1s688f\" role=\"link\" href=\"https:\/\/www.facebook.com\/eltiempuenasturies?__cft__[0]=AZXm3S6v-0yHK3GiH7TJb6qh-VQeJr_QsOE4po9G0U30JvDbNNWwRvxJSOZ1nsJz7VN7knBqG5TFD50SQtuomBP-FW_YbZs2yFyJVFXLd5tcO3LSebMbIwtHwxpSxX3huHZ-BzbKWb1UmK234bSpTCU3FpfRonAVjIF7WYZZ0hfXs8l8ItbDR6k1WDTSODuC0LJUiHqKMtKcCiK2OrT2XLR9&amp;__tn__=-UC*F\">El Tiempu n&#8217;Asturies.<\/a><\/span><\/span><\/li>\n<\/ul>\n<p style=\"text-align: center\"><span class=\"x193iq5w xeuugli x13faqbe x1vvkbs x1xmvt09 x1lliihq x1s928wv xhkezso x1gmr53x x1cpjm7i x1fgarty x1943h6x xudqn12 x3x7a5m x1f6kntn xvq8zen xo1l8bm xzsf02u\" dir=\"auto\">Semeya d&#8217;archivu del nuesu collaciu Pachu Armesto Hevia.\u00a0<\/span><\/p>\n<p style=\"text-align: center\">\n<!-- iframe plugin v.6.0 wordpress.org\/plugins\/iframe\/ -->\n<iframe loading=\"lazy\" src=\"https:\/\/www.facebook.com\/plugins\/post.php?href=https%3A%2F%2Fwww.facebook.com%2Feltiempuenasturies%2Fposts%2Fpfbid0S8cMbwtGi2NS8TNWpxo6kuvDBJ4cT9zEA5igfNP7wWKVnq4gFTnapvpWtykmDwUel&#038;show_text=false&#038;width=500\" width=\"500\" height=\"375\" style=\"border:none;overflow:hidden\" scrolling=\"no\" frameborder=\"0\" allowfullscreen=\"true\" allow=\"autoplay; clipboard-write; encrypted-media; picture-in-picture; web-share\" 0=\"\/iframe\" class=\"iframe-class\"><\/iframe>\n<\/p>\n<\/div>\n<\/div>\n<div class=\"xu06os2 x1ok221b\"><\/div>\n<\/div>\n<\/div>\n<\/div>\n<ul>\n<li><span class=\"x193iq5w xeuugli x13faqbe x1vvkbs x1xmvt09 x1lliihq x1s928wv xhkezso x1gmr53x x1cpjm7i x1fgarty x1943h6x xudqn12 x3x7a5m x1f6kntn xvq8zen xo1l8bm xzsf02u\" dir=\"auto\"><strong><span style=\"color: #008080\">Alborecemos<\/span><\/strong> col cielu escampl\u00e1u ya con unes temperatures que tan alrodiu de los 9\u00baC, rexistr\u00e1ndose nel puirtu Payares 5,6\u00baC.<\/span><\/li>\n<li><span class=\"x193iq5w xeuugli x13faqbe x1vvkbs x1xmvt09 x1lliihq x1s928wv xhkezso x1gmr53x x1cpjm7i x1fgarty x1943h6x xudqn12 x3x7a5m x1f6kntn xvq8zen xo1l8bm xzsf02u\" dir=\"auto\"><strong><span style=\"color: #008080\">G\u00fcei<\/span><\/strong> vamos tener una ma\u00f1ana mui soleyera col cielu poco nuboso o escampl\u00e1u pa dir aumentando la nubosid\u00e1 alta pela tarde pero que malpenes velar\u00e1 al sol. Les temperatures n&#8217;ascensu nel interior, calteni\u00e9ndose na costa por mor del vientu nord\u00e9s que seguir\u00e1 siendo cafiante ya baxar\u00e1 la sensaci\u00f3n t\u00e9rmica.<br class=\"html-br\" \/><\/span><\/li>\n<\/ul>\n<p><span class=\"x193iq5w xeuugli x13faqbe x1vvkbs x1xmvt09 x1lliihq x1s928wv xhkezso x1gmr53x x1cpjm7i x1fgarty x1943h6x xudqn12 x3x7a5m x1f6kntn xvq8zen xo1l8bm xzsf02u\" dir=\"auto\"><!--more--><br class=\"html-br\" \/><\/span><\/p>\n<ul>\n<li><span class=\"x193iq5w xeuugli x13faqbe x1vvkbs x1xmvt09 x1lliihq x1s928wv xhkezso x1gmr53x x1cpjm7i x1fgarty x1943h6x xudqn12 x3x7a5m x1f6kntn xvq8zen xo1l8bm xzsf02u\" dir=\"auto\"><span style=\"color: #008080\"><strong>Ma\u00f1ana s\u00e1badu<\/strong><\/span> tar\u00e1&#8217;l cielu empuerc\u00e1u de nubes medies y altes que dexar\u00e1n pasar la llume del sol pela ma\u00f1ana quedando nuble durante la tarde con unes temperatures que camudar\u00e1n poco o baxar\u00e1n llixeramente nel interior por mor de les nubes, mentantu na costa ascender\u00e1n tami\u00e9n llixeramente pero esta vegada por mor del amenorgamientu del vientu nord\u00e9s.<\/span><\/li>\n<li><span class=\"x193iq5w xeuugli x13faqbe x1vvkbs x1xmvt09 x1lliihq x1s928wv xhkezso x1gmr53x x1cpjm7i x1fgarty x1943h6x xudqn12 x3x7a5m x1f6kntn xvq8zen xo1l8bm xzsf02u\" dir=\"auto\"><span style=\"color: #008080\"><strong>El domingu<\/strong><\/span> seguiremos col cielu empuerc\u00e1u de nubes medies y altes cola posibilid\u00e1 de que caiga dalguna gotera, sobre too na cordelera y fastera surocidental d&#8217;Asturies con unes temperatures que seguir\u00e1n siendo afayices.<\/span><\/li>\n<li><span class=\"x193iq5w xeuugli x13faqbe x1vvkbs x1xmvt09 x1lliihq x1s928wv xhkezso x1gmr53x x1cpjm7i x1fgarty x1943h6x xudqn12 x3x7a5m x1f6kntn xvq8zen xo1l8bm xzsf02u\" dir=\"auto\">Paez que<span style=\"color: #008080\"><strong> la selmana viniente<\/strong><\/span> sedr\u00e1 estable con temperatures suaves ya nubes ya claros o abancios nel cielu, pero esto y\u00e1 lu diremos viendo.<\/span><\/li>\n<\/ul>\n","protected":false},"excerpt":{"rendered":"<p>El Tiempu n&#8217;Asturies. Semeya d&#8217;archivu del nuesu collaciu Pachu Armesto Hevia.\u00a0 Alborecemos col cielu escampl\u00e1u ya con unes temperatures que tan alrodiu de los 9\u00baC, rexistr\u00e1ndose nel puirtu Payares 5,6\u00baC. G\u00fcei vamos tener una ma\u00f1ana mui soleyera col cielu poco nuboso o escampl\u00e1u pa dir aumentando la nubosid\u00e1 alta pela tarde pero que malpenes velar\u00e1 [&hellip;]<\/p>\n","protected":false},"author":117,"featured_media":0,"comment_status":"closed","ping_status":"open","sticky":false,"template":"","format":"standard","meta":{"footnotes":""},"categories":[5],"tags":[],"class_list":["post-58709","post","type-post","status-publish","format-standard","hentry","category-tiempu"],"_links":{"self":[{"href":"https:\/\/edublog.educastur.es\/ixuxu\/wp-json\/wp\/v2\/posts\/58709","targetHints":{"allow":["GET"]}}],"collection":[{"href":"https:\/\/edublog.educastur.es\/ixuxu\/wp-json\/wp\/v2\/posts"}],"about":[{"href":"https:\/\/edublog.educastur.es\/ixuxu\/wp-json\/wp\/v2\/types\/post"}],"author":[{"embeddable":true,"href":"https:\/\/edublog.educastur.es\/ixuxu\/wp-json\/wp\/v2\/users\/117"}],"replies":[{"embeddable":true,"href":"https:\/\/edublog.educastur.es\/ixuxu\/wp-json\/wp\/v2\/comments?post=58709"}],"version-history":[{"count":1,"href":"https:\/\/edublog.educastur.es\/ixuxu\/wp-json\/wp\/v2\/posts\/58709\/revisions"}],"predecessor-version":[{"id":58710,"href":"https:\/\/edublog.educastur.es\/ixuxu\/wp-json\/wp\/v2\/posts\/58709\/revisions\/58710"}],"wp:attachment":[{"href":"https:\/\/edublog.educastur.es\/ixuxu\/wp-json\/wp\/v2\/media?parent=58709"}],"wp:term":[{"taxonomy":"category","embeddable":true,"href":"https:\/\/edublog.educastur.es\/ixuxu\/wp-json\/wp\/v2\/categories?post=58709"},{"taxonomy":"post_tag","embeddable":true,"href":"https:\/\/edublog.educastur.es\/ixuxu\/wp-json\/wp\/v2\/tags?post=58709"}],"curies":[{"name":"wp","href":"https:\/\/api.w.org\/{rel}","templated":true}]}}