{"id":58717,"date":"2025-09-26T09:03:23","date_gmt":"2025-09-26T07:03:23","guid":{"rendered":"https:\/\/edublog.educastur.es\/ixuxu\/?p=58717"},"modified":"2025-09-26T09:05:41","modified_gmt":"2025-09-26T07:05:41","slug":"dia-mundial-de-la-salu-ambiental","status":"publish","type":"post","link":"https:\/\/edublog.educastur.es\/ixuxu\/2025\/09\/dia-mundial-de-la-salu-ambiental\/","title":{"rendered":"D\u00eda Mundial de la Sal\u00fa Ambiental"},"content":{"rendered":"<p><a href=\"https:\/\/www.diainternacionalde.com\/ficha\/dia-mundial-salud-ambiental\">D\u00eda de&#8230;<\/a> \/\u00a0<strong><em>#D\u00edaMundialdelaSaludAmbiental #WorldEnvironmentalHealthDay \u00b7#SaludAmbiental<\/em><\/strong><\/p>\n<p style=\"text-align: center\"><a href=\"https:\/\/imgs.search.brave.com\/TyuBWdpTp4Yya44U6Sq1wxdg-ednpYKEqU0PQtqxvdA\/rs:fit:500:0:1:0\/g:ce\/aHR0cHM6Ly93d3cu\/bnVldmEtaXNvLTE0\/MDAxLmNvbS93cC1j\/b250ZW50L3VwbG9h\/ZHMvMjAyNC8wOS9E\/aWEtTXVuZGlhbC1k\/ZS1sYS1TYWx1ZC1B\/bWJpZW50YWwuanBn\"><img loading=\"lazy\" decoding=\"async\" class=\"aligncenter size-large\" src=\"https:\/\/imgs.search.brave.com\/TyuBWdpTp4Yya44U6Sq1wxdg-ednpYKEqU0PQtqxvdA\/rs:fit:500:0:1:0\/g:ce\/aHR0cHM6Ly93d3cu\/bnVldmEtaXNvLTE0\/MDAxLmNvbS93cC1j\/b250ZW50L3VwbG9h\/ZHMvMjAyNC8wOS9E\/aWEtTXVuZGlhbC1k\/ZS1sYS1TYWx1ZC1B\/bWJpZW50YWwuanBn\" width=\"500\" height=\"202\" \/><\/a><\/p>\n<p>Ye una efem\u00e9ride de vital importancia empobinada a garantizar la sostenibilid\u00e1 de los ecosistemes, en pro de la sal\u00fa de les xeneraciones actuales y futures. Pretende concenciase a la poblaci\u00f3n mundial sobro la importancia de curiar el nuesu planeta, los sos recursos naturales y les especies qu&#8217;habiten n\u00e9l.<\/p>\n<p><!--more--><\/p>\n<p><strong>Orixe del D\u00eda Mundial de la Sal\u00fa Ambiental.\u00a0 N<\/strong>el a\u00f1u 2011, foi por iniciativa de la Federaci\u00f3n Internacional de Sal\u00fa Ambiental (International Federation on Environmental Health (IFEH).<\/p>\n<p>La so finalid\u00e1 ye sensibilizar y concenciar a la poblaci\u00f3n mundial sobro la sal\u00fa del mediu ambiente.<\/p>\n<p>Esta organizaci\u00f3n <strong>tien la so see principal en Londres<\/strong> y arrexunta a m\u00e1s de 44 estaos miembros. El so llabor #empobinar a la investigaci\u00f3n cient\u00edfica y t\u00e9cnica en materia de sal\u00fa ambiental.<\/p>\n<p style=\"text-align: center\">\n<!-- iframe plugin v.6.0 wordpress.org\/plugins\/iframe\/ -->\n<iframe loading=\"lazy\" width=\"681\" height=\"383\" src=\"https:\/\/www.youtube.com\/embed\/u7vMPia-d5Y\" title=\"Salud Ambiental\" frameborder=\"0\" allow=\"accelerometer; autoplay; clipboard-write; encrypted-media; gyroscope; picture-in-picture; web-share\" referrerpolicy=\"strict-origin-when-cross-origin\" 0=\"allowfullscreen\" 1=\"\/iframe\" scrolling=\"yes\" class=\"iframe-class\"><\/iframe>\n<\/p>\n<p><strong>\u00bfEn qu\u00e9 consiste la sal\u00fa ambiental?<\/strong><\/p>\n<p>D&#8217;alcuerdu a la Organizaci\u00f3n Mundial de la Sal\u00fa (OMS), la sal\u00fa ambiental <strong>ye aquella disciplina que s&#8217;encarga d&#8217;estudiar, prevenir y controlar factores ambientales y de la redolada que puedan influyir nos seres vivos.<\/strong><\/p>\n<p>Fai fincapi\u00e9 na prevenci\u00f3n y control d&#8217;aquellos factores presentes nel mediu ambiente que puedan afectar la sal\u00fa humana de xeneraciones actuales y futures.<\/p>\n<p><em><span style=\"color: #008080\">Dalgunos d&#8217;estos factores ambientales qu&#8217;inciden na sal\u00fa p\u00fablica son los siguientes:<\/span><\/em><\/p>\n<ul>\n<li><em><span style=\"color: #008080\">Radiaciones electrom\u00e1gn\u00e9ticas non ionizantes: alteraciones f\u00edsiques y patol\u00f3xiques.<\/span><\/em><\/li>\n<li><em><span style=\"color: #008080\">Contaminaci\u00f3n s\u00f3nica: problemes auditivos.<\/span><\/em><\/li>\n<li><em><span style=\"color: #008080\">Cambeos meteorol\u00f3xicos o estacionales: alerxes, catarros respirarorios, reumatismos, anxina de pechu.<\/span><\/em><\/li>\n<li><em><span style=\"color: #008080\">Cambeos de mugor: deshidrataci\u00f3n, mancadures cutanees.<\/span><\/em><\/li>\n<li><em><span style=\"color: #008080\">Material particulau: silicosis pulmonar, enfisema pulmonar.<\/span><\/em><\/li>\n<li><em><span style=\"color: #008080\">Esposici\u00f3n a radiaciones ultravioleta: da\u00f1os oculares.<\/span><\/em><\/li>\n<li><em><span style=\"color: #008080\">Virus, bacteries y otros microorganismos: enfermedaes infectocontagiosas.<\/span><\/em><\/li>\n<\/ul>\n<p>Per otra parte, la sal\u00fa ambiental ye considerada una pol\u00edtica p\u00fablica esencial, empobinada a prevenir y menguar l&#8217;apaici\u00f3n d&#8217;aquelles enfermedaes que son xeneraes por condiciones ambientales desaparentes.<\/p>\n<p>En tal sent\u00edu, promueve la protecci\u00f3n de la sal\u00fa y prevenci\u00f3n d&#8217;enfermedaes pa la meyora de la calid\u00e1 de vida de les persones.<\/p>\n<p>&nbsp;<\/p>\n","protected":false},"excerpt":{"rendered":"<p>D\u00eda de&#8230; \/\u00a0#D\u00edaMundialdelaSaludAmbiental #WorldEnvironmentalHealthDay \u00b7#SaludAmbiental Ye una efem\u00e9ride de vital importancia empobinada a garantizar la sostenibilid\u00e1 de los ecosistemes, en pro de la sal\u00fa de les xeneraciones actuales y futures. Pretende concenciase a la poblaci\u00f3n mundial sobro la importancia de curiar el nuesu planeta, los sos recursos naturales y les especies qu&#8217;habiten n\u00e9l.<\/p>\n","protected":false},"author":117,"featured_media":0,"comment_status":"closed","ping_status":"open","sticky":false,"template":"","format":"standard","meta":{"footnotes":""},"categories":[6,48],"tags":[],"class_list":["post-58717","post","type-post","status-publish","format-standard","hentry","category-dia-de","category-salu"],"_links":{"self":[{"href":"https:\/\/edublog.educastur.es\/ixuxu\/wp-json\/wp\/v2\/posts\/58717","targetHints":{"allow":["GET"]}}],"collection":[{"href":"https:\/\/edublog.educastur.es\/ixuxu\/wp-json\/wp\/v2\/posts"}],"about":[{"href":"https:\/\/edublog.educastur.es\/ixuxu\/wp-json\/wp\/v2\/types\/post"}],"author":[{"embeddable":true,"href":"https:\/\/edublog.educastur.es\/ixuxu\/wp-json\/wp\/v2\/users\/117"}],"replies":[{"embeddable":true,"href":"https:\/\/edublog.educastur.es\/ixuxu\/wp-json\/wp\/v2\/comments?post=58717"}],"version-history":[{"count":4,"href":"https:\/\/edublog.educastur.es\/ixuxu\/wp-json\/wp\/v2\/posts\/58717\/revisions"}],"predecessor-version":[{"id":58721,"href":"https:\/\/edublog.educastur.es\/ixuxu\/wp-json\/wp\/v2\/posts\/58717\/revisions\/58721"}],"wp:attachment":[{"href":"https:\/\/edublog.educastur.es\/ixuxu\/wp-json\/wp\/v2\/media?parent=58717"}],"wp:term":[{"taxonomy":"category","embeddable":true,"href":"https:\/\/edublog.educastur.es\/ixuxu\/wp-json\/wp\/v2\/categories?post=58717"},{"taxonomy":"post_tag","embeddable":true,"href":"https:\/\/edublog.educastur.es\/ixuxu\/wp-json\/wp\/v2\/tags?post=58717"}],"curies":[{"name":"wp","href":"https:\/\/api.w.org\/{rel}","templated":true}]}}