{"id":58753,"date":"2025-09-28T18:21:30","date_gmt":"2025-09-28T16:21:30","guid":{"rendered":"https:\/\/edublog.educastur.es\/ixuxu\/?p=58753"},"modified":"2025-09-28T18:23:19","modified_gmt":"2025-09-28T16:23:19","slug":"58753","status":"publish","type":"post","link":"https:\/\/edublog.educastur.es\/ixuxu\/2025\/09\/58753\/","title":{"rendered":"APIAST, l&#8217;Asociaci\u00f3n de Profesionales de la Ilustraci\u00f3n d&#8217;Asturies, cumple un a\u00f1u"},"content":{"rendered":"<p style=\"text-align: center\"><span class=\"x193iq5w xeuugli x13faqbe x1vvkbs xt0psk2 x1i0vuye xvs91rp xo1l8bm x5n08af x10wh9bi xpm28yp x8viiok x1o7cslx x126k92a\"><span class=\"html-span xexx8yu x4uap5 x18d9i69 xkhd6sd x1hl2dhg x16tdsg8 x1vvkbs x3nfvp2 x1j61x8r x1fcty0u xdj266r xat24cr xgzva0m xhhsvwb xxymvpz xlup9mm x1kky2od\">\n<!-- iframe plugin v.6.0 wordpress.org\/plugins\/iframe\/ -->\n<iframe loading=\"lazy\" src=\"https:\/\/www.instagram.com\/reel\/DPJsO87CMXy\/embed\" width=\"500\" height=\"645\" 0=\"\/iframe\" scrolling=\"yes\" class=\"iframe-class\" frameborder=\"0\"><\/iframe>\n<\/span><\/span><\/p>\n<div class=\"xyinxu5 xv54qhq x1g2khh7 xf7dkkf\">\n<div class=\"x6s0dn4 x78zum5 x1q0g3np x1nhvcw1 xh8yej3\">\n<div class=\"html-div xdj266r x14z9mp xat24cr x1lziwak xexx8yu xyri2b x18d9i69 x1c1uobl x9f619 xjbqb8w x78zum5 x15mokao x1ga7v0g x16uus16 xbiv7yw x1uhb9sk x1plvlek xryxfnj x1iyjqo2 x2lwn1j xeuugli x1q0g3np xqjyukv x6s0dn4 x1oa3qoh x1nhvcw1\">\n<div class=\"html-div xdj266r x14z9mp xat24cr x1lziwak xexx8yu xyri2b x18d9i69 x1c1uobl x9f619 x5lhr3w xjbqb8w x78zum5 x15mokao x1ga7v0g x16uus16 xbiv7yw x1n2onr6 x1plvlek xryxfnj x1c4vz4f x2lah0s xdt5ytf xqjyukv x1qjc9v5 x1oa3qoh xl56j7k\">\n<div class=\"html-div xdj266r x14z9mp xat24cr x1lziwak xexx8yu xyri2b x18d9i69 x1c1uobl x9f619 xjbqb8w x78zum5 x15mokao x1ga7v0g x16uus16 xbiv7yw x1uhb9sk x1plvlek xryxfnj x1c4vz4f x2lah0s x1q0g3np xqjyukv x6s0dn4 x1oa3qoh x1nhvcw1\">\n<div>\n<div class=\"html-div xdj266r x14z9mp xat24cr x1lziwak xexx8yu xyri2b x18d9i69 x1c1uobl x9f619 xjbqb8w x78zum5 x15mokao x1ga7v0g x16uus16 xbiv7yw x1uhb9sk x1plvlek xryxfnj x1c4vz4f x2lah0s x1q0g3np xqjyukv x6s0dn4 x1oa3qoh x1nhvcw1\"><\/div>\n<\/div>\n<\/div>\n<\/div>\n<\/div>\n<\/div>\n<\/div>\n<div class=\"x5yr21d xw2csxc x1odjw0f x1n2onr6\">\n<div class=\"x9f619 x78zum5 xdt5ytf x5yr21d xexx8yu xv54qhq x1l90r2v xf7dkkf x10l6tqk xh8yej3\">\n<div class=\"html-div xdj266r x14z9mp xat24cr x1lziwak xyri2b x1c1uobl x9f619 xjbqb8w x78zum5 x15mokao x1ga7v0g x16uus16 xbiv7yw xsag5q8 xz9dl7a x1uhb9sk x1plvlek xryxfnj x1c4vz4f x2lah0s x1q0g3np xqjyukv x1qjc9v5 x1oa3qoh x1nhvcw1\">\n<div class=\"html-div xdj266r x14z9mp xat24cr x1lziwak xexx8yu xyri2b x18d9i69 x1c1uobl x9f619 xjbqb8w x78zum5 x15mokao x1ga7v0g x16uus16 xbiv7yw x1uhb9sk x1plvlek xryxfnj x1iyjqo2 x2lwn1j xeuugli x1q0g3np xqjyukv x1qjc9v5 x1oa3qoh x1nhvcw1\">\n<div class=\"html-div xdj266r x14z9mp xat24cr x1lziwak xexx8yu xyri2b x18d9i69 x1c1uobl x9f619 xjbqb8w x78zum5 x15mokao x1ga7v0g x16uus16 xbiv7yw x1uhb9sk x1plvlek xryxfnj x1iyjqo2 x2lwn1j xeuugli xdt5ytf xqjyukv x1qjc9v5 x1oa3qoh x1nhvcw1\">\n<ul>\n<li><span class=\"x193iq5w xeuugli x13faqbe x1vvkbs xt0psk2 x1i0vuye xvs91rp xo1l8bm x5n08af x10wh9bi xpm28yp x8viiok x1o7cslx x126k92a\"><span class=\"x193iq5w xeuugli x13faqbe x1vvkbs xt0psk2 x1i0vuye xvs91rp xo1l8bm x5n08af x10wh9bi xpm28yp x8viiok x1o7cslx x126k92a\"><a href=\"https:\/\/www.apiast.com\"><strong>Web<\/strong><\/a>\/<a href=\"https:\/\/www.facebook.com\/apiast.ilustracion\"> Facebook<\/a> \/ <a href=\"https:\/\/www.youtube.com\/channel\/UCMI2IMjmFpbzklOZDok5Byg\">Youtube<\/a> \/ <a class=\"x1i10hfl xjbqb8w x1ejq31n x18oe1m7 x1sy0etr xstzfhl x972fbf x10w94by x1qhh985 x14e42zd x9f619 x1ypdohk xt0psk2 x3ct3a4 xdj266r x14z9mp xat24cr x1lziwak xexx8yu xyri2b x18d9i69 x1c1uobl x16tdsg8 x1hl2dhg xggy1nq x1a2a7pz notranslate _a6hd\" role=\"link\" href=\"https:\/\/www.instagram.com\/apiast.ilustracion\/\">@apiast.ilustracion<\/a><\/span><\/span><\/li>\n<\/ul>\n<p><em>Esti mes de setiembre cumple un a\u00f1u <span style=\"color: #008080\"><strong>A<\/strong><strong>PIAST, l&#8217;asociaci\u00f3n de profesionales de la ilustraci\u00f3n d&#8217;Asturies <\/strong><\/span>y tengo l&#8217;enorme honor de ser parte d&#8217;esti xar\u00e9u. Nun a\u00f1u en funcionamientu di\u00f3 tiempu a esponer nel Mus\u00e9u Barjola, la Factor\u00eda Cultural, La escuela d&#8217;Arte d&#8217;Uvi\u00e9u, a dar talleres informativos, charres y meses redondes, entrar a formar parte de FADIP y a semar el xerme de lo que ta por venir nel 2026. <\/em><em>Tengo unos compa\u00f1eros de viaxe que son inspiraci\u00f3n pura y una directiva que nun nos merecemos de la cantid\u00e1 de tiempu que lu echen a esti proyectu tan guapu. <\/em><em>Y\u00e1 que sigamos de la mano munchos a\u00f1os.<\/em><\/p>\n<p><!--more--><\/p>\n<p style=\"text-align: center\"><a href=\"https:\/\/lh3.googleusercontent.com\/sitesv\/AICyYdYJQFR3N1JiJa5UfaQGH9orVJluwkU8wja8IuIjycAQUuM6U6SLl4UOp_PbwzdlvCEiZgQ5M6dM_RZGC9MQQ3EJmt75Xz0T4ZzXorqr-CyKsWtFa-lNQpx51lMQmghayQUOBD-AD9J448ABXUYRz7LGAfuyJenkdl2Zb-gT2MQFQdzPb_5NU9_EFaABVEyAFp9EbFl4t8sYWxrQ_pZqtHfaGsxtiQVGo0pH=w1280\"><img loading=\"lazy\" decoding=\"async\" class=\"aligncenter \" src=\"https:\/\/lh3.googleusercontent.com\/sitesv\/AICyYdYJQFR3N1JiJa5UfaQGH9orVJluwkU8wja8IuIjycAQUuM6U6SLl4UOp_PbwzdlvCEiZgQ5M6dM_RZGC9MQQ3EJmt75Xz0T4ZzXorqr-CyKsWtFa-lNQpx51lMQmghayQUOBD-AD9J448ABXUYRz7LGAfuyJenkdl2Zb-gT2MQFQdzPb_5NU9_EFaABVEyAFp9EbFl4t8sYWxrQ_pZqtHfaGsxtiQVGo0pH=w1280\" width=\"449\" height=\"187\" \/><\/a><\/p>\n<blockquote>\n<p class=\"zfr3Q CDt4Ke \" dir=\"ltr\"><span style=\"color: #008080\"><strong><span class=\"C9DxTc \">\u00a8Una imaxe val m\u00e1s que mil pallabres\u00a8 <\/span><\/strong><span class=\"C9DxTc \">La ilustraci\u00f3n ye una disciplina art\u00edstica por sigo mesma que consiste na representaci\u00f3n gr\u00e1fica d&#8217;un mensaxe, seya escritu o metaf\u00f3ricu.\u00a0 <\/span><span class=\"C9DxTc \">La so funci\u00f3n ye la de xenerar creaciones visuales para comunicar, espresar, interpretar o complementar un testu, conceutu o procesu.<\/span><\/span><\/p>\n<\/blockquote>\n<p dir=\"ltr\">\n<\/div>\n<p class=\"zfr3Q CDt4Ke \" dir=\"ltr\"><span class=\"C9DxTc \">L&#8217;Asociaci\u00f3n de Profesionales de la Ilustraci\u00f3n d&#8217;Asturies (APIAST) ye una asociaci\u00f3n ensin \u00e1nimu d&#8217;arriquecimientu qu\u2019empecipia la so activid\u00e1 en 2024 col env\u00eds de defender los intereses de la profesi\u00f3n a comu\u00f1a y que funciona col trabayu voluntariu de les persones socies, pola defensa, la visibilizaci\u00f3n y la dignificaci\u00f3n del seutor.\u00a0<\/span><\/p>\n<p class=\"zfr3Q CDt4Ke \" dir=\"ltr\"><span class=\"C9DxTc \">APIAST axunta a ilustradores de toa Asturies y<strong> ta formada por<\/strong> profesionales de la ilustraci\u00f3n n&#8217;activu, en situaci\u00f3n d&#8217;inactivid\u00e1, en procesu de formaci\u00f3n y tami\u00e9n por persones que d\u2019otramiente sienten inter\u00e9s por esta disciplina art\u00edstica.\u00a0<\/span><\/p>\n<p class=\"zfr3Q CDt4Ke \" dir=\"ltr\"><span class=\"C9DxTc \"><strong>El primer llunes de cada mes<\/strong> aconceyamos online nuna xunta ordinaria, na que nos ponemos al d\u00eda del rumbu de l&#8217;asociaci\u00f3n, ufiertamos idees nueves y dise\u00f1amos les mec\u00e1niques de trabayu de los nuestros proyeutos vixentes.<\/span><\/p>\n<p class=\"zfr3Q CDt4Ke \" dir=\"ltr\"><span class=\"C9DxTc \"><strong>Nun somos una axencia d&#8217;ilustraci\u00f3n<\/strong>; nunca nun vamos facer procesos de seleici\u00f3n pa terceros. Sicas\u00ed, tenemos\u00a0 un direutoriu de persones socies pa que dende les almininistraciones, entidaes o particulares puedan ponese en contautu direutu con elles.<\/span><\/p>\n<p class=\"zfr3Q CDt4Ke \" dir=\"ltr\"><span class=\"C9DxTc \">Les propuestes de trabayu y collaboraci\u00f3n que pudieren llegar direutamente a l&#8217;asociaci\u00f3n van comunicase a toles persones socies al travies de la canal\u00a0 ordinaria pa fomentar la participaci\u00f3n y la iguald\u00e1 d&#8217;oportunidaes ente asociaes.<\/span><\/p>\n<p dir=\"ltr\" style=\"text-align: center\"><a href=\"https:\/\/yt3.googleusercontent.com\/BV-uCdUMBkSilw0PNH0un4yEHTtGb6iAUavwPp_T3FvZZLBc0n_LPLGjQGUcnBAUPyhss_hYwQ=w1707-fcrop64=1,00005a57ffffa5a8-k-c0xffffffff-no-nd-rj\"><img loading=\"lazy\" decoding=\"async\" class=\"aligncenter size-large\" src=\"https:\/\/yt3.googleusercontent.com\/BV-uCdUMBkSilw0PNH0un4yEHTtGb6iAUavwPp_T3FvZZLBc0n_LPLGjQGUcnBAUPyhss_hYwQ=w1707-fcrop64=1,00005a57ffffa5a8-k-c0xffffffff-no-nd-rj\" width=\"1707\" height=\"282\" \/><\/a><\/p>\n<p dir=\"ltr\"><strong>Oxetivos: Los fines de l&#8217;Asociaci\u00f3n son<\/strong>, con calter xen\u00e9ricu, la coordinaci\u00f3n, representaci\u00f3n, xesti\u00f3n, fomentu y defensa de los intereses xeneral y com\u00fan de les sos persones socies, y en particular:<\/p>\n<section id=\"h.3b67bf910168be43_38\" class=\"yaqOZd\">\n<div class=\"mYVXT\">\n<div class=\"LS81yb VICjCf j5pSsc db35Fc\">\n<div class=\"hJDwNd-AhqUyc-uQSCkd Ft7HRd-AhqUyc-uQSCkd purZT-AhqUyc-II5mzb ZcASvf-AhqUyc-II5mzb pSzOP-AhqUyc-qWD73c Ktthjf-AhqUyc-qWD73c JNdkSc SQVYQc yYI8W HQwdzb\">\n<div class=\"JNdkSc-SmKAyb LkDMRd\">\n<div class=\"\">\n<div class=\"oKdM2c ZZyype\">\n<div id=\"h.3b67bf910168be43_46\" class=\"hJDwNd-AhqUyc-uQSCkd Ft7HRd-AhqUyc-uQSCkd jXK9ad D2fZ2 zu5uec\">\n<div class=\"jXK9ad-SmKAyb\">\n<div class=\"tyJCtd mGzaTb Depvyb baZpAe\">\n<ul class=\"n8H08c UVNKR \">\n<li class=\"zfr3Q TYR86d eD0Rn \" dir=\"ltr\">\n<p class=\"zfr3Q CDt4Ke \" dir=\"ltr\" role=\"presentation\"><span class=\"C9DxTc \">Promover, esparder y dinamizar l&#8217;activid\u00e1 profesional de los sos asociaos y asociaes con especial procuru na ilustraci\u00f3n fecha na nuestra Comunid\u00e1 Aut\u00f3noma.<\/span><\/p>\n<\/li>\n<li class=\"zfr3Q TYR86d eD0Rn \" dir=\"ltr\">\n<p class=\"zfr3Q CDt4Ke \" dir=\"ltr\" role=\"presentation\"><span class=\"C9DxTc \">Potenciar la presencia creativa asturiana, nel \u00e1mbitu de la ilustraci\u00f3n, nel panorama nacional y internacional.<\/span><\/p>\n<\/li>\n<li class=\"zfr3Q TYR86d eD0Rn \" dir=\"ltr\">\n<p class=\"zfr3Q CDt4Ke \" dir=\"ltr\" role=\"presentation\"><span class=\"C9DxTc \">Adicar y analizar el mundu de la ilustraci\u00f3n asturiana como pres\u00e9u pa la meyora de la calid\u00e1 de la representaci\u00f3n asturiana nel mundu de la ilustraci\u00f3n.<\/span><\/p>\n<\/li>\n<li class=\"zfr3Q TYR86d eD0Rn \" dir=\"ltr\">\n<p class=\"zfr3Q CDt4Ke \" dir=\"ltr\" role=\"presentation\"><span class=\"C9DxTc \">\u00a0Investigar, recuperar, afitar y dar a conocer el patrimoniu hist\u00f3ricu de la ilustraci\u00f3n asturiana.<\/span><\/p>\n<\/li>\n<li class=\"zfr3Q TYR86d eD0Rn \" dir=\"ltr\">\n<p class=\"zfr3Q CDt4Ke \" dir=\"ltr\" role=\"presentation\"><span class=\"C9DxTc \">Investigar, esperimentar y desenvolver la ilustraci\u00f3n tanto al travi\u00e9s de les nueves teunolox\u00edes como de los sistemes tradicionales.<\/span><\/p>\n<\/li>\n<li class=\"zfr3Q TYR86d eD0Rn \" dir=\"ltr\">\n<p class=\"zfr3Q CDt4Ke \" dir=\"ltr\" role=\"presentation\"><span class=\"C9DxTc \">Defender, fomentar y afalar les llibertaes p\u00fabliques y los derechos humanos al travi\u00e9s del arte en xeneral.<\/span><\/p>\n<\/li>\n<li class=\"zfr3Q TYR86d eD0Rn \" dir=\"ltr\">\n<p class=\"zfr3Q CDt4Ke \" dir=\"ltr\" role=\"presentation\"><span class=\"C9DxTc \">\u00a0Sirvir d&#8217;elementu catalizador ente les diverses especialidaes que constituyen l&#8217;oficiu.<\/span><\/p>\n<\/li>\n<li class=\"zfr3Q TYR86d eD0Rn \" dir=\"ltr\">\n<p class=\"zfr3Q CDt4Ke \" dir=\"ltr\" role=\"presentation\"><span class=\"C9DxTc \">Fomentar la formaci\u00f3n continua de los y les ilustradores.<\/span><\/p>\n<\/li>\n<li class=\"zfr3Q TYR86d eD0Rn \" dir=\"ltr\">\n<p class=\"zfr3Q CDt4Ke \" dir=\"ltr\" role=\"presentation\"><span class=\"C9DxTc \">Entamar y crear servicios comunes de naturaleza asistencial, y tami\u00e9n informativos en beneficiu de les sos persones socies.<\/span><\/p>\n<\/li>\n<li class=\"zfr3Q TYR86d eD0Rn \" dir=\"ltr\">\n<p class=\"zfr3Q CDt4Ke \" dir=\"ltr\" role=\"presentation\"><span class=\"C9DxTc \">Entamar y asistir a Congresos y Esposiciones rexonales, nacionales y internacionales y a toles actividaes que seyan d&#8217;inter\u00e9s espec\u00edficu pa esta Asociaci\u00f3n.<\/span><\/p>\n<\/li>\n<li class=\"zfr3Q TYR86d eD0Rn \" dir=\"ltr\">\n<p class=\"zfr3Q CDt4Ke \" dir=\"ltr\" role=\"presentation\"><span class=\"C9DxTc \">La supresi\u00f3n, por tolos medios llegales al algame, de les pr\u00e1utiques del intrusismu profesional en cualesquier de les sos formes.<\/span><\/p>\n<\/li>\n<li class=\"zfr3Q TYR86d eD0Rn \" dir=\"ltr\">\n<p class=\"zfr3Q CDt4Ke \" dir=\"ltr\" role=\"presentation\"><span class=\"C9DxTc \">Mirar pol prestixu profesional, la non competencia ill\u00edcita y deslleal.<\/span><\/p>\n<\/li>\n<li class=\"zfr3Q TYR86d eD0Rn \" dir=\"ltr\">\n<p class=\"zfr3Q CDt4Ke \" dir=\"ltr\" role=\"presentation\"><span class=\"C9DxTc \">Averar a la socied\u00e1 l&#8217;oficiu de la ilustraci\u00f3n cola realizaci\u00f3n d&#8217;actividaes.<\/span><\/p>\n<\/li>\n<li class=\"zfr3Q TYR86d eD0Rn \" dir=\"ltr\">\n<p class=\"zfr3Q CDt4Ke \" dir=\"ltr\" role=\"presentation\"><span class=\"C9DxTc \">Desenvolver y fomentar aiciones de collaboraci\u00f3n col mundu empresarial cola organizaci\u00f3n de cursos, charres, seminarios, llabores d&#8217;asesoramientu y consultor\u00eda a empreses, comercios y profesionales.<\/span><\/p>\n<\/li>\n<li class=\"zfr3Q TYR86d eD0Rn \" dir=\"ltr\">\n<p class=\"zfr3Q CDt4Ke \" dir=\"ltr\" role=\"presentation\"><span class=\"C9DxTc \">Collaborar con Instituciones de calter cultural y social.<\/span><\/p>\n<\/li>\n<li class=\"zfr3Q TYR86d eD0Rn \" dir=\"ltr\">\n<p class=\"zfr3Q CDt4Ke \" dir=\"ltr\" role=\"presentation\"><span class=\"C9DxTc \">Dar a conocer la escena creativa de la ilustraci\u00f3n d\u2019angua\u00f1o de la nuestra redolada y recuperar trabayos y profesionales del pas\u00e1u, visibilizando la historia de la ilustraci\u00f3n asturiana.<\/span><\/p>\n<\/li>\n<li class=\"zfr3Q TYR86d eD0Rn \" dir=\"ltr\">\n<p class=\"zfr3Q CDt4Ke \" dir=\"ltr\" role=\"presentation\"><span class=\"C9DxTc \">Esparder la importancia de la ilustraci\u00f3n y el dibuxu pa comunicar conceutos, contar histories o aplicar y desarrollar distintos productos.<\/span><\/p>\n<\/li>\n<li class=\"zfr3Q TYR86d eD0Rn \" dir=\"ltr\">\n<p class=\"zfr3Q CDt4Ke \" dir=\"ltr\" role=\"presentation\"><span class=\"C9DxTc \">Amosar el trabayu d&#8217;artistes tanto noveles como consagraos, y sobremanera locales, y tami\u00e9n averar a la ciudadan\u00eda al travi\u00e9s de distintos soportes y formatos les t\u00e9uniques del dibuxu, la ilustraci\u00f3n y les artes pl\u00e1stiques en xeneral.<\/span><\/p>\n<\/li>\n<\/ul>\n<\/div>\n<\/div>\n<\/div>\n<\/div>\n<div class=\"oKdM2c ZZyype\">\n<div id=\"h.70608f84e94b14d8_315\" class=\"hJDwNd-AhqUyc-uQSCkd Ft7HRd-AhqUyc-uQSCkd jXK9ad D2fZ2 zu5uec wHaque g5GTcb\">\n<div class=\"jXK9ad-SmKAyb\">\n<div class=\"tyJCtd N0neUc baZpAe\">\n<div class=\"F9naGf\">\n<div class=\"U26fgb L7IXhc htnAL INsAgc xkUom M9Bg4d\" role=\"presentation\" aria-label=\"NUESTROS ESTATUTOS\" data-tooltip=\"NUESTROS ESTATUTOS\" data-tooltip-vertical-offset=\"-12\" data-tooltip-horizontal-offset=\"0\">\n<div class=\"NsaAfc\">\n<p>&nbsp;<\/p>\n<p>&nbsp;<\/p>\n<\/div>\n<div class=\"wvnY3c\"><\/div>\n<\/div>\n<\/div>\n<\/div>\n<\/div>\n<\/div>\n<\/div>\n<\/div>\n<\/div>\n<\/div>\n<\/div>\n<\/div>\n<\/section>\n<section id=\"h.3dce9dde85072b51_6\" class=\"yaqOZd WxWicb\">\n<div class=\"IFuOkc\"><\/div>\n<div class=\"mYVXT\">\n<div class=\"LS81yb VICjCf j5pSsc db35Fc\">\n<div class=\"hJDwNd-AhqUyc-uQSCkd Ft7HRd-AhqUyc-uQSCkd purZT-AhqUyc-II5mzb ZcASvf-AhqUyc-II5mzb pSzOP-AhqUyc-qWD73c Ktthjf-AhqUyc-qWD73c JNdkSc SQVYQc\">\n<div class=\"JNdkSc-SmKAyb LkDMRd\">\n<div class=\"\">\n<div class=\"oKdM2c ZZyype Kzv0Me\">\n<div id=\"h.3dce9dde85072b51_9\" class=\"hJDwNd-AhqUyc-uQSCkd Ft7HRd-AhqUyc-uQSCkd jXK9ad D2fZ2 zu5uec OjCsFc dmUFtb wHaque g5GTcb\">\n<div class=\"jXK9ad-SmKAyb\">\n<div class=\"tyJCtd baZpAe\">\n<div class=\"iwQgFb\" role=\"presentation\"><\/div>\n<\/div>\n<\/div>\n<\/div>\n<\/div>\n<\/div>\n<\/div>\n<\/div>\n<\/div>\n<\/div>\n<\/section>\n<section id=\"h.70608f84e94b14d8_393\" class=\"yaqOZd\">\n<div class=\"IFuOkc\"><\/div>\n<div class=\"mYVXT\">\n<div class=\"LS81yb VICjCf j5pSsc db35Fc\">\n<div class=\"hJDwNd-AhqUyc-R6PoUb Ft7HRd-AhqUyc-R6PoUb JNdkSc SQVYQc L6cTce-purZT L6cTce-pSzOP\">\n<div class=\"JNdkSc-SmKAyb LkDMRd\">\n<div class=\"\"><\/div>\n<\/div>\n<\/div>\n<div class=\"hJDwNd-AhqUyc-EehZO Ft7HRd-AhqUyc-EehZO purZT-AhqUyc-II5mzb ZcASvf-AhqUyc-II5mzb pSzOP-AhqUyc-qWD73c Ktthjf-AhqUyc-qWD73c JNdkSc SQVYQc\">\n<div class=\"JNdkSc-SmKAyb LkDMRd\">\n<div class=\"\">\n<div class=\"oKdM2c ZZyype Kzv0Me\">\n<div id=\"h.7ee32e1df38b500c_36\" class=\"hJDwNd-AhqUyc-EehZO Ft7HRd-AhqUyc-EehZO jXK9ad D2fZ2 zu5uec OjCsFc dmUFtb wHaque g5GTcb\">\n<div class=\"jXK9ad-SmKAyb\">\n<div class=\"tyJCtd mGzaTb Depvyb baZpAe\">\n<div id=\"h.1js6qufcdbne\" class=\"CobnVe yMxPgf aP9Z7e\"><\/div>\n<div class=\"CjVfdc\">\n<div class=\"PPhIP rviiZ\">\n<div class=\"U26fgb mUbCce fKz7Od LRAOtb Znu9nd M9Bg4d\" role=\"presentation\" aria-describedby=\"h.1js6qufcdbne_l\" aria-label=\"Copiar el v\u00ednculo del encabezado\" data-tooltip=\"Copiar el v\u00ednculo del encabezado\" aria-hidden=\"true\" data-tooltip-position=\"top\" data-tooltip-vertical-offset=\"12\" data-tooltip-horizontal-offset=\"0\">\n<div class=\"VTBa7b MbhUzd\"><\/div>\n<\/div>\n<\/div>\n<p><span class=\"puwcIf C9DxTc \">Junta direct<br \/>\n<\/span><\/p>\n<\/div>\n<\/div>\n<\/div>\n<\/div>\n<\/div>\n<\/div>\n<\/div>\n<\/div>\n<\/div>\n<\/div>\n<\/section>\n<\/div>\n<\/div>\n<\/div>\n<\/div>\n<p>&nbsp;<\/p>\n","protected":false},"excerpt":{"rendered":"<p>Web\/ Facebook \/ Youtube \/ @apiast.ilustracion Esti mes de setiembre cumple un a\u00f1u APIAST, l&#8217;asociaci\u00f3n de profesionales de la ilustraci\u00f3n d&#8217;Asturies y tengo l&#8217;enorme honor de ser parte d&#8217;esti xar\u00e9u. Nun a\u00f1u en funcionamientu di\u00f3 tiempu a esponer nel Mus\u00e9u Barjola, la Factor\u00eda Cultural, La escuela d&#8217;Arte d&#8217;Uvi\u00e9u, a dar talleres informativos, charres y meses [&hellip;]<\/p>\n","protected":false},"author":117,"featured_media":0,"comment_status":"closed","ping_status":"open","sticky":false,"template":"","format":"standard","meta":{"footnotes":""},"categories":[107,53,318],"tags":[],"class_list":["post-58753","post","type-post","status-publish","format-standard","hentry","category-aniversariu","category-asociaciones","category-disenu"],"_links":{"self":[{"href":"https:\/\/edublog.educastur.es\/ixuxu\/wp-json\/wp\/v2\/posts\/58753","targetHints":{"allow":["GET"]}}],"collection":[{"href":"https:\/\/edublog.educastur.es\/ixuxu\/wp-json\/wp\/v2\/posts"}],"about":[{"href":"https:\/\/edublog.educastur.es\/ixuxu\/wp-json\/wp\/v2\/types\/post"}],"author":[{"embeddable":true,"href":"https:\/\/edublog.educastur.es\/ixuxu\/wp-json\/wp\/v2\/users\/117"}],"replies":[{"embeddable":true,"href":"https:\/\/edublog.educastur.es\/ixuxu\/wp-json\/wp\/v2\/comments?post=58753"}],"version-history":[{"count":3,"href":"https:\/\/edublog.educastur.es\/ixuxu\/wp-json\/wp\/v2\/posts\/58753\/revisions"}],"predecessor-version":[{"id":58756,"href":"https:\/\/edublog.educastur.es\/ixuxu\/wp-json\/wp\/v2\/posts\/58753\/revisions\/58756"}],"wp:attachment":[{"href":"https:\/\/edublog.educastur.es\/ixuxu\/wp-json\/wp\/v2\/media?parent=58753"}],"wp:term":[{"taxonomy":"category","embeddable":true,"href":"https:\/\/edublog.educastur.es\/ixuxu\/wp-json\/wp\/v2\/categories?post=58753"},{"taxonomy":"post_tag","embeddable":true,"href":"https:\/\/edublog.educastur.es\/ixuxu\/wp-json\/wp\/v2\/tags?post=58753"}],"curies":[{"name":"wp","href":"https:\/\/api.w.org\/{rel}","templated":true}]}}