{"id":58757,"date":"2025-09-28T18:00:53","date_gmt":"2025-09-28T16:00:53","guid":{"rendered":"https:\/\/edublog.educastur.es\/ixuxu\/?p=58757"},"modified":"2025-09-30T21:51:32","modified_gmt":"2025-09-30T19:51:32","slug":"selmana-europea-del-deporte-nuvieu","status":"publish","type":"post","link":"https:\/\/edublog.educastur.es\/ixuxu\/2025\/09\/selmana-europea-del-deporte-nuvieu\/","title":{"rendered":"Selmana Europea del Deporte, n&#8217;Uvi\u00e9u"},"content":{"rendered":"<div class=\"html-div xdj266r x14z9mp xat24cr x1lziwak xexx8yu x1a8lsjc xf7dkkf xv54qhq\">\n<div class=\"html-div xdj266r x14z9mp xat24cr x1lziwak xexx8yu xyri2b x18d9i69 x1c1uobl x1jx94hy x78zum5 x1q0g3np\">\n<div class=\"x78zum5 xdt5ytf xz62fqu x16ldp7u\">\n<div class=\"xu06os2 x1ok221b\">\n<div class=\"html-div xdj266r x14z9mp xat24cr x1lziwak xexx8yu xyri2b x18d9i69 x1c1uobl\" data-ad-rendering-role=\"profile_name\">\n<ul>\n<li class=\"html-h3 x14z9mp xat24cr x1lziwak xexx8yu xyri2b x18d9i69 x1c1uobl x1vvkbs x1heor9g x1qlqyl8 x1pd3egz x1a2a7pz x1gslohp x1yc453h\"><span class=\"x1lliihq x6ikm8r x10wlt62 x1n2onr6\"><span class=\"x193iq5w xeuugli x13faqbe x1vvkbs x1xmvt09 x1f6kntn xvq8zen xo1l8bm xi81zsa\"><b class=\"html-b xdj266r x14z9mp xat24cr x1lziwak xexx8yu xyri2b x18d9i69 x1c1uobl x1hl2dhg x16tdsg8 x1vvkbs x1s688f\"><span class=\"xt0psk2\"><span class=\"html-span xdj266r x14z9mp xat24cr x1lziwak xexx8yu xyri2b x18d9i69 x1c1uobl x1hl2dhg x16tdsg8 x1vvkbs\"><a class=\"x1i10hfl xjbqb8w x1ejq31n x18oe1m7 x1sy0etr xstzfhl x972fbf x10w94by x1qhh985 x14e42zd x9f619 x1ypdohk xt0psk2 x3ct3a4 xdj266r x14z9mp xat24cr x1lziwak xexx8yu xyri2b x18d9i69 x1c1uobl x16tdsg8 x1hl2dhg xggy1nq x1a2a7pz xkrqix3 x1sur9pj xzsf02u x1s688f\" role=\"link\" href=\"https:\/\/www.facebook.com\/www.oviedo.es?__cft__[0]=AZXch96mAAp2g4GJme5jhKYagvzagLWmzuxoi-0aHfmJg5CJwfgq9iJYpVKebpdHTl1Kb1XcZRkTlqIE9zygwFErO8VIfuCvB7j30nj0osSwE2qdD2aYRcalvZACs1ID614FFzfFCgSPNd7XN7GeH-N1f5YZ53UiOsBF75EYwRSLLbMqLHx6C12Cv84fH9pU7tw2g7iA5Ukvi1neWUnvzK2T&amp;__tn__=-]C%2CP-y-R\">Ayuntamiento d&#8217;Uvi\u00e9u<\/a><\/span><\/span><\/b><\/span><\/span><span style=\"font-size: 16px\">\/ <\/span><b class=\"html-b xdj266r x14z9mp xat24cr x1lziwak xexx8yu xyri2b x18d9i69 x1c1uobl x1hl2dhg x16tdsg8 x1vvkbs x1s688f\" style=\"font-size: 16px\"><span class=\"html-span xdj266r x14z9mp xat24cr x1lziwak xexx8yu xyri2b x18d9i69 x1c1uobl x1hl2dhg x16tdsg8 x1vvkbs\"><a class=\"x1i10hfl xjbqb8w x1ejq31n x18oe1m7 x1sy0etr xstzfhl x972fbf x10w94by x1qhh985 x14e42zd x9f619 x1ypdohk xt0psk2 x3ct3a4 xdj266r x14z9mp xat24cr x1lziwak xexx8yu xyri2b x18d9i69 x1c1uobl x16tdsg8 x1hl2dhg xggy1nq x1a2a7pz xkrqix3 x1sur9pj xzsf02u x1s688f\" role=\"link\" href=\"https:\/\/www.facebook.com\/media\/set\/?vanity=www.oviedo.es&amp;set=a.1213715247459963&amp;__cft__[0]=AZXch96mAAp2g4GJme5jhKYagvzagLWmzuxoi-0aHfmJg5CJwfgq9iJYpVKebpdHTl1Kb1XcZRkTlqIE9zygwFErO8VIfuCvB7j30nj0osSwE2qdD2aYRcalvZACs1ID614FFzfFCgSPNd7XN7GeH-N1f5YZ53UiOsBF75EYwRSLLbMqLHx6C12Cv84fH9pU7tw2g7iA5Ukvi1neWUnvzK2T&amp;__tn__=-UC%2CP-y-R\">Semana Europea del Deporte 2025<\/a><\/span><\/b><\/li>\n<\/ul>\n<\/div>\n<\/div>\n<\/div>\n<\/div>\n<\/div>\n<div class=\"html-div xdj266r x14z9mp xat24cr x1lziwak xexx8yu xyri2b x18d9i69 x1c1uobl\" dir=\"auto\">\n<div class=\"html-div xdj266r x14z9mp xat24cr x1lziwak xexx8yu xyri2b x18d9i69 x1c1uobl\" dir=\"auto\">\n<div class=\"html-div xdj266r x14z9mp xat24cr x1lziwak xexx8yu xyri2b x18d9i69 x1c1uobl\" data-ad-rendering-role=\"story_message\">\n<div class=\"x1l90r2v x1iorvi4 x1g0dm76 xpdmqnj\" data-ad-comet-preview=\"message\" data-ad-preview=\"message\">\n<div class=\"x78zum5 xdt5ytf xz62fqu x16ldp7u\">\n<div class=\"xu06os2 x1ok221b\">\n<div class=\"html-div xdj266r x14z9mp xat24cr x1lziwak xexx8yu xyri2b x18d9i69 x1c1uobl\">\n<div class=\"x14z9mp xat24cr x1lziwak x1vvkbs xtlvy1s x126k92a\">\n<ul>\n<li dir=\"auto\"><span class=\"html-span xdj266r x14z9mp xat24cr x1lziwak xexx8yu xyri2b x18d9i69 x1c1uobl x1hl2dhg x16tdsg8 x1vvkbs\"><a class=\"x1i10hfl xjbqb8w x1ejq31n x18oe1m7 x1sy0etr xstzfhl x972fbf x10w94by x1qhh985 x14e42zd x9f619 x1ypdohk xt0psk2 x3ct3a4 xdj266r x14z9mp xat24cr x1lziwak xexx8yu xyri2b x18d9i69 x1c1uobl x16tdsg8 x1hl2dhg xggy1nq x1a2a7pz xkrqix3 x1sur9pj x1fey0fg x1s688f\" role=\"link\" href=\"https:\/\/www.facebook.com\/OviedoDeporte2026?__cft__[0]=AZXch96mAAp2g4GJme5jhKYagvzagLWmzuxoi-0aHfmJg5CJwfgq9iJYpVKebpdHTl1Kb1XcZRkTlqIE9zygwFErO8VIfuCvB7j30nj0osSwE2qdD2aYRcalvZACs1ID614FFzfFCgSPNd7XN7GeH-N1f5YZ53UiOsBF75EYwRSLLbMqLHx6C12Cv84fH9pU7tw2g7iA5Ukvi1neWUnvzK2T&amp;__tn__=-]K-y-R\"><span class=\"xt0psk2\"><span class=\"xjp7ctv\">Uvi\u00e9iu Ciud\u00e1 Europea del Deporte 2026<\/span><\/span><\/a><\/span>\/<span class=\"html-span xdj266r x14z9mp xat24cr x1lziwak xexx8yu xyri2b x18d9i69 x1c1uobl x1hl2dhg x16tdsg8 x1vvkbs\"><a class=\"x1i10hfl xjbqb8w x1ejq31n x18oe1m7 x1sy0etr xstzfhl x972fbf x10w94by x1qhh985 x14e42zd x9f619 x1ypdohk xt0psk2 x3ct3a4 xdj266r x14z9mp xat24cr x1lziwak xexx8yu xyri2b x18d9i69 x1c1uobl x16tdsg8 x1hl2dhg xggy1nq x1a2a7pz xkrqix3 x1sur9pj x1fey0fg x1s688f\" role=\"link\" href=\"https:\/\/www.facebook.com\/oviedodeporte?__cft__[0]=AZXch96mAAp2g4GJme5jhKYagvzagLWmzuxoi-0aHfmJg5CJwfgq9iJYpVKebpdHTl1Kb1XcZRkTlqIE9zygwFErO8VIfuCvB7j30nj0osSwE2qdD2aYRcalvZACs1ID614FFzfFCgSPNd7XN7GeH-N1f5YZ53UiOsBF75EYwRSLLbMqLHx6C12Cv84fH9pU7tw2g7iA5Ukvi1neWUnvzK2T&amp;__tn__=-]K-y-R\"><span class=\"xt0psk2\"><span class=\"xjp7ctv\">DeportesOviedo<\/span><\/span><\/a><\/span>\/<a href=\"https:\/\/www.lne.es\/fotos\/oviedo\/2025\/09\/28\/imagenes-encuentro-50-clubs-oviedo-122047342.html?utm_campaign=mrf-facebook-lneoviedo&amp;mrfcid=2025092868d3ec6ea80d6852fcab5f1e&amp;fbclid=IwY2xjawNIKoxleHRuA2FlbQIxMQABHtLEePMu-7UGRV-qVWjDR4QI92e0qUn7M5v8M04Y-4UhNFU9fqgrev4QoJbw_aem_ipqZccn0p-I38s94BXNRfg#foto=1\"><span style=\"color: #800000\"><strong> semeyes LNE<\/strong><\/span><\/a><\/li>\n<\/ul>\n<\/div>\n<div dir=\"auto\">3.000 persones participen g\u00fcei nos actos centrales de la<span style=\"color: #008080\"><strong> Selmana Europea del Deporte. <\/strong><span style=\"color: #000000\">Ayeri, nel Palaciu de los Deportes d&#8217;Uvi\u00e9u, vivi\u00f3se una de les xornaes m\u00e1s interesantes de la temporada.<\/span><\/span><\/div>\n<\/div>\n<div dir=\"auto\" style=\"text-align: center\">\n<!-- iframe plugin v.6.0 wordpress.org\/plugins\/iframe\/ -->\n<iframe loading=\"lazy\" src=\"https:\/\/www.facebook.com\/plugins\/video.php?height=314&#038;href=https%3A%2F%2Fwww.facebook.com%2Fwww.oviedo.es%2Fvideos%2F774758615370350%2F&#038;show_text=false&#038;width=560&#038;t=0\" width=\"560\" height=\"314\" style=\"border:none;overflow:hidden\" scrolling=\"no\" frameborder=\"0\" allowfullscreen=\"true\" allow=\"autoplay; clipboard-write; encrypted-media; picture-in-picture; web-share\" 0=\"\/iframe\" class=\"iframe-class\"><\/iframe>\n<\/div>\n<\/div>\n<div dir=\"auto\"><!--more--><\/div>\n<div class=\"xu06os2 x1ok221b\">\n<div dir=\"auto\" style=\"text-align: center\"><a href=\"https:\/\/estaticos-cdn.prensaiberica.es\/clip\/404cedb8-fd12-4e22-a455-075b4b8a01f9_source-aspect-ratio_default_0.jpg\"><img loading=\"lazy\" decoding=\"async\" class=\"aligncenter size-large\" src=\"https:\/\/estaticos-cdn.prensaiberica.es\/clip\/404cedb8-fd12-4e22-a455-075b4b8a01f9_source-aspect-ratio_default_0.jpg\" width=\"2000\" height=\"1333\" \/><\/a><\/div>\n<div dir=\"auto\"><\/div>\n<div dir=\"auto\" style=\"text-align: left\">Foi una ocasi\u00f3n perfecta pa conocer a munchos de los clubes que desenvuelven la so activid\u00e1 deportiva nel conceyu, amosando a ne\u00f1os, ne\u00f1es \u2014y tami\u00e9n a dalg\u00fan qu&#8217;otru adultu interes\u00e1u\u2014 la riqueza de les sos disciplines deportives.<\/div>\n<\/div>\n<div dir=\"auto\"><\/div>\n<div class=\"xu06os2 x1ok221b\">\n<div dir=\"auto\"><\/div>\n<div class=\"html-div xdj266r x14z9mp xat24cr x1lziwak xexx8yu xyri2b x18d9i69 x1c1uobl\">\n<div dir=\"auto\" style=\"text-align: center\"><a href=\"https:\/\/estaticos-cdn.prensaiberica.es\/clip\/27d47b4e-1545-48ba-a7ee-b0693ac7b2f8_source-aspect-ratio_default_0.jpg\"><img loading=\"lazy\" decoding=\"async\" class=\"aligncenter size-large\" src=\"https:\/\/estaticos-cdn.prensaiberica.es\/clip\/27d47b4e-1545-48ba-a7ee-b0693ac7b2f8_source-aspect-ratio_default_0.jpg\" width=\"2000\" height=\"1333\" \/><\/a><\/div>\n<div dir=\"auto\"><\/div>\n<div dir=\"auto\"><\/div>\n<div dir=\"auto\"><\/div>\n<div dir=\"auto\"><\/div>\n<div dir=\"auto\" style=\"text-align: center\">\n<!-- iframe plugin v.6.0 wordpress.org\/plugins\/iframe\/ -->\n<iframe loading=\"lazy\" src=\"https:\/\/www.facebook.com\/plugins\/post.php?href=https%3A%2F%2Fwww.facebook.com%2Fphoto.php%3Ffbid%3D1359853802815716%26set%3Da.378087527659020%26type%3D3&#038;show_text=false&#038;width=500\" width=\"500\" height=\"786\" style=\"border:none;overflow:hidden\" scrolling=\"no\" frameborder=\"0\" allowfullscreen=\"true\" allow=\"autoplay; clipboard-write; encrypted-media; picture-in-picture; web-share\" 0=\"\/iframe\" class=\"iframe-class\"><\/iframe>\n<\/div>\n<div dir=\"auto\"><span style=\"color: #000000\">Mientres dalgunos optaron por realizar exhibiciones dientro de la pista, otros prefirieron instalase en estands informativos alredor de la instalaci\u00f3n, averando asina&#8217;l so deporte al p\u00fablicu d&#8217;una forma m\u00e1s directa y cercana.<\/span><\/div>\n<div dir=\"auto\"><\/div>\n<div dir=\"auto\" style=\"text-align: center\">\n<!-- iframe plugin v.6.0 wordpress.org\/plugins\/iframe\/ -->\n<iframe loading=\"lazy\" src=\"https:\/\/www.facebook.com\/plugins\/post.php?href=https%3A%2F%2Fwww.facebook.com%2Fphoto.php%3Ffbid%3D1213710407460447%26set%3Da.1213715247459963%26type%3D3&#038;show_text=false&#038;width=500\" width=\"500\" height=\"783\" style=\"border:none;overflow:hidden\" scrolling=\"no\" frameborder=\"0\" allowfullscreen=\"true\" allow=\"autoplay; clipboard-write; encrypted-media; picture-in-picture; web-share\" 0=\"\/iframe\" class=\"iframe-class\"><\/iframe>\n<\/div>\n<\/div>\n<\/div>\n<\/div>\n<\/div>\n<\/div>\n<\/div>\n<\/div>\n<p>&nbsp;<\/p>\n","protected":false},"excerpt":{"rendered":"<p>Ayuntamiento d&#8217;Uvi\u00e9u\/ Semana Europea del Deporte 2025 Uvi\u00e9iu Ciud\u00e1 Europea del Deporte 2026\/DeportesOviedo\/ semeyes LNE 3.000 persones participen g\u00fcei nos actos centrales de la Selmana Europea del Deporte. Ayeri, nel Palaciu de los Deportes d&#8217;Uvi\u00e9u, vivi\u00f3se una de les xornaes m\u00e1s interesantes de la temporada.<\/p>\n","protected":false},"author":117,"featured_media":0,"comment_status":"closed","ping_status":"open","sticky":false,"template":"","format":"standard","meta":{"footnotes":""},"categories":[133,144],"tags":[],"class_list":["post-58757","post","type-post","status-publish","format-standard","hentry","category-deportes","category-semana-de"],"_links":{"self":[{"href":"https:\/\/edublog.educastur.es\/ixuxu\/wp-json\/wp\/v2\/posts\/58757","targetHints":{"allow":["GET"]}}],"collection":[{"href":"https:\/\/edublog.educastur.es\/ixuxu\/wp-json\/wp\/v2\/posts"}],"about":[{"href":"https:\/\/edublog.educastur.es\/ixuxu\/wp-json\/wp\/v2\/types\/post"}],"author":[{"embeddable":true,"href":"https:\/\/edublog.educastur.es\/ixuxu\/wp-json\/wp\/v2\/users\/117"}],"replies":[{"embeddable":true,"href":"https:\/\/edublog.educastur.es\/ixuxu\/wp-json\/wp\/v2\/comments?post=58757"}],"version-history":[{"count":7,"href":"https:\/\/edublog.educastur.es\/ixuxu\/wp-json\/wp\/v2\/posts\/58757\/revisions"}],"predecessor-version":[{"id":59093,"href":"https:\/\/edublog.educastur.es\/ixuxu\/wp-json\/wp\/v2\/posts\/58757\/revisions\/59093"}],"wp:attachment":[{"href":"https:\/\/edublog.educastur.es\/ixuxu\/wp-json\/wp\/v2\/media?parent=58757"}],"wp:term":[{"taxonomy":"category","embeddable":true,"href":"https:\/\/edublog.educastur.es\/ixuxu\/wp-json\/wp\/v2\/categories?post=58757"},{"taxonomy":"post_tag","embeddable":true,"href":"https:\/\/edublog.educastur.es\/ixuxu\/wp-json\/wp\/v2\/tags?post=58757"}],"curies":[{"name":"wp","href":"https:\/\/api.w.org\/{rel}","templated":true}]}}