{"id":58772,"date":"2025-09-28T11:05:21","date_gmt":"2025-09-28T09:05:21","guid":{"rendered":"https:\/\/edublog.educastur.es\/ixuxu\/?p=58772"},"modified":"2025-09-28T21:34:44","modified_gmt":"2025-09-28T19:34:44","slug":"los-horros-y-paneres-tienen-futuru-nasturies","status":"publish","type":"post","link":"https:\/\/edublog.educastur.es\/ixuxu\/2025\/09\/los-horros-y-paneres-tienen-futuru-nasturies\/","title":{"rendered":"Los horros y paneres tienen futuru n&#8217;Asturies"},"content":{"rendered":"<p><a href=\"https:\/\/www.lne.es\/asturias\/2025\/09\/27\/horreos-paneras-futuro-asturias-problema-121907561.html\">LNE<\/a> \/<\/p>\n<p style=\"text-align: center\"><a href=\"https:\/\/estaticos-cdn.prensaiberica.es\/clip\/f42aec99-537f-4bba-923e-069d5eedeb9a_16-9-discover-aspect-ratio_default_0.webp\"><img loading=\"lazy\" decoding=\"async\" class=\"aligncenter size-large\" src=\"https:\/\/estaticos-cdn.prensaiberica.es\/clip\/f42aec99-537f-4bba-923e-069d5eedeb9a_16-9-discover-aspect-ratio_default_0.webp\" width=\"1200\" height=\"675\" \/><\/a><\/p>\n<p>Los horros y paneres tienen futuru n&#8217;Asturies: el problema ye que nun se sabe cu\u00e1ntos hai nin c\u00f3mo afaelos a les nueves necesidaes rurales. Magar ser un patrimoniu cultural vivu y popular desconozse cu\u00e1ntos d&#8217;estos grandes almacenes del campu precisen especial protecci\u00f3n. <strong>La protecci\u00f3n de los horros y paneres tien subvenciones pero non criterios d&#8217;usu.<\/strong><\/p>\n<p>Angua\u00f1o la collecha de pataques foi pequena. Am\u00e1s, diz Encarna, que la ensuga del branu dexales \u00abdaqu\u00e9 ruines\u00bb. Cumpli\u00f3 83 a\u00f1os y caltien la fesoria ensin tremecer. Sigue ensin tarrece-y a los tr\u00e9s gradies de piedra ensin pasamanes que-y dexen a la puerta del horru, nin siquier los d\u00edes d&#8217;agua. X\u00fabise cargada con una bolsa de venti quilos acabante collechar. Va y vien delles vegaes al d\u00eda, para garrar material para cocinar. Tienlo cerca de la so casa, en Yernes.<\/p>\n","protected":false},"excerpt":{"rendered":"<p>LNE \/ Los horros y paneres tienen futuru n&#8217;Asturies: el problema ye que nun se sabe cu\u00e1ntos hai nin c\u00f3mo afaelos a les nueves necesidaes rurales. Magar ser un patrimoniu cultural vivu y popular desconozse cu\u00e1ntos d&#8217;estos grandes almacenes del campu precisen especial protecci\u00f3n. La protecci\u00f3n de los horros y paneres tien subvenciones pero non [&hellip;]<\/p>\n","protected":false},"author":117,"featured_media":0,"comment_status":"closed","ping_status":"open","sticky":false,"template":"","format":"standard","meta":{"footnotes":""},"categories":[116],"tags":[],"class_list":["post-58772","post","type-post","status-publish","format-standard","hentry","category-horru"],"_links":{"self":[{"href":"https:\/\/edublog.educastur.es\/ixuxu\/wp-json\/wp\/v2\/posts\/58772","targetHints":{"allow":["GET"]}}],"collection":[{"href":"https:\/\/edublog.educastur.es\/ixuxu\/wp-json\/wp\/v2\/posts"}],"about":[{"href":"https:\/\/edublog.educastur.es\/ixuxu\/wp-json\/wp\/v2\/types\/post"}],"author":[{"embeddable":true,"href":"https:\/\/edublog.educastur.es\/ixuxu\/wp-json\/wp\/v2\/users\/117"}],"replies":[{"embeddable":true,"href":"https:\/\/edublog.educastur.es\/ixuxu\/wp-json\/wp\/v2\/comments?post=58772"}],"version-history":[{"count":1,"href":"https:\/\/edublog.educastur.es\/ixuxu\/wp-json\/wp\/v2\/posts\/58772\/revisions"}],"predecessor-version":[{"id":58773,"href":"https:\/\/edublog.educastur.es\/ixuxu\/wp-json\/wp\/v2\/posts\/58772\/revisions\/58773"}],"wp:attachment":[{"href":"https:\/\/edublog.educastur.es\/ixuxu\/wp-json\/wp\/v2\/media?parent=58772"}],"wp:term":[{"taxonomy":"category","embeddable":true,"href":"https:\/\/edublog.educastur.es\/ixuxu\/wp-json\/wp\/v2\/categories?post=58772"},{"taxonomy":"post_tag","embeddable":true,"href":"https:\/\/edublog.educastur.es\/ixuxu\/wp-json\/wp\/v2\/tags?post=58772"}],"curies":[{"name":"wp","href":"https:\/\/api.w.org\/{rel}","templated":true}]}}