{"id":58795,"date":"2025-09-28T08:55:23","date_gmt":"2025-09-28T06:55:23","guid":{"rendered":"https:\/\/edublog.educastur.es\/ixuxu\/?p=58795"},"modified":"2025-09-28T20:42:39","modified_gmt":"2025-09-28T18:42:39","slug":"asina-va-tocar-tierra-na-peninsulal-furacan-gabrielle","status":"publish","type":"post","link":"https:\/\/edublog.educastur.es\/ixuxu\/2025\/09\/asina-va-tocar-tierra-na-peninsulal-furacan-gabrielle\/","title":{"rendered":"Asina va tocar tierra na Pen\u00ednsula&#8217;l furac\u00e1n &#8216;Gabrielle&#8217;"},"content":{"rendered":"<p><a href=\"https:\/\/www.elcomercio.es\/sociedad\/tocara-tierra-peninsula-huracan-gabrielle-20250926012514-ntrc.html#vtm_modulosEngag=historias-visuales:portada:noticia:2\">El Comercio<\/a> \/ <a href=\"https:\/\/www.aemet.es\/es\/eltiempo\/prediccion\/avisos\">Avisos AEMET<\/a> \/<\/p>\n<p>Nac\u00edu nes ag\u00fces templaes del Atl\u00e1nticu tien a los Azores n&#8217;Alerta y el domingu prevese que llegue al suroeste de Portugal y Espa\u00f1a convert\u00edu n&#8217;una umbada m\u00e1s convencional pero non \u00abinofensiva\u00bb.<\/p>\n<p style=\"text-align: center\"><a href=\"https:\/\/pbs.twimg.com\/media\/G1hrNAEWYAAb85F?format=png&amp;name=small\"><img loading=\"lazy\" decoding=\"async\" class=\"aligncenter size-large\" src=\"https:\/\/pbs.twimg.com\/media\/G1hrNAEWYAAb85F?format=png&amp;name=small\" width=\"680\" height=\"558\" \/><\/a><\/p>\n<p>La umbada ex-Gabrielle (llamada asina porque n&#8217;orixe yera un cicl\u00f3n tropical con ese nome) va averar a la Pen\u00ednsula esta fin de selmana. \u27a1\ufe0f Va Dar llugar a temporaes bien fuertes de vientu y ag\u00fces en zones del oeste y sur peninsular.<\/p>\n<p><!--more--><\/p>\n<p style=\"text-align: center\"><a href=\"https:\/\/s1.ppllstatics.com\/rc\/www\/multimedia\/2025\/09\/26\/huracanai2-L.jpg\"><img loading=\"lazy\" decoding=\"async\" class=\"aligncenter size-large\" src=\"https:\/\/s1.ppllstatics.com\/rc\/www\/multimedia\/2025\/09\/26\/huracanai2-L.jpg\" width=\"2280\" height=\"3326\" \/><\/a><\/p>\n<p>&#8216;Gabrielle&#8217; tien a los meteor\u00f3logos espa\u00f1oles bien sollertes a les sos pantalles. <strong>Tr\u00e1tase d&#8217;un furac\u00e1n qu&#8217;esta fin de selmana va azotar la mari\u00f1a suroeste de la Pen\u00ednsula.<\/strong> Antes lleg\u00f3 a los Azores, onde les autoridaes decretaron el zarru de los servicios p\u00fablicos non urxentes mientres 24 hores y pidieron a la poblaci\u00f3n qu&#8217;evitara viaxes innecesarios. Dicen que ye&#8217;l primer fen\u00f3menu d&#8217;esti tipu na zona en m\u00e1s d&#8217;una d\u00e9cada. Dex\u00f3 ag\u00fces, nubes, mala mar y vientos d&#8217;unos 200 kil\u00f3metros per hora: \u00abUna envernada bastante duru\u00bb, precisa&#8217;l meteor\u00f3logu de Meteored Samuel Biener.<\/p>\n","protected":false},"excerpt":{"rendered":"<p>El Comercio \/ Avisos AEMET \/ Nac\u00edu nes ag\u00fces templaes del Atl\u00e1nticu tien a los Azores n&#8217;Alerta y el domingu prevese que llegue al suroeste de Portugal y Espa\u00f1a convert\u00edu n&#8217;una umbada m\u00e1s convencional pero non \u00abinofensiva\u00bb. La umbada ex-Gabrielle (llamada asina porque n&#8217;orixe yera un cicl\u00f3n tropical con ese nome) va averar a la [&hellip;]<\/p>\n","protected":false},"author":117,"featured_media":0,"comment_status":"closed","ping_status":"open","sticky":false,"template":"","format":"standard","meta":{"footnotes":""},"categories":[5],"tags":[],"class_list":["post-58795","post","type-post","status-publish","format-standard","hentry","category-tiempu"],"_links":{"self":[{"href":"https:\/\/edublog.educastur.es\/ixuxu\/wp-json\/wp\/v2\/posts\/58795","targetHints":{"allow":["GET"]}}],"collection":[{"href":"https:\/\/edublog.educastur.es\/ixuxu\/wp-json\/wp\/v2\/posts"}],"about":[{"href":"https:\/\/edublog.educastur.es\/ixuxu\/wp-json\/wp\/v2\/types\/post"}],"author":[{"embeddable":true,"href":"https:\/\/edublog.educastur.es\/ixuxu\/wp-json\/wp\/v2\/users\/117"}],"replies":[{"embeddable":true,"href":"https:\/\/edublog.educastur.es\/ixuxu\/wp-json\/wp\/v2\/comments?post=58795"}],"version-history":[{"count":5,"href":"https:\/\/edublog.educastur.es\/ixuxu\/wp-json\/wp\/v2\/posts\/58795\/revisions"}],"predecessor-version":[{"id":58852,"href":"https:\/\/edublog.educastur.es\/ixuxu\/wp-json\/wp\/v2\/posts\/58795\/revisions\/58852"}],"wp:attachment":[{"href":"https:\/\/edublog.educastur.es\/ixuxu\/wp-json\/wp\/v2\/media?parent=58795"}],"wp:term":[{"taxonomy":"category","embeddable":true,"href":"https:\/\/edublog.educastur.es\/ixuxu\/wp-json\/wp\/v2\/categories?post=58795"},{"taxonomy":"post_tag","embeddable":true,"href":"https:\/\/edublog.educastur.es\/ixuxu\/wp-json\/wp\/v2\/tags?post=58795"}],"curies":[{"name":"wp","href":"https:\/\/api.w.org\/{rel}","templated":true}]}}