{"id":58797,"date":"2025-09-28T08:30:00","date_gmt":"2025-09-28T06:30:00","guid":{"rendered":"https:\/\/edublog.educastur.es\/ixuxu\/?p=58797"},"modified":"2025-09-28T19:27:09","modified_gmt":"2025-09-28T17:27:09","slug":"el-tiempu-el-comercio-149","status":"publish","type":"post","link":"https:\/\/edublog.educastur.es\/ixuxu\/2025\/09\/el-tiempu-el-comercio-149\/","title":{"rendered":"El tiempu (El Comercio)"},"content":{"rendered":"<p style=\"text-align: center\"><a href=\"https:\/\/s3.ppllstatics.com\/elcomercio\/www\/multimedia\/2025\/09\/27\/tiempo-asturias-domingo-28-septiembre-k8GF-U2303204345415fNC-1920x1344@El%20Comercio.jpg\"><img loading=\"lazy\" decoding=\"async\" class=\"aligncenter size-large\" src=\"https:\/\/s3.ppllstatics.com\/elcomercio\/www\/multimedia\/2025\/09\/27\/tiempo-asturias-domingo-28-septiembre-k8GF-U2303204345415fNC-1920x1344@El%20Comercio.jpg\" width=\"1920\" height=\"1344\" \/><\/a><\/p>\n<p>Esperamos una xornada nubosa. Los restos del furac\u00e1n Gabrielle, convert\u00edos y\u00e1 n&#8217;umbada, entren g\u00fcei poles mari\u00f1es portugueses pero van afectar de forma importante especialmente en Castiella y Lli\u00f3n, Estremadura, y otres comunidaes del centru y oeste peninsular. Pero <strong>nel casu concretu d&#8217;Asturies, lo \u00fanico que nos dexar\u00e1 va ser abondosu nubosid\u00e1 y, a lo sumo, delles precipitaciones d\u00e9biles que van tener llugar a partir del mediud\u00eda.<\/strong> Estos orbayos van empezar afectando al occidente d&#8217;Asturies y van estendese a otros sectores y, finalmente, van #dirixir escontra&#8217;l cordal mientres les primeres hores de la tarde.<\/p>\n<p><strong>Los vientos<\/strong> van soplar de nord\u00e9s con raches fluexes pela ma\u00f1ana pero moderaes pela tarde. <strong>Les temperatures m\u00e1ximes<\/strong> van caltenese nes poblaciones costeres, pero van baxar nel interior. Ello ye que seg\u00fan movamos escontra&#8217;l sur d&#8217;Asturies, el descensu va ser m\u00e1s significativu (hasta 5 \u00baC menos que&#8217;l s\u00e1badu).<strong> Les temperatures m\u00ednimes<\/strong>, sicas\u00ed, van xubir de forma xeneralizada hasta 3 o 4 \u00baC m\u00e1s.<\/p>\n","protected":false},"excerpt":{"rendered":"<p>Esperamos una xornada nubosa. Los restos del furac\u00e1n Gabrielle, convert\u00edos y\u00e1 n&#8217;umbada, entren g\u00fcei poles mari\u00f1es portugueses pero van afectar de forma importante especialmente en Castiella y Lli\u00f3n, Estremadura, y otres comunidaes del centru y oeste peninsular. Pero nel casu concretu d&#8217;Asturies, lo \u00fanico que nos dexar\u00e1 va ser abondosu nubosid\u00e1 y, a lo sumo, [&hellip;]<\/p>\n","protected":false},"author":117,"featured_media":0,"comment_status":"closed","ping_status":"open","sticky":false,"template":"","format":"standard","meta":{"footnotes":""},"categories":[5],"tags":[],"class_list":["post-58797","post","type-post","status-publish","format-standard","hentry","category-tiempu"],"_links":{"self":[{"href":"https:\/\/edublog.educastur.es\/ixuxu\/wp-json\/wp\/v2\/posts\/58797","targetHints":{"allow":["GET"]}}],"collection":[{"href":"https:\/\/edublog.educastur.es\/ixuxu\/wp-json\/wp\/v2\/posts"}],"about":[{"href":"https:\/\/edublog.educastur.es\/ixuxu\/wp-json\/wp\/v2\/types\/post"}],"author":[{"embeddable":true,"href":"https:\/\/edublog.educastur.es\/ixuxu\/wp-json\/wp\/v2\/users\/117"}],"replies":[{"embeddable":true,"href":"https:\/\/edublog.educastur.es\/ixuxu\/wp-json\/wp\/v2\/comments?post=58797"}],"version-history":[{"count":3,"href":"https:\/\/edublog.educastur.es\/ixuxu\/wp-json\/wp\/v2\/posts\/58797\/revisions"}],"predecessor-version":[{"id":58800,"href":"https:\/\/edublog.educastur.es\/ixuxu\/wp-json\/wp\/v2\/posts\/58797\/revisions\/58800"}],"wp:attachment":[{"href":"https:\/\/edublog.educastur.es\/ixuxu\/wp-json\/wp\/v2\/media?parent=58797"}],"wp:term":[{"taxonomy":"category","embeddable":true,"href":"https:\/\/edublog.educastur.es\/ixuxu\/wp-json\/wp\/v2\/categories?post=58797"},{"taxonomy":"post_tag","embeddable":true,"href":"https:\/\/edublog.educastur.es\/ixuxu\/wp-json\/wp\/v2\/tags?post=58797"}],"curies":[{"name":"wp","href":"https:\/\/api.w.org\/{rel}","templated":true}]}}