{"id":58817,"date":"2025-09-29T11:00:55","date_gmt":"2025-09-29T09:00:55","guid":{"rendered":"https:\/\/edublog.educastur.es\/ixuxu\/?p=58817"},"modified":"2025-09-30T05:10:27","modified_gmt":"2025-09-30T03:10:27","slug":"anada-pa-la-nena-de-pilar-sanchez-vicente","status":"publish","type":"post","link":"https:\/\/edublog.educastur.es\/ixuxu\/2025\/09\/anada-pa-la-nena-de-pilar-sanchez-vicente\/","title":{"rendered":"\u00abA\u00f1ada pa la ne\u00f1a\u00bb de Pilar S\u00e1nchez-Vicente"},"content":{"rendered":"<div class=\"html-div xdj266r x14z9mp xat24cr x1lziwak xexx8yu x1a8lsjc xf7dkkf xv54qhq\">\n<div class=\"html-div xdj266r x14z9mp xat24cr x1lziwak xexx8yu xyri2b x18d9i69 x1c1uobl x1jx94hy x78zum5 x1q0g3np\">\n<div class=\"x78zum5 xdt5ytf xz62fqu x16ldp7u\">\n<div class=\"xu06os2 x1ok221b\">\n<div class=\"html-div xdj266r x14z9mp xat24cr x1lziwak xexx8yu xyri2b x18d9i69 x1c1uobl\" data-ad-rendering-role=\"profile_name\">\n<ul>\n<li class=\"html-h3 x14z9mp xat24cr x1lziwak xexx8yu xyri2b x18d9i69 x1c1uobl x1vvkbs x1heor9g x1qlqyl8 x1pd3egz x1a2a7pz x1gslohp x1yc453h\"><span class=\"x1lliihq x6ikm8r x10wlt62 x1n2onr6\"><span class=\"x193iq5w xeuugli x13faqbe x1vvkbs x1xmvt09 x1f6kntn xvq8zen xo1l8bm xi81zsa\"><b class=\"html-b xdj266r x14z9mp xat24cr x1lziwak xexx8yu xyri2b x18d9i69 x1c1uobl x1hl2dhg x16tdsg8 x1vvkbs x1s688f\"><span class=\"xt0psk2\"><span class=\"html-span xdj266r x14z9mp xat24cr x1lziwak xexx8yu xyri2b x18d9i69 x1c1uobl x1hl2dhg x16tdsg8 x1vvkbs\"><a class=\"x1i10hfl xjbqb8w x1ejq31n x18oe1m7 x1sy0etr xstzfhl x972fbf x10w94by x1qhh985 x14e42zd x9f619 x1ypdohk xt0psk2 x3ct3a4 xdj266r x14z9mp xat24cr x1lziwak xexx8yu xyri2b x18d9i69 x1c1uobl x16tdsg8 x1hl2dhg xggy1nq x1a2a7pz xkrqix3 x1sur9pj xzsf02u x1s688f\" role=\"link\" href=\"https:\/\/www.facebook.com\/pilar.sanchezvicente.35?__cft__[0]=AZV6AGbNJj2dN6ERIcsDcs3a7WOWMznC-ZEEfY08J9dQvavd4v9kbsZpb_avCe9fCVzroY-LA_LQQyqWv8TBE-JunejuIsMXbhIw0TNpUFJg4c5tkyPHkk0WEAMzpRE_38MbTNxcQc-GIxkVpKskuc6KuT4BbIG5Rju3Zaeg_f5EcSzAtGmh8BMYR6_zj1GvJu3isg6saDRV3Lu82boHLCdF&amp;__tn__=-]C%2CP-y-R\">Pilar S\u00e1nchez Vicente<\/a><\/span><\/span><\/b> \/<b class=\"html-b xdj266r x14z9mp xat24cr x1lziwak xexx8yu xyri2b x18d9i69 x1c1uobl x1hl2dhg x16tdsg8 x1vvkbs x1s688f\"><span class=\"xt0psk2\"><span class=\"xjp7ctv\"><span class=\"html-span xdj266r x14z9mp xat24cr x1lziwak xexx8yu xyri2b x18d9i69 x1c1uobl x1hl2dhg x16tdsg8 x1vvkbs\"><a class=\"x1i10hfl xjbqb8w x1ejq31n x18oe1m7 x1sy0etr xstzfhl x972fbf x10w94by x1qhh985 x14e42zd x9f619 x1ypdohk xt0psk2 x3ct3a4 xdj266r x14z9mp xat24cr x1lziwak xexx8yu xyri2b x18d9i69 x1c1uobl x16tdsg8 x1hl2dhg xggy1nq x1a2a7pz xkrqix3 x1sur9pj xzsf02u x1s688f\" role=\"link\" href=\"https:\/\/www.facebook.com\/anavazquezsilvacompositora?__cft__[0]=AZV6AGbNJj2dN6ERIcsDcs3a7WOWMznC-ZEEfY08J9dQvavd4v9kbsZpb_avCe9fCVzroY-LA_LQQyqWv8TBE-JunejuIsMXbhIw0TNpUFJg4c5tkyPHkk0WEAMzpRE_38MbTNxcQc-GIxkVpKskuc6KuT4BbIG5Rju3Zaeg_f5EcSzAtGmh8BMYR6_zj1GvJu3isg6saDRV3Lu82boHLCdF&amp;__tn__=-]C%2CP-y-R\">Ana V\u00e1zquez Silva<\/a><\/span><\/span><\/span><\/b>\u00a0y\u00a0<b class=\"html-b xdj266r x14z9mp xat24cr x1lziwak xexx8yu xyri2b x18d9i69 x1c1uobl x1hl2dhg x16tdsg8 x1vvkbs x1s688f\"><span class=\"xt0psk2\"><span class=\"xjp7ctv\"><span class=\"html-span xdj266r x14z9mp xat24cr x1lziwak xexx8yu xyri2b x18d9i69 x1c1uobl x1hl2dhg x16tdsg8 x1vvkbs\"><a class=\"x1i10hfl xjbqb8w x1ejq31n x18oe1m7 x1sy0etr xstzfhl x972fbf x10w94by x1qhh985 x14e42zd x9f619 x1ypdohk xt0psk2 x3ct3a4 xdj266r x14z9mp xat24cr x1lziwak xexx8yu xyri2b x18d9i69 x1c1uobl x16tdsg8 x1hl2dhg xggy1nq x1a2a7pz xkrqix3 x1sur9pj xzsf02u x1s688f\" role=\"link\" href=\"https:\/\/www.facebook.com\/blancanitos?__cft__[0]=AZV6AGbNJj2dN6ERIcsDcs3a7WOWMznC-ZEEfY08J9dQvavd4v9kbsZpb_avCe9fCVzroY-LA_LQQyqWv8TBE-JunejuIsMXbhIw0TNpUFJg4c5tkyPHkk0WEAMzpRE_38MbTNxcQc-GIxkVpKskuc6KuT4BbIG5Rju3Zaeg_f5EcSzAtGmh8BMYR6_zj1GvJu3isg6saDRV3Lu82boHLCdF&amp;__tn__=-]C%2CP-y-R\">Raquel Garc\u00eda P\u00e9rez<\/a><\/span><\/span><\/span><\/b>.<\/span><\/span><\/li>\n<\/ul>\n<\/div>\n<\/div>\n<\/div>\n<\/div>\n<\/div>\n<div class=\"html-div xdj266r x14z9mp xat24cr x1lziwak xexx8yu xyri2b x18d9i69 x1c1uobl\" dir=\"auto\">\n<div class=\"html-div xdj266r x14z9mp xat24cr x1lziwak xexx8yu xyri2b x18d9i69 x1c1uobl\" dir=\"auto\">\n<div class=\"html-div xdj266r x14z9mp xat24cr x1lziwak xexx8yu xyri2b x18d9i69 x1c1uobl\" data-ad-rendering-role=\"story_message\">\n<div class=\"x1l90r2v x1iorvi4 x1g0dm76 xpdmqnj\" data-ad-comet-preview=\"message\" data-ad-preview=\"message\">\n<div class=\"x78zum5 xdt5ytf xz62fqu x16ldp7u\">\n<div class=\"xu06os2 x1ok221b\">\n<div class=\"html-div xdj266r x14z9mp xat24cr x1lziwak xexx8yu xyri2b x18d9i69 x1c1uobl\">\n<div class=\"x14z9mp xat24cr x1lziwak x1vvkbs xtlvy1s x126k92a\">\n<div dir=\"auto\"><\/div>\n<\/div>\n<div class=\"x14z9mp xat24cr x1lziwak x1vvkbs xtlvy1s x126k92a\">\n<div dir=\"auto\"><span style=\"color: #008080\"><em>Duerme, nen\u0303a l\u2019alma, que cuando los cierres, la llume los tos gu\u0308eyos prende les estrelles.<\/em><\/span><\/div>\n<div dir=\"auto\"><span style=\"color: #008080\"><em>Duerme, nen\u0303a l\u2019alma, qu\u2019al vete aselada les pallabres nueves reblinquen pela almuhada.<\/em><\/span><\/div>\n<div dir=\"auto\"><span style=\"color: #008080\"><em>Duerme, nen\u0303a l\u2019alma, respira fondo, que l\u2019aire que tu aliendes remocica\u2019l cosmos.<\/em><\/span><\/div>\n<div dir=\"auto\"><span style=\"color: #008080\"><em>Duerme, nen\u0303a l\u2019alma, escucha les foles nel rumor llonxanu de les caracoles.<\/em><\/span><\/div>\n<div dir=\"auto\"><span style=\"color: #008080\"><em>Duerme, nen\u0303a l\u2019alma, ensin que t\u2019esmuelen, bilordios, llevantos, mieos nin rocees.<\/em><\/span><\/div>\n<div dir=\"auto\"><span style=\"color: #008080\"><em>Duerme, nen\u0303a l\u2019alma, tate mui quietina, pa que los tus suan\u0303os puedan cobrar vida.<\/em><\/span><\/div>\n<div dir=\"auto\"><span style=\"color: #008080\"><em>Duerme, nen\u0303a l\u2019alma, que cuando despiertes, el di\u0301a de man\u0303ana va venir a vete.<\/em><\/span><\/div>\n<div dir=\"auto\"><span style=\"color: #008080\"><em>Y nun sera\u0301s ya\u0301 cri\u0301a, sino\u0301n muyer fuerte.<\/em><\/span><\/div>\n<div dir=\"auto\"><\/div>\n<\/div>\n<div dir=\"auto\">Esta ye la letra seg\u00fan fue escrita y la versi\u00f3n en castellano que se va cantar, el 25 d&#8217;ochobre, nel CC Casa de Vaques, en Madrid cola voz d&#8217;Adriana Vi\u00f1uela y al pianu Elisa Rap\u00e1u.<\/div>\n<div dir=\"auto\"><\/div>\n<div class=\"x14z9mp xat24cr x1lziwak x1vvkbs xtlvy1s x126k92a\">\n<div dir=\"auto\"><!--more--><\/div>\n<\/div>\n<div class=\"x14z9mp xat24cr x1lziwak x1vvkbs xtlvy1s x126k92a\">\n<div dir=\"auto\">&#8212;&#8212;&#8212;&#8212;&#8212;&#8212;&#8212;&#8211;<\/div>\n<\/div>\n<div class=\"x14z9mp xat24cr x1lziwak x1vvkbs xtlvy1s x126k92a\">\n<div dir=\"auto\"><span style=\"color: #0000ff\"><em>Duerme, ni\u00f1a del alma, que cuando los cierras, la luz de tus ojos prende\/enciende las estrellas.<\/em><\/span><\/div>\n<div dir=\"auto\"><span style=\"color: #0000ff\"><em>Duerme, ni\u00f1a del alma, que, al verte callada, las palabras nuevas bailan\/brincan en tu almohada<\/em><\/span><\/div>\n<div dir=\"auto\"><span style=\"color: #0000ff\"><em>Duerme, ni\u00f1a del alma, respira hondo, que el aire de tu aliento purifica el cosmos.<\/em><\/span><\/div>\n<div dir=\"auto\"><span style=\"color: #0000ff\"><em>Duerme, ni\u00f1a del alma, escucha en las olas el rumor lejano de las caracolas.<\/em><\/span><\/div>\n<div dir=\"auto\"><span style=\"color: #0000ff\"><em>Duerme, ni\u00f1a del alma, que no te demoren mentiras, quebrantos, miedos ni temores.<\/em><\/span><\/div>\n<div dir=\"auto\"><span style=\"color: #0000ff\"><em>Duerme, ni\u00f1a del alma, que estando dormida ver\u00e1s a los sue\u00f1os c\u00f3mo cobran vida.<\/em><\/span><\/div>\n<div dir=\"auto\"><span style=\"color: #0000ff\"><em>Duerme, ni\u00f1a del alma, que, cuando despiertes, el d\u00eda de ma\u00f1ana va a venir a verte.<\/em><\/span><\/div>\n<div dir=\"auto\"><span style=\"color: #0000ff\"><em>Y no ser\u00e1s ya ni\u00f1a, sino mujer fuerte.<\/em><\/span><\/div>\n<div dir=\"auto\"><\/div>\n<div dir=\"auto\">Non tou son noveles! Una de les collaboraciones m\u00e1s guapes y emocionantes que fixi foi la lletra d&#8217;<strong>A\u00f1ada pa la ne\u00f1a\/ A\u00f1ada para mi ne\u00f1a<\/strong> (dedicada a Lara) a la que punxo m\u00fasica la maxistral compositora xixonesa Ana V\u00e1zquez Silva.<\/div>\n<\/div>\n<\/div>\n<\/div>\n<\/div>\n<\/div>\n<\/div>\n<\/div>\n<\/div>\n<p style=\"text-align: center\">\n<!-- iframe plugin v.6.0 wordpress.org\/plugins\/iframe\/ -->\n<iframe loading=\"lazy\" src=\"https:\/\/www.facebook.com\/plugins\/post.php?href=https%3A%2F%2Fwww.facebook.com%2Fpilar.sanchezvicente.35%2Fposts%2Fpfbid02YeFxk28yFxcQdYBNKdrhSGa1dgJkHuWpf2PhJq35exWbn5bdQReyQQmc4aKaskJkl&#038;show_text=false&#038;width=500\" width=\"500\" height=\"333\" style=\"border:none;overflow:hidden\" scrolling=\"no\" frameborder=\"0\" allowfullscreen=\"true\" allow=\"autoplay; clipboard-write; encrypted-media; picture-in-picture; web-share\" 0=\"\/iframe\" class=\"iframe-class\"><\/iframe>\n<\/p>\n","protected":false},"excerpt":{"rendered":"<p>Pilar S\u00e1nchez Vicente \/Ana V\u00e1zquez Silva\u00a0y\u00a0Raquel Garc\u00eda P\u00e9rez. Duerme, nen\u0303a l\u2019alma, que cuando los cierres, la llume los tos gu\u0308eyos prende les estrelles. Duerme, nen\u0303a l\u2019alma, qu\u2019al vete aselada les pallabres nueves reblinquen pela almuhada. Duerme, nen\u0303a l\u2019alma, respira fondo, que l\u2019aire que tu aliendes remocica\u2019l cosmos. Duerme, nen\u0303a l\u2019alma, escucha les foles nel rumor [&hellip;]<\/p>\n","protected":false},"author":117,"featured_media":0,"comment_status":"closed","ping_status":"open","sticky":false,"template":"","format":"standard","meta":{"footnotes":""},"categories":[35],"tags":[],"class_list":["post-58817","post","type-post","status-publish","format-standard","hentry","category-musica"],"_links":{"self":[{"href":"https:\/\/edublog.educastur.es\/ixuxu\/wp-json\/wp\/v2\/posts\/58817","targetHints":{"allow":["GET"]}}],"collection":[{"href":"https:\/\/edublog.educastur.es\/ixuxu\/wp-json\/wp\/v2\/posts"}],"about":[{"href":"https:\/\/edublog.educastur.es\/ixuxu\/wp-json\/wp\/v2\/types\/post"}],"author":[{"embeddable":true,"href":"https:\/\/edublog.educastur.es\/ixuxu\/wp-json\/wp\/v2\/users\/117"}],"replies":[{"embeddable":true,"href":"https:\/\/edublog.educastur.es\/ixuxu\/wp-json\/wp\/v2\/comments?post=58817"}],"version-history":[{"count":5,"href":"https:\/\/edublog.educastur.es\/ixuxu\/wp-json\/wp\/v2\/posts\/58817\/revisions"}],"predecessor-version":[{"id":59014,"href":"https:\/\/edublog.educastur.es\/ixuxu\/wp-json\/wp\/v2\/posts\/58817\/revisions\/59014"}],"wp:attachment":[{"href":"https:\/\/edublog.educastur.es\/ixuxu\/wp-json\/wp\/v2\/media?parent=58817"}],"wp:term":[{"taxonomy":"category","embeddable":true,"href":"https:\/\/edublog.educastur.es\/ixuxu\/wp-json\/wp\/v2\/categories?post=58817"},{"taxonomy":"post_tag","embeddable":true,"href":"https:\/\/edublog.educastur.es\/ixuxu\/wp-json\/wp\/v2\/tags?post=58817"}],"curies":[{"name":"wp","href":"https:\/\/api.w.org\/{rel}","templated":true}]}}