{"id":58839,"date":"2025-09-27T19:25:50","date_gmt":"2025-09-27T17:25:50","guid":{"rendered":"https:\/\/edublog.educastur.es\/ixuxu\/?p=58839"},"modified":"2025-09-28T20:35:04","modified_gmt":"2025-09-28T18:35:04","slug":"la-universida-duvieu-noma-doctores-honoris-causa-a-victor-manuel","status":"publish","type":"post","link":"https:\/\/edublog.educastur.es\/ixuxu\/2025\/09\/la-universida-duvieu-noma-doctores-honoris-causa-a-victor-manuel\/","title":{"rendered":"La Universid\u00e1 d&#8217;Uvi\u00e9u noma Doctores Honoris Causa a V\u00edctor Manuel"},"content":{"rendered":"<ul>\n<li class=\"font-size-xxl margin-b-5 font-weight-b color-b-050 letter-spacing--1 fuente-corporativa\"><a href=\"https:\/\/www.rtpa.es\/noticias-asturias-ast\/2025-09-26\/La-Universida-d'Uvieu-noma-Doctores-Honoris-Causa-a-Charpentier,-Sommer,-Casanueva-y-Victor-Manuel_111758891005.html?fbclid=IwY2xjawNGXPRleHRuA2FlbQIxMQABHkmzplTfs3A-JbQAPi1Ib4rDIk06eQFzZaFAp5Bk-OleZhuNXVRd2-ih7GHt_aem_07DQ2edaeekQTjSRkGEhvg\">La Universid\u00e1 d&#8217;Uvi\u00e9u noma Doctores Honoris Causa a Charpentier, Sommer, Casanueva y V\u00edctor Manuel<\/a><\/li>\n<\/ul>\n<p>&nbsp;<\/p>\n<p style=\"text-align: center\"><span class=\"x193iq5w xeuugli x13faqbe x1vvkbs xt0psk2 x1i0vuye xvs91rp xo1l8bm x5n08af x10wh9bi xpm28yp x8viiok x1o7cslx x126k92a\"><span class=\"html-span xexx8yu x4uap5 x18d9i69 xkhd6sd x1hl2dhg x16tdsg8 x1vvkbs x3nfvp2 x1j61x8r x1fcty0u xdj266r xat24cr xgzva0m xhhsvwb xxymvpz xlup9mm x1kky2od\">\n<!-- iframe plugin v.6.0 wordpress.org\/plugins\/iframe\/ -->\n<iframe loading=\"lazy\" src=\"https:\/\/www.instagram.com\/reel\/DJ_lbiZsU19\/embed\" width=\"500\" height=\"645\" 0=\"\/iframe\" scrolling=\"yes\" class=\"iframe-class\" frameborder=\"0\"><\/iframe>\n<\/span><\/span><\/p>\n<p class=\"font-size-m padding-b-20 font-weight-b margin-t-16\">El cantautor asturianu V\u00edctor Manuel va ser invest\u00edu Doctor Honoris Causa de la Universid\u00e1 d&#8217;Uvi\u00e9u. El nomamientu reconoz trayectories d&#8217;escelencia nos \u00e1mbitos de la investigaci\u00f3n cient\u00edfica, el compromisu social y cultural y la creaci\u00f3n art\u00edstica.<\/p>\n<p><!--more--><\/p>\n<p>La instituci\u00f3n acad\u00e9mica investir\u00e1 tami\u00e9n con esti t\u00edtulu a la microbi\u00f3loga Emmanuelle Charpentier, investigadora del institutu Max Planck de Berl\u00edn, a la profesora Doris Sommer, una de les intelectuales m\u00e1s influyentes nel \u00e1mbitu de les humanidaes aplicaes, y al empresariu asturmexicanu Carlos Casanueva.<\/p>\n<p style=\"text-align: center\"><span class=\"x193iq5w xeuugli x13faqbe x1vvkbs xt0psk2 x1i0vuye xvs91rp xo1l8bm x5n08af x10wh9bi xpm28yp x8viiok x1o7cslx x126k92a\"><span class=\"html-span xexx8yu x4uap5 x18d9i69 xkhd6sd x1hl2dhg x16tdsg8 x1vvkbs x3nfvp2 x1j61x8r x1fcty0u xdj266r xat24cr xgzva0m xhhsvwb xxymvpz xlup9mm x1kky2od\">\n<!-- iframe plugin v.6.0 wordpress.org\/plugins\/iframe\/ -->\n<iframe loading=\"lazy\" src=\"https:\/\/www.instagram.com\/reel\/DPGqgoBjRhf\/embed\" width=\"500\" height=\"645\" 0=\"\/iframe\" scrolling=\"yes\" class=\"iframe-class\" frameborder=\"0\"><\/iframe>\n<\/span><\/span><\/p>\n<ul>\n<li><a href=\"https:\/\/es.wikipedia.org\/wiki\/V\u00edctor_Manuel_(cantante)\">Wiki<\/a> \/ <a href=\"https:\/\/www.victormanuel.es\">web<\/a> \/ <a href=\"https:\/\/www.instagram.com\/victormanuel_of\">IG<\/a> \/\u00a0 <a href=\"https:\/\/www.victormanuel.es\/discografia\">discograf\u00eda<\/a> \/<\/li>\n<\/ul>\n<p>V\u00edctor Manuel San Jos\u00e9 S\u00e1nchez (Mieres, 7 de xunetu de 1947), m\u00e1s conoc\u00edu a cencielles como V\u00edctor Manuel, ye un cantautor, productor musical, productor de cine y director cinematogr\u00e1ficu espa\u00f1ol, consider\u00e1u al pie de la so esposa, l&#8217;actriz y cantante Ana Bel\u00e9n, unu de los artistes m\u00e1s representativos de la transici\u00f3n espa\u00f1ola a la democracia.<\/p>\n<p>Los sos cantares, que pretenden ser poemes musicalizaos, falen com\u00fanmente de la vida rural, la llibert\u00e1, l&#8217;amor y la xusticia, enfus\u00e1ndose d&#8217;esta miente nel x\u00e9neru del cantar protesta o la trova surd\u00edes nos a\u00f1os 60-70.<\/p>\n<p>En 2022, foi galardon\u00e1u cola Medaya d&#8217;Oru al M\u00e9ritu nes Belles Artes qu&#8217;otorga&#8217;l Ministeriu de Cultura d&#8217;Espa\u00f1a.<\/p>\n<p style=\"text-align: center\"><span class=\"x193iq5w xeuugli x13faqbe x1vvkbs xt0psk2 x1i0vuye xvs91rp xo1l8bm x5n08af x10wh9bi xpm28yp x8viiok x1o7cslx x126k92a\"><span class=\"html-span xexx8yu x4uap5 x18d9i69 xkhd6sd x1hl2dhg x16tdsg8 x1vvkbs x3nfvp2 x1j61x8r x1fcty0u xdj266r xat24cr xgzva0m xhhsvwb xxymvpz xlup9mm x1kky2od\">\n<!-- iframe plugin v.6.0 wordpress.org\/plugins\/iframe\/ -->\n<iframe loading=\"lazy\" src=\"https:\/\/www.instagram.com\/reel\/DG7mzl2o4hm\/embed\" width=\"500\" height=\"645\" 0=\"\/iframe\" scrolling=\"yes\" class=\"iframe-class\" frameborder=\"0\"><\/iframe>\n<\/span><\/span><\/p>\n<p><sup id=\"cite_ref-BOE-A-2022-23030_1-0\" class=\"mw-references reference separada\"><\/sup>\u200b<\/p>\n","protected":false},"excerpt":{"rendered":"<p>La Universid\u00e1 d&#8217;Uvi\u00e9u noma Doctores Honoris Causa a Charpentier, Sommer, Casanueva y V\u00edctor Manuel &nbsp; El cantautor asturianu V\u00edctor Manuel va ser invest\u00edu Doctor Honoris Causa de la Universid\u00e1 d&#8217;Uvi\u00e9u. El nomamientu reconoz trayectories d&#8217;escelencia nos \u00e1mbitos de la investigaci\u00f3n cient\u00edfica, el compromisu social y cultural y la creaci\u00f3n art\u00edstica.<\/p>\n","protected":false},"author":117,"featured_media":0,"comment_status":"closed","ping_status":"open","sticky":false,"template":"","format":"standard","meta":{"footnotes":""},"categories":[35,58,212],"tags":[],"class_list":["post-58839","post","type-post","status-publish","format-standard","hentry","category-musica","category-premios","category-universida-duvieu"],"_links":{"self":[{"href":"https:\/\/edublog.educastur.es\/ixuxu\/wp-json\/wp\/v2\/posts\/58839","targetHints":{"allow":["GET"]}}],"collection":[{"href":"https:\/\/edublog.educastur.es\/ixuxu\/wp-json\/wp\/v2\/posts"}],"about":[{"href":"https:\/\/edublog.educastur.es\/ixuxu\/wp-json\/wp\/v2\/types\/post"}],"author":[{"embeddable":true,"href":"https:\/\/edublog.educastur.es\/ixuxu\/wp-json\/wp\/v2\/users\/117"}],"replies":[{"embeddable":true,"href":"https:\/\/edublog.educastur.es\/ixuxu\/wp-json\/wp\/v2\/comments?post=58839"}],"version-history":[{"count":6,"href":"https:\/\/edublog.educastur.es\/ixuxu\/wp-json\/wp\/v2\/posts\/58839\/revisions"}],"predecessor-version":[{"id":58842,"href":"https:\/\/edublog.educastur.es\/ixuxu\/wp-json\/wp\/v2\/posts\/58839\/revisions\/58842"}],"wp:attachment":[{"href":"https:\/\/edublog.educastur.es\/ixuxu\/wp-json\/wp\/v2\/media?parent=58839"}],"wp:term":[{"taxonomy":"category","embeddable":true,"href":"https:\/\/edublog.educastur.es\/ixuxu\/wp-json\/wp\/v2\/categories?post=58839"},{"taxonomy":"post_tag","embeddable":true,"href":"https:\/\/edublog.educastur.es\/ixuxu\/wp-json\/wp\/v2\/tags?post=58839"}],"curies":[{"name":"wp","href":"https:\/\/api.w.org\/{rel}","templated":true}]}}