{"id":58847,"date":"2025-09-28T11:00:19","date_gmt":"2025-09-28T09:00:19","guid":{"rendered":"https:\/\/edublog.educastur.es\/ixuxu\/?p=58847"},"modified":"2025-09-29T11:59:31","modified_gmt":"2025-09-29T09:59:31","slug":"unes-2-000-persones-participen-na-carrera-solidaria-huca-muevite-pola-salu","status":"publish","type":"post","link":"https:\/\/edublog.educastur.es\/ixuxu\/2025\/09\/unes-2-000-persones-participen-na-carrera-solidaria-huca-muevite-pola-salu\/","title":{"rendered":"Unes 2.000 persones participen na carrera solidaria HUCA &#8216;Mu\u00e9vite pola sal\u00fa&#8217;"},"content":{"rendered":"<ul>\n<li class=\"font-size-xxl margin-b-5 font-weight-b color-b-050 letter-spacing--1 fuente-corporativa\"><a href=\"https:\/\/www.rtpa.es\/noticias-asturias-ast\/2025-09-28\/Unes-2.000-persones-participen-na-carrera-solidaria-HUCA-'Muevite-pola-salu'_111759057024.html\">Unes 2.000 persones participen na carrera solidaria HUCA &#8216;Mu\u00e9vite pola sal\u00fa&#8217;<\/a><\/li>\n<\/ul>\n<p style=\"text-align: center\"><a href=\"https:\/\/estaticos-cdn.prensaiberica.es\/clip\/01789045-c562-4f27-b9d1-54a281da85bd_source-aspect-ratio_default_0.jpg\"><img loading=\"lazy\" decoding=\"async\" class=\"aligncenter size-large\" src=\"https:\/\/estaticos-cdn.prensaiberica.es\/clip\/01789045-c562-4f27-b9d1-54a281da85bd_source-aspect-ratio_default_0.jpg\" width=\"2000\" height=\"1333\" \/><\/a><\/p>\n<p class=\"font-size-m padding-b-20 font-weight-b margin-t-16\">Cada participante apurre un quilo pa la Fundaci\u00f3n Bancu d&#8217;Alimentos d&#8217;Asturies.\u00a0Un total de 2.000 dosales participaron esta ma\u00f1ana na octava edici\u00f3n de la carrera solidaria HUCA<a href=\"https:\/\/www.lne.es\/asturias\/2025\/09\/28\/consejera-salud-carrera-huca-37-122045881.html\"><strong> &#8216;Mu\u00e9vite pola Sal\u00fa&#8217;<\/strong> <\/a>que se celebr\u00f3 pela redolada del Hospital Central d&#8217;Asturies.\/ <a href=\"https:\/\/www.lne.es\/fotos\/asturias\/2025\/09\/28\/imagenes-carrera-solidaria-huca-muevete-122047784.html\"><strong>Semeyes<\/strong> <\/a>\/<a href=\"https:\/\/www.lne.es\/asturias\/2025\/09\/28\/consejera-salud-carrera-huca-37-122045881.html\"> LNE<\/a><\/p>\n<p style=\"text-align: center\"><em><span style=\"color: #008080\"> \u00abUn 37% de los asturianos nun realiza activid\u00e1 f\u00edsica\u00bb<\/span><\/em><\/p>\n<p><!--more--><\/p>\n<p>Dos pruebes, una competitiva de 10 kil\u00f3metros y otra popular de 3 kil\u00f3metros, qu&#8217;am\u00e1s foi solidaria porque cada participante apurri\u00f3 un quilo de productos pa la Fundaci\u00f3n Bancu d&#8217;Alimentos d&#8217;Asturies.<\/p>\n<p>Nesti llugar la conseyera de Sal\u00fa, Concepci\u00f3n Saavedra, fixo referencia a la concentraci\u00f3n que se celebr\u00f3 ayeri n&#8217;Uvi\u00e9u pa pidir m\u00e1s medios nos centros de sal\u00fa.<\/p>\n<p>Saavedra anunci\u00f3 que se va axuntar con ellos pa escuchar los sos pidimientos, pero tami\u00e9n recuerda l&#8217;aumentu de recursos fechu nos \u00faltimos a\u00f1os y les infraestructures que t\u00e1n programaes pa 2026.<\/p>\n<p style=\"text-align: center\"><a href=\"https:\/\/estaticos-cdn.prensaiberica.es\/clip\/d3f36208-3da0-43d0-9edf-efdcdf433d4a_source-aspect-ratio_default_0.jpg\"><img loading=\"lazy\" decoding=\"async\" class=\"aligncenter size-large\" src=\"https:\/\/estaticos-cdn.prensaiberica.es\/clip\/d3f36208-3da0-43d0-9edf-efdcdf433d4a_source-aspect-ratio_default_0.jpg\" width=\"2000\" height=\"1333\" \/><\/a><\/p>\n<p style=\"text-align: center\"><a href=\"https:\/\/estaticos-cdn.prensaiberica.es\/clip\/897a01ef-c624-4870-b9c7-c9acffec39ed_source-aspect-ratio_default_0.jpg\"><img loading=\"lazy\" decoding=\"async\" class=\"aligncenter size-large\" src=\"https:\/\/estaticos-cdn.prensaiberica.es\/clip\/897a01ef-c624-4870-b9c7-c9acffec39ed_source-aspect-ratio_default_0.jpg\" width=\"2000\" height=\"1333\" \/><\/a><\/p>\n<p style=\"text-align: center\"><a href=\"https:\/\/estaticos-cdn.prensaiberica.es\/clip\/b26ec12b-7047-4ca7-a7a6-0c8b1fcfdbe5_source-aspect-ratio_default_0.jpg\"><img loading=\"lazy\" decoding=\"async\" class=\"aligncenter size-large\" src=\"https:\/\/estaticos-cdn.prensaiberica.es\/clip\/b26ec12b-7047-4ca7-a7a6-0c8b1fcfdbe5_source-aspect-ratio_default_0.jpg\" width=\"2000\" height=\"1333\" \/><\/a><\/p>\n<p style=\"text-align: center\"><a href=\"https:\/\/estaticos-cdn.prensaiberica.es\/clip\/de4b45c9-7aeb-4a50-86b7-da4767eac076_source-aspect-ratio_default_0.jpg\"><img loading=\"lazy\" decoding=\"async\" class=\"aligncenter size-large\" src=\"https:\/\/estaticos-cdn.prensaiberica.es\/clip\/de4b45c9-7aeb-4a50-86b7-da4767eac076_source-aspect-ratio_default_0.jpg\" width=\"2000\" height=\"1333\" \/><\/a><\/p>\n<p style=\"text-align: center\"><a href=\"https:\/\/estaticos-cdn.prensaiberica.es\/clip\/40013c96-ddaa-4914-bba0-d7c66b907f9e_source-aspect-ratio_default_0.jpg\"><img loading=\"lazy\" decoding=\"async\" class=\"aligncenter size-large\" src=\"https:\/\/estaticos-cdn.prensaiberica.es\/clip\/40013c96-ddaa-4914-bba0-d7c66b907f9e_source-aspect-ratio_default_0.jpg\" width=\"2000\" height=\"1333\" \/><\/a><\/p>\n<p style=\"text-align: center\"><a href=\"https:\/\/estaticos-cdn.prensaiberica.es\/clip\/f9ebdadf-1297-4ea1-ac07-9112e002b7b6_source-aspect-ratio_default_0.jpg\"><img loading=\"lazy\" decoding=\"async\" class=\"aligncenter size-large\" src=\"https:\/\/estaticos-cdn.prensaiberica.es\/clip\/f9ebdadf-1297-4ea1-ac07-9112e002b7b6_source-aspect-ratio_default_0.jpg\" width=\"2000\" height=\"1333\" \/><\/a><\/p>\n<p style=\"text-align: center\"><a href=\"https:\/\/ccnorte.com\/uploads\/images\/cartel-6893b0116ffd66.00652808.jpg\"><img loading=\"lazy\" decoding=\"async\" class=\"aligncenter size-large\" src=\"https:\/\/ccnorte.com\/uploads\/images\/cartel-6893b0116ffd66.00652808.jpg\" width=\"723\" height=\"1024\" \/><\/a><\/p>\n<p style=\"text-align: center\"><a href=\"https:\/\/ccnorte.com\/uploads\/files\/2025\/HUCA\/dorsales.jpg\"><img loading=\"lazy\" decoding=\"async\" class=\"aligncenter size-large\" src=\"https:\/\/ccnorte.com\/uploads\/files\/2025\/HUCA\/dorsales.jpg\" width=\"640\" height=\"937\" \/><\/a><\/p>\n","protected":false},"excerpt":{"rendered":"<p>Unes 2.000 persones participen na carrera solidaria HUCA &#8216;Mu\u00e9vite pola sal\u00fa&#8217; Cada participante apurre un quilo pa la Fundaci\u00f3n Bancu d&#8217;Alimentos d&#8217;Asturies.\u00a0Un total de 2.000 dosales participaron esta ma\u00f1ana na octava edici\u00f3n de la carrera solidaria HUCA &#8216;Mu\u00e9vite pola Sal\u00fa&#8217; que se celebr\u00f3 pela redolada del Hospital Central d&#8217;Asturies.\/ Semeyes \/ LNE \u00abUn 37% de [&hellip;]<\/p>\n","protected":false},"author":117,"featured_media":0,"comment_status":"closed","ping_status":"open","sticky":false,"template":"","format":"standard","meta":{"footnotes":""},"categories":[222,48],"tags":[],"class_list":["post-58847","post","type-post","status-publish","format-standard","hentry","category-carreres","category-salu"],"_links":{"self":[{"href":"https:\/\/edublog.educastur.es\/ixuxu\/wp-json\/wp\/v2\/posts\/58847","targetHints":{"allow":["GET"]}}],"collection":[{"href":"https:\/\/edublog.educastur.es\/ixuxu\/wp-json\/wp\/v2\/posts"}],"about":[{"href":"https:\/\/edublog.educastur.es\/ixuxu\/wp-json\/wp\/v2\/types\/post"}],"author":[{"embeddable":true,"href":"https:\/\/edublog.educastur.es\/ixuxu\/wp-json\/wp\/v2\/users\/117"}],"replies":[{"embeddable":true,"href":"https:\/\/edublog.educastur.es\/ixuxu\/wp-json\/wp\/v2\/comments?post=58847"}],"version-history":[{"count":9,"href":"https:\/\/edublog.educastur.es\/ixuxu\/wp-json\/wp\/v2\/posts\/58847\/revisions"}],"predecessor-version":[{"id":58902,"href":"https:\/\/edublog.educastur.es\/ixuxu\/wp-json\/wp\/v2\/posts\/58847\/revisions\/58902"}],"wp:attachment":[{"href":"https:\/\/edublog.educastur.es\/ixuxu\/wp-json\/wp\/v2\/media?parent=58847"}],"wp:term":[{"taxonomy":"category","embeddable":true,"href":"https:\/\/edublog.educastur.es\/ixuxu\/wp-json\/wp\/v2\/categories?post=58847"},{"taxonomy":"post_tag","embeddable":true,"href":"https:\/\/edublog.educastur.es\/ixuxu\/wp-json\/wp\/v2\/tags?post=58847"}],"curies":[{"name":"wp","href":"https:\/\/api.w.org\/{rel}","templated":true}]}}