{"id":58855,"date":"2025-09-28T10:30:53","date_gmt":"2025-09-28T08:30:53","guid":{"rendered":"https:\/\/edublog.educastur.es\/ixuxu\/?p=58855"},"modified":"2025-10-01T12:11:31","modified_gmt":"2025-10-01T10:11:31","slug":"cultura-apurrel-llunes-el-xxiv-premio-emilio-alarcos-de-poesia","status":"publish","type":"post","link":"https:\/\/edublog.educastur.es\/ixuxu\/2025\/09\/cultura-apurrel-llunes-el-xxiv-premio-emilio-alarcos-de-poesia\/","title":{"rendered":"Cultura apurre&#8217;l llunes el XXIV Premio &#8216;Emilio Alarcos&#8217; de Poes\u00eda"},"content":{"rendered":"<p><a href=\"https:\/\/scontent-bcn1-1.xx.fbcdn.net\/v\/t39.30808-6\/556370577_122193386816297870_1549689343708706186_n.jpg?_nc_cat=107&amp;ccb=1-7&amp;_nc_sid=833d8c&amp;_nc_ohc=WNqGSnbscOUQ7kNvwEW4lM7&amp;_nc_oc=Adm3YRvrdTyjAgkeL0pNvZUfNL6h4pMNx-iz2o-liiZz56BKcSvH8OuaHHfTNITeDw0O0eEEYKEGA3pnIdKgsasy&amp;_nc_zt=23&amp;_nc_ht=scontent-bcn1-1.xx&amp;_nc_gid=eDeoQCWDz5_fX4Yn2j_8qQ&amp;oh=00_AfYful3O5G7g8YPQu1tmraYY9A-um0w5lYCNV7eTIVBznA&amp;oe=68DF5E58\">Cartelu<\/a> \/ Cultura apurre&#8217;l llunes el <strong><span style=\"color: #008080\">XXIV Premio &#8216;Emilio Alarcos&#8217; de Poes\u00eda<\/span><\/strong> nun actu nel que se va rindir homenaxe al fil\u00f3logu con un recital po\u00e9ticu. Sergio Garc\u00eda Zamora va presentar la so obra galardonada en 2024, <em>El pan y la palabra. <\/em><a href=\"https:\/\/actualidad.asturias.es\/-\/cultura-entrega-el-lunes-el-xxiv-premio-emilio-alarcos-de-poes\u00eda-en-un-acto-en-el-que-se-rendir\u00e1-homenaje-al-fil\u00f3logo-con-un-recital-po\u00e9tico?redirect=%2F\">Actualid\u00e1<\/a><\/p>\n<p style=\"text-align: center\"><a href=\"https:\/\/actualidad.asturias.es\/documents\/537115\/2835341\/557409708_122193560036297870_3817681755814801804_n.jpg\/0df6d8d8-a1f9-9c0e-8736-91fee4111443?t=1759216766144\"><img loading=\"lazy\" decoding=\"async\" class=\"aligncenter \" src=\"https:\/\/actualidad.asturias.es\/documents\/537115\/2835341\/557409708_122193560036297870_3817681755814801804_n.jpg\/0df6d8d8-a1f9-9c0e-8736-91fee4111443?t=1759216766144\" width=\"459\" height=\"963\" \/><\/a><\/p>\n<p>La <a href=\"https:\/\/www.facebook.com\/culturaAST\/?locale=es_ES\"><strong>Conseyer\u00eda de Cultura, Pol\u00edtica Lling\u00fc\u00edstica y Deporte<\/strong><\/a> va apurrir el llunes el premiu nun actu nel que se va rindir homenaxe al fil\u00f3logu con un recital po\u00e9ticu. L&#8217;eventu va tener llugar a les 17:30 hores na see del Real Institutu d&#8217;Estudios Asturianos (Ridea), n&#8217;Uvi\u00e9u, con entrada llibre hasta completar l&#8217;aforu.<\/p>\n<p><!--more--><\/p>\n<div class=\"description\">\n<p style=\"text-align: left\"><span style=\"color: #008080\">Alfonso Brezmes llogra\u2019l XXIV Premiu \u201cEmilio Alarcos\u201d de Poes\u00eda 2025 cola obra <strong>\u00abEl don de la tristeza\u00bb.\u00a0 <\/strong><\/span><strong>El xur\u00e1u pon en valor \u201cun llibru org\u00e1nicu, bien estructur\u00e1u que s\u2019ubica na estela de la meyor poes\u00eda comunicativa\u201d.\u00a0<\/strong><strong>El premiu promov\u00edu pola Conseyer\u00eda de Cultura, Pol\u00edtica Lling\u00fc\u00edstica y Deporte ta dot\u00e1u con 6.200 euros y la publicaci\u00f3n de la obra ganadora.<\/strong><\/p>\n<p style=\"text-align: center\"><a href=\"https:\/\/migijon.com\/wp-content\/uploads\/2025\/09\/Alfonso-Brezmes.jpg\"><img loading=\"lazy\" decoding=\"async\" class=\"aligncenter size-large\" src=\"https:\/\/migijon.com\/wp-content\/uploads\/2025\/09\/Alfonso-Brezmes.jpg\" width=\"296\" height=\"299\" \/><\/a><\/p>\n<p><span style=\"color: #008080\">L\u2019escritor Alfonso Brezmes Mart\u00ednez de Villareal (Madrid, 1966) consigui\u00f3\u2019l XXIV Premiu Emilio Alarcos de Poes\u00eda 2025 cola obra\u00a0<i>El don de la tristeza<\/i>, al imponese por mayor\u00eda na votaci\u00f3n final a los otros testos qu\u2019optaben al gallard\u00f3n. A la presente edici\u00f3n concurri\u00f3 un total de 29 poemarios.<\/span><\/p>\n<p><span style=\"color: #008080\">L\u2019autor, abog\u00e1u del est\u00e1u, public\u00f3 t\u00edtulos como\u00a0<i>La noche tatuada<\/i>\u00a0(2013),\u00a0<i>Don de lenguas<\/i>\u00a0(2015),\u00a0<i>Ultramor<\/i>\u00a0(2017),\u00a0<i>Vicios ocultos<\/i>\u00a0(2019), l\u2019antolox\u00eda billing\u00fce\u00a0<i>Marginal Notes<\/i>\u00a0(Cornerstone Press, 2020) y\u00a0<i>Sed<\/i>\u00a0(2020)<\/span><\/p>\n<p><span style=\"color: #008080\">El xur\u00e1u valor\u00f3 la obra por tratase de \u201cun llibru org\u00e1nicu, bien estructur\u00e1u que s\u2019ubica na estela de la meyor poes\u00eda comunicativa, atractivu, con bon oy\u00edu pa la m\u00e9trica tradicional. Pese al fondu se\u00f1ardosu poseye desenfadu formal y tonal, non exentu d\u2019encantu.\u201d<\/span><\/p>\n<p>El poeta y acad\u00e9micu de la Real Academia de la Historia, Luis Alberto de Cuenca, actu\u00f3 como presidente y portavoz del xur\u00e1u. Los vocales fueron Josefina Mart\u00ednez, directora de la C\u00e1tedra Alarcos de la Universid\u00e1 d\u2019Uvi\u00e9u; Luis Garc\u00eda Montero, director del Institutu Cervantes; Olvido Garc\u00eda Vald\u00e9s, Premiu Nacional de Poes\u00eda; Carlos Marzal, Premiu de la Cr\u00edtica y Nacional de Poes\u00eda; Araceli Iravedra, catedr\u00e1tica de la Universid\u00e1 d\u2019Uvi\u00e9u y Jes\u00fas Garc\u00eda S\u00e1nchez, llibreru, editor y impulsor de la prestixosa Colecci\u00f3n Visor de Poes\u00eda. Como secretariu del xur\u00e1u actu\u00f3 Carlos Gil, Xefe del Serviciu d\u2019Acci\u00f3n Cultural.<\/p>\n<p>Per parte del Gobiernu d\u2019Asturies, particip\u00f3\u2019l director xeneral d\u2019Acci\u00f3n Cultural y Normalizaci\u00f3n Lling\u00fc\u00edstica, Ant\u00f3n Garc\u00eda, que presidi\u00f3 l\u2019actu nel que se fizo p\u00fablicu\u2019l fallu y se present\u00f3, de la mano del poeta Javier Almuzara, la obra\u00a0<i>El pan y la palabra<\/i>, del autor Sergio Garc\u00eda Zamora, ganadora de l\u2019anterior edici\u00f3n.<\/p>\n<p>El premiu, otorg\u00e1u pola Conseyer\u00eda de Cultura, Pol\u00edtica Lling\u00fc\u00edstica y Deporte, ta dot\u00e1u con 6.200 euros y la publicaci\u00f3n de la obra ganadora.<\/p>\n<\/div>\n<div class=\"contenido-article documentacion\">\n<ul>\n<li><a class=\"pdf\" title=\"Nota de prensa ganador Premio Alarcos 2025 (asturiano). Abre una nueva ventana\" href=\"https:\/\/actualidad.asturias.es\/documents\/533407\/0\/2025_09_29+NP+Ganador+Premio+Alarcos+2025+asturiano.pdf\/2fcbad2d-0e7c-5f86-0ac4-5d1596645b49?t=1759163803011\" target=\"_blank\" rel=\"noopener\">\u00a0Nota de prensa ganador Premio Alarcos 2025 (asturiano)<\/a><\/li>\n<\/ul>\n<\/div>\n<p style=\"text-align: center\"><a href=\"https:\/\/actualidad.asturias.es\/documents\/537115\/2831099\/WhatsApp+Image+2025-09-27+at+10.52.04.jpeg\/68ab029c-a193-5d26-e659-f762bbbba349?t=1758966536619\"><img loading=\"lazy\" decoding=\"async\" class=\"aligncenter \" src=\"https:\/\/actualidad.asturias.es\/documents\/537115\/2831099\/WhatsApp+Image+2025-09-27+at+10.52.04.jpeg\/68ab029c-a193-5d26-e659-f762bbbba349?t=1758966536619\" width=\"662\" height=\"372\" \/><\/a><\/p>\n<p>&nbsp;<\/p>\n<p>&nbsp;<\/p>\n<div class=\"xdj266r x14z9mp xat24cr x1lziwak x1vvkbs x126k92a\">\n<ul>\n<li dir=\"auto\"><span class=\"html-span xexx8yu xyri2b x18d9i69 x1c1uobl x1hl2dhg x16tdsg8 x1vvkbs x3nfvp2 x1j61x8r x1fcty0u xdj266r xat24cr xm2jcoa x1mpyi22 xxymvpz xlup9mm x1kky2od\"><img loading=\"lazy\" decoding=\"async\" class=\"xz74otr x15mokao x1ga7v0g x16uus16 xbiv7yw\" src=\"https:\/\/static.xx.fbcdn.net\/images\/emoji.php\/v9\/t49\/1\/16\/1f4da.png\" alt=\"\ud83d\udcda\" width=\"16\" height=\"16\" \/><\/span> La Conseyer\u00eda de Cultura, Pol\u00edtica Lling\u00fc\u00edstica y Deporte va entregar el llunes el XXIV Premiu \u00abEmilio Alarcos\u00bb de Poes\u00eda nun actu que va incluyir un recital po\u00e9ticu n&#8217;homenaxe al fil\u00f3logu. La cita va ser a les 17:30 hores na sede del RIDEA, n\u2019Uvi\u00e9u, con entrada llibre hasta completar aforu.<\/li>\n<\/ul>\n<\/div>\n<div class=\"x14z9mp xat24cr x1lziwak x1vvkbs xtlvy1s x126k92a\">\n<ul>\n<li dir=\"auto\"><span class=\"html-span xexx8yu xyri2b x18d9i69 x1c1uobl x1hl2dhg x16tdsg8 x1vvkbs x3nfvp2 x1j61x8r x1fcty0u xdj266r xat24cr xm2jcoa x1mpyi22 xxymvpz xlup9mm x1kky2od\"><img loading=\"lazy\" decoding=\"async\" class=\"xz74otr x15mokao x1ga7v0g x16uus16 xbiv7yw\" src=\"https:\/\/static.xx.fbcdn.net\/images\/emoji.php\/v9\/t9e\/1\/16\/1f4d6.png\" alt=\"\ud83d\udcd6\" width=\"16\" height=\"16\" \/><\/span> Nel marcu del actu va lleese\u2019l fallu del xur\u00e1u y el poeta asturianu Javier de Almuzara va presentar la obra ganadora de la edici\u00f3n de 2024, El pan y la palabra, del cubanu Sergio Garc\u00eda Zamora, que tami\u00e9n va tar presente.<\/li>\n<\/ul>\n<\/div>\n<div class=\"x14z9mp xat24cr x1lziwak x1vvkbs xtlvy1s x126k92a\">\n<ul>\n<li dir=\"auto\"><span class=\"html-span xexx8yu xyri2b x18d9i69 x1c1uobl x1hl2dhg x16tdsg8 x1vvkbs x3nfvp2 x1j61x8r x1fcty0u xdj266r xat24cr xm2jcoa x1mpyi22 xxymvpz xlup9mm x1kky2od\"><img loading=\"lazy\" decoding=\"async\" class=\"xz74otr x15mokao x1ga7v0g x16uus16 xbiv7yw\" src=\"https:\/\/static.xx.fbcdn.net\/images\/emoji.php\/v9\/tb7\/1\/16\/1f58b.png\" alt=\"\ud83d\udd8b\ufe0f\" width=\"16\" height=\"16\" \/><\/span> Como ye habitual, va celebrase un recital po\u00e9ticu en memoria d\u2019Emilio Alarcos coles intervenciones de los miembros del xur\u00e1u: presid\u00edu por Luis Alberto de Cuenca y form\u00e1u por Josefina Mart\u00ednez \u00c1lvarez, Luis Garc\u00eda Montero, Carlos Marzal, Araceli Iravedra, Olvido Garc\u00eda Vald\u00e9s y Jes\u00fas Garc\u00eda S\u00e1nchez, con Carlos Gil de G\u00f3mez como secretariu.<\/li>\n<\/ul>\n<\/div>\n<div class=\"x14z9mp xat24cr x1lziwak x1vvkbs xtlvy1s x126k92a\">\n<div dir=\"auto\">Mientres el mesmu, va dase en la llectura del fallu del xur\u00e1u y a la presentaci\u00f3n per parte del poeta asturianu Javier de Almuzara del llibru ganador de la edici\u00f3n anterior, El pan y la palabra, del poeta Sergio Garc\u00eda Zamora, que va asistir al eventu.<\/div>\n<\/div>\n<p>Como n&#8217;otres ocasiones, va celebrase tami\u00e9n un recital po\u00e9ticu n&#8217;honor a Emilio Alarcos, nel que van participar los integrantes del xur\u00e1u, que ta presid\u00edu pol poeta y ensayista Luis Alberto de Cuenca, y compuestu por destacaes figures del \u00e1mbitu lliterariu y acad\u00e9micu: Josefina Mart\u00ednez \u00c1lvarez, Luis Garc\u00eda Montero, Carlos Marzal, Araceli Iravedra, Olvido Garc\u00eda Vald\u00e9s y Jes\u00fas Garc\u00eda S\u00e1nchez. Act\u00faa como secretariu Carlos Gil de G\u00f3mez.<\/p>\n<p><strong>Esti premiu, convoc\u00e1u a\u00f1almente pola conseyer\u00eda, reconoz obres orixinales ya in\u00e9dites escrites en castell\u00e1n<\/strong>, con una estensi\u00f3n m\u00ednima de 500 versos, y cuenta con una dotaci\u00f3n econ\u00f3mica de 6.200 euros. El galard\u00f3n rinde homenaxe al acad\u00e9micu Emilio Alarcos Llorach, figura clave de la lling\u00fc\u00edstica y la cr\u00edtica lliteraria n&#8217;Espa\u00f1a.<\/p>\n<p>Esta reconocencia forma parte del compromisu del Gobiernu d&#8217;Asturies cola promoci\u00f3n de la cultura y el pensamientu cr\u00edticu, nuna redolada que celebra la palabra como ferramienta d&#8217;espresi\u00f3n, reflex\u00f3n y tresformamientu social.<\/p>\n<p>El galard\u00f3n rinde homenaxe al acad\u00e9micu Emilio Alarcos Llorach, figura clave de la lling\u00fc\u00edstica y la cr\u00edtica lliteraria n&#8217;Espa\u00f1a.<\/p>\n<p style=\"text-align: center\"><a href=\"https:\/\/img-s-msn-com.akamaized.net\/tenant\/amp\/entityid\/AA1NpFFw.img?w=640&amp;h=480&amp;m=6\"><img loading=\"lazy\" decoding=\"async\" class=\"aligncenter size-large\" src=\"https:\/\/img-s-msn-com.akamaized.net\/tenant\/amp\/entityid\/AA1NpFFw.img?w=640&amp;h=480&amp;m=6\" width=\"640\" height=\"480\" \/><\/a><\/p>\n","protected":false},"excerpt":{"rendered":"<p>Cartelu \/ Cultura apurre&#8217;l llunes el XXIV Premio &#8216;Emilio Alarcos&#8217; de Poes\u00eda nun actu nel que se va rindir homenaxe al fil\u00f3logu con un recital po\u00e9ticu. Sergio Garc\u00eda Zamora va presentar la so obra galardonada en 2024, El pan y la palabra. Actualid\u00e1 La Conseyer\u00eda de Cultura, Pol\u00edtica Lling\u00fc\u00edstica y Deporte va apurrir el llunes [&hellip;]<\/p>\n","protected":false},"author":117,"featured_media":0,"comment_status":"closed","ping_status":"open","sticky":false,"template":"","format":"standard","meta":{"footnotes":""},"categories":[39,58],"tags":[],"class_list":["post-58855","post","type-post","status-publish","format-standard","hentry","category-poesia","category-premios"],"_links":{"self":[{"href":"https:\/\/edublog.educastur.es\/ixuxu\/wp-json\/wp\/v2\/posts\/58855","targetHints":{"allow":["GET"]}}],"collection":[{"href":"https:\/\/edublog.educastur.es\/ixuxu\/wp-json\/wp\/v2\/posts"}],"about":[{"href":"https:\/\/edublog.educastur.es\/ixuxu\/wp-json\/wp\/v2\/types\/post"}],"author":[{"embeddable":true,"href":"https:\/\/edublog.educastur.es\/ixuxu\/wp-json\/wp\/v2\/users\/117"}],"replies":[{"embeddable":true,"href":"https:\/\/edublog.educastur.es\/ixuxu\/wp-json\/wp\/v2\/comments?post=58855"}],"version-history":[{"count":11,"href":"https:\/\/edublog.educastur.es\/ixuxu\/wp-json\/wp\/v2\/posts\/58855\/revisions"}],"predecessor-version":[{"id":59118,"href":"https:\/\/edublog.educastur.es\/ixuxu\/wp-json\/wp\/v2\/posts\/58855\/revisions\/59118"}],"wp:attachment":[{"href":"https:\/\/edublog.educastur.es\/ixuxu\/wp-json\/wp\/v2\/media?parent=58855"}],"wp:term":[{"taxonomy":"category","embeddable":true,"href":"https:\/\/edublog.educastur.es\/ixuxu\/wp-json\/wp\/v2\/categories?post=58855"},{"taxonomy":"post_tag","embeddable":true,"href":"https:\/\/edublog.educastur.es\/ixuxu\/wp-json\/wp\/v2\/tags?post=58855"}],"curies":[{"name":"wp","href":"https:\/\/api.w.org\/{rel}","templated":true}]}}