{"id":58889,"date":"2025-09-29T08:30:15","date_gmt":"2025-09-29T06:30:15","guid":{"rendered":"https:\/\/edublog.educastur.es\/ixuxu\/?p=58889"},"modified":"2025-09-29T10:20:46","modified_gmt":"2025-09-29T08:20:46","slug":"el-tiempu-el-comercio-150","status":"publish","type":"post","link":"https:\/\/edublog.educastur.es\/ixuxu\/2025\/09\/el-tiempu-el-comercio-150\/","title":{"rendered":"El tiempu (El Comercio)"},"content":{"rendered":"<p style=\"text-align: center\"><a href=\"https:\/\/s2.ppllstatics.com\/elcomercio\/www\/multimedia\/2025\/09\/28\/tiempo-asturias-lunes-29-septiembre-k26B-U2302588077118HVD-1200x870@El%20Comercio.jpg\"><img loading=\"lazy\" decoding=\"async\" class=\"aligncenter size-large\" src=\"https:\/\/s2.ppllstatics.com\/elcomercio\/www\/multimedia\/2025\/09\/28\/tiempo-asturias-lunes-29-septiembre-k26B-U2302588077118HVD-1200x870@El%20Comercio.jpg\" width=\"1200\" height=\"870\" \/><\/a><\/p>\n<p>La previsi\u00f3n del tiempu n&#8217;Asturies para esti llunes agora cielos bien nublos con, a lo sumo, delles cobardes escamplaes escontra&#8217;l suroccidente. Estes nubes van tar presentes nel cielu mientres tola xornada pr\u00e1cticamente de principiu a fin.<strong> Mientres la ma\u00f1ana<\/strong> nun se refuguen precipitaciones de calter d\u00e9bil. Pela tarde la probabilid\u00e1 d&#8217;ag\u00fces va ser muncho m\u00e1s baxa o nula. <strong>Los vientos<\/strong> van soplar de nordeste fluexos con raches moderaes nel occidente y zones costeres. <strong>Les temperatures m\u00e1ximes<\/strong> van ser similares a les d&#8217;esti domingu salvu nel estremu m\u00e1s oriental onde, llixeramente, van baxar un pocu. <strong>Les m\u00ednimes<\/strong> nam\u00e1 van baxar en zones altes del cordal, calteni\u00e9ndose ensin cambeos nel restu del Princip\u00e1u.<\/p>\n<p><!--more--><\/p>\n<p><strong>El martes<\/strong>, anque vamos empezar la xornada ent\u00e1 con cierta nubosid\u00e1 vamos reparar como les nubes van ser cada vez menos compactes a lo llargo del d\u00eda. Nun s&#8217;esperen precipitaciones en neng\u00fan momentu. Les temperatures diurnes van xubir un par de graos respecto al llunes, salvu nel cuadrante nord\u00e9s onde nun van esperimentar variaciones. Les m\u00ednimes van baxar sobremanera na zona central d&#8217;Asturies.<\/p>\n","protected":false},"excerpt":{"rendered":"<p>La previsi\u00f3n del tiempu n&#8217;Asturies para esti llunes agora cielos bien nublos con, a lo sumo, delles cobardes escamplaes escontra&#8217;l suroccidente. Estes nubes van tar presentes nel cielu mientres tola xornada pr\u00e1cticamente de principiu a fin. Mientres la ma\u00f1ana nun se refuguen precipitaciones de calter d\u00e9bil. Pela tarde la probabilid\u00e1 d&#8217;ag\u00fces va ser muncho m\u00e1s [&hellip;]<\/p>\n","protected":false},"author":117,"featured_media":0,"comment_status":"closed","ping_status":"open","sticky":false,"template":"","format":"standard","meta":{"footnotes":""},"categories":[5],"tags":[],"class_list":["post-58889","post","type-post","status-publish","format-standard","hentry","category-tiempu"],"_links":{"self":[{"href":"https:\/\/edublog.educastur.es\/ixuxu\/wp-json\/wp\/v2\/posts\/58889","targetHints":{"allow":["GET"]}}],"collection":[{"href":"https:\/\/edublog.educastur.es\/ixuxu\/wp-json\/wp\/v2\/posts"}],"about":[{"href":"https:\/\/edublog.educastur.es\/ixuxu\/wp-json\/wp\/v2\/types\/post"}],"author":[{"embeddable":true,"href":"https:\/\/edublog.educastur.es\/ixuxu\/wp-json\/wp\/v2\/users\/117"}],"replies":[{"embeddable":true,"href":"https:\/\/edublog.educastur.es\/ixuxu\/wp-json\/wp\/v2\/comments?post=58889"}],"version-history":[{"count":1,"href":"https:\/\/edublog.educastur.es\/ixuxu\/wp-json\/wp\/v2\/posts\/58889\/revisions"}],"predecessor-version":[{"id":58890,"href":"https:\/\/edublog.educastur.es\/ixuxu\/wp-json\/wp\/v2\/posts\/58889\/revisions\/58890"}],"wp:attachment":[{"href":"https:\/\/edublog.educastur.es\/ixuxu\/wp-json\/wp\/v2\/media?parent=58889"}],"wp:term":[{"taxonomy":"category","embeddable":true,"href":"https:\/\/edublog.educastur.es\/ixuxu\/wp-json\/wp\/v2\/categories?post=58889"},{"taxonomy":"post_tag","embeddable":true,"href":"https:\/\/edublog.educastur.es\/ixuxu\/wp-json\/wp\/v2\/tags?post=58889"}],"curies":[{"name":"wp","href":"https:\/\/api.w.org\/{rel}","templated":true}]}}