{"id":58952,"date":"2025-09-01T11:00:04","date_gmt":"2025-09-01T09:00:04","guid":{"rendered":"https:\/\/edublog.educastur.es\/ixuxu\/?p=58952"},"modified":"2025-09-29T17:48:46","modified_gmt":"2025-09-29T15:48:46","slug":"presentacion-del-llibru-cantares-damor-y-guerra","status":"publish","type":"post","link":"https:\/\/edublog.educastur.es\/ixuxu\/2025\/09\/presentacion-del-llibru-cantares-damor-y-guerra\/","title":{"rendered":"Presentaci\u00f3n del llibru \u00abCantares d\u2019amor y guerra\u00bb"},"content":{"rendered":"<p style=\"text-align: center\"><span class=\"x193iq5w xeuugli x13faqbe x1vvkbs xt0psk2 x1i0vuye xvs91rp xo1l8bm x5n08af x10wh9bi xpm28yp x8viiok x1o7cslx x126k92a\"><span class=\"html-span xexx8yu x4uap5 x18d9i69 xkhd6sd x1hl2dhg x16tdsg8 x1vvkbs x3nfvp2 x1j61x8r x1fcty0u xdj266r xat24cr xgzva0m xhhsvwb xxymvpz xlup9mm x1kky2od\">\n<!-- iframe plugin v.6.0 wordpress.org\/plugins\/iframe\/ -->\n<iframe loading=\"lazy\" src=\"https:\/\/www.instagram.com\/reel\/DPLasJUDBpd\/embed\" width=\"500\" height=\"710\" 0=\"\/iframe\" scrolling=\"yes\" class=\"iframe-class\" frameborder=\"0\"><\/iframe>\n<\/span><\/span><\/p>\n<header class=\"_aaqw\">\n<div class=\"_aaqy _aaqz\">\n<div class=\"_aar0 _aar1\">\n<div class=\"x78zum5 x6ikm8r x10wlt62\">\n<div class=\"_aaqt\">\n<div class=\"html-div xdj266r x14z9mp xat24cr x1lziwak xexx8yu xyri2b x18d9i69 x1c1uobl x9f619 xjbqb8w x78zum5 x15mokao x1ga7v0g x16uus16 xbiv7yw x1n2onr6 x1plvlek xryxfnj x1c4vz4f x2lah0s x1q0g3np xqjyukv x6s0dn4 x1oa3qoh x1nhvcw1\">\n<div>\n<div class=\"x78zum5\"><\/div>\n<\/div>\n<\/div>\n<\/div>\n<\/div>\n<\/div>\n<\/div>\n<\/header>\n<section class=\"x12nagc x182iqb8 xv54qhq xf7dkkf\"><\/section>\n<div class=\"xt0psk2\">\n<p class=\"_ap3a _aaco _aacu _aacx _aad7 _aade\" dir=\"auto\"><strong>El xueves 2 d\u2019ochobre, a les 19:00 h<\/strong>, pres\u00e9ntase\u2019l llibru \u00abCantares d\u2019amor y guerra\u00bb, de Gaspar Garc\u00eda Laviana, na Biblioteca Municipal de L\u2019Entregu.<\/p>\n<p>Nel actu van intervenir Lourdes \u00c1lvarez Garc\u00eda, autora de la traducci\u00f3n; Jes\u00fas Manuel \u00c1lvarez \u00c1lvarez, Presidente de l\u2019Asociaci\u00f3n pola Memoria de Gaspar Garc\u00eda Laviana; Pablo Rodr\u00edguez Medina, Acad\u00e9micu de l\u2019ALLA, y Jos\u00e9 Ram\u00f3n Mart\u00edn Ardines, Alcalde de Samart\u00edn del Rei Aurelio. <a href=\"https:\/\/www.instagram.com\/academiadelallinguaasturiana\/\"><span class=\"x1lliihq x1plvlek xryxfnj x1n2onr6 xyejjpt x15dsfln x193iq5w xeuugli x1fj9vlw x13faqbe x1vvkbs x1s928wv xhkezso x1gmr53x x1cpjm7i x1fgarty x1943h6x x1i0vuye xvs91rp x1s688f x5n08af x10wh9bi xpm28yp x8viiok x1o7cslx\" dir=\"auto\">academiadelallinguaasturiana<\/span><\/a><\/p>\n<\/div>\n","protected":false},"excerpt":{"rendered":"<p>El xueves 2 d\u2019ochobre, a les 19:00 h, pres\u00e9ntase\u2019l llibru \u00abCantares d\u2019amor y guerra\u00bb, de Gaspar Garc\u00eda Laviana, na Biblioteca Municipal de L\u2019Entregu. Nel actu van intervenir Lourdes \u00c1lvarez Garc\u00eda, autora de la traducci\u00f3n; Jes\u00fas Manuel \u00c1lvarez \u00c1lvarez, Presidente de l\u2019Asociaci\u00f3n pola Memoria de Gaspar Garc\u00eda Laviana; Pablo Rodr\u00edguez Medina, Acad\u00e9micu de l\u2019ALLA, y Jos\u00e9 [&hellip;]<\/p>\n","protected":false},"author":117,"featured_media":0,"comment_status":"closed","ping_status":"open","sticky":false,"template":"","format":"standard","meta":{"footnotes":""},"categories":[65],"tags":[],"class_list":["post-58952","post","type-post","status-publish","format-standard","hentry","category-alla"],"_links":{"self":[{"href":"https:\/\/edublog.educastur.es\/ixuxu\/wp-json\/wp\/v2\/posts\/58952","targetHints":{"allow":["GET"]}}],"collection":[{"href":"https:\/\/edublog.educastur.es\/ixuxu\/wp-json\/wp\/v2\/posts"}],"about":[{"href":"https:\/\/edublog.educastur.es\/ixuxu\/wp-json\/wp\/v2\/types\/post"}],"author":[{"embeddable":true,"href":"https:\/\/edublog.educastur.es\/ixuxu\/wp-json\/wp\/v2\/users\/117"}],"replies":[{"embeddable":true,"href":"https:\/\/edublog.educastur.es\/ixuxu\/wp-json\/wp\/v2\/comments?post=58952"}],"version-history":[{"count":2,"href":"https:\/\/edublog.educastur.es\/ixuxu\/wp-json\/wp\/v2\/posts\/58952\/revisions"}],"predecessor-version":[{"id":58962,"href":"https:\/\/edublog.educastur.es\/ixuxu\/wp-json\/wp\/v2\/posts\/58952\/revisions\/58962"}],"wp:attachment":[{"href":"https:\/\/edublog.educastur.es\/ixuxu\/wp-json\/wp\/v2\/media?parent=58952"}],"wp:term":[{"taxonomy":"category","embeddable":true,"href":"https:\/\/edublog.educastur.es\/ixuxu\/wp-json\/wp\/v2\/categories?post=58952"},{"taxonomy":"post_tag","embeddable":true,"href":"https:\/\/edublog.educastur.es\/ixuxu\/wp-json\/wp\/v2\/tags?post=58952"}],"curies":[{"name":"wp","href":"https:\/\/api.w.org\/{rel}","templated":true}]}}