{"id":58955,"date":"2025-09-29T09:00:14","date_gmt":"2025-09-29T07:00:14","guid":{"rendered":"https:\/\/edublog.educastur.es\/ixuxu\/?p=58955"},"modified":"2025-09-29T20:16:16","modified_gmt":"2025-09-29T18:16:16","slug":"dia-mundial-de-la-retina","status":"publish","type":"post","link":"https:\/\/edublog.educastur.es\/ixuxu\/2025\/09\/dia-mundial-de-la-retina\/","title":{"rendered":"D\u00eda Mundial de la retina (parte fundamental del g\u00fceyu)"},"content":{"rendered":"<div class=\"html-div xdj266r xat24cr x1lziwak xexx8yu xyri2b x18d9i69 x1c1uobl x78zum5 x2lah0s xqtp20y x1xegmmw\">\n<div class=\"xc9qbxq x1td3qas x6s0dn4 x78zum5 xl56j7k\">\n<div class=\"\" style=\"text-align: center\"><a href=\"https:\/\/www.innovaocular.com\/sites\/default\/files\/chatgpt_image_22_sept_2025_09_47_40.png\"><img loading=\"lazy\" decoding=\"async\" class=\"aligncenter \" src=\"https:\/\/www.innovaocular.com\/sites\/default\/files\/chatgpt_image_22_sept_2025_09_47_40.png\" width=\"477\" height=\"477\" \/><\/a><\/div>\n<\/div>\n<\/div>\n<div class=\"x78zum5 xdt5ytf xz62fqu x16ldp7u\">\n<div class=\"xu06os2 x1ok221b\">\n<div class=\"html-div xdj266r x14z9mp xat24cr x1lziwak xexx8yu xyri2b x18d9i69 x1c1uobl\" data-ad-rendering-role=\"profile_name\">\n<ul>\n<li class=\"html-h3 x14z9mp xat24cr x1lziwak xexx8yu xyri2b x18d9i69 x1c1uobl x1vvkbs x1heor9g x1qlqyl8 x1pd3egz x1a2a7pz x1gslohp x1yc453h\"><span class=\"x1lliihq x6ikm8r x10wlt62 x1n2onr6\"><span class=\"xt0psk2\"><span class=\"xjp7ctv\"><a class=\"x1i10hfl xjbqb8w x1ejq31n x18oe1m7 x1sy0etr xstzfhl x972fbf x10w94by x1qhh985 x14e42zd x9f619 x1ypdohk xt0psk2 x3ct3a4 xdj266r x14z9mp xat24cr x1lziwak xexx8yu xyri2b x18d9i69 x1c1uobl x16tdsg8 x1hl2dhg xggy1nq x1a2a7pz xkrqix3 x1sur9pj xzsf02u x1s688f\" role=\"link\" href=\"https:\/\/www.facebook.com\/IOFVega?__cft__[0]=AZV7-s87mL3-FjfhnNl351GzMREpwGKzf7mb9LJNQSRk1o_3va7QpXRODERlUGj3LontJoangM4e7iAxZ60KS3Y_j5O01BX7-XbOgx5ZaFNI1xlycNzTgZq-CqyJPiNmG59hHNLzSWr3YkDxbWnCvWIoBZoIjrP1n2F5eBdZjjn6dRolc4-Nzmrc5X7Tk8xlKidlV9Q6fmjwu7v7xExLXwap&amp;__tn__=-UC%2CP-y-R\"><b class=\"html-b xdj266r x14z9mp xat24cr x1lziwak xexx8yu xyri2b x18d9i69 x1c1uobl x1hl2dhg x16tdsg8 x1vvkbs x1s688f\"><span class=\"html-span xdj266r x14z9mp xat24cr x1lziwak xexx8yu xyri2b x18d9i69 x1c1uobl x1hl2dhg x16tdsg8 x1vvkbs\">Instituto Oftalmol\u00f3gico Fern\u00e1ndez-Vega (IOFV)<\/span><\/b><\/a><\/span><\/span><\/span>\/<span class=\"html-span xdj266r x14z9mp xat24cr x1lziwak xexx8yu xyri2b x18d9i69 x1c1uobl x1hl2dhg x16tdsg8 x1vvkbs\"><a class=\"x1i10hfl xjbqb8w x1ejq31n x18oe1m7 x1sy0etr xstzfhl x972fbf x10w94by x1qhh985 x14e42zd x9f619 x1ypdohk xt0psk2 x3ct3a4 xdj266r x14z9mp xat24cr x1lziwak xexx8yu xyri2b x18d9i69 x1c1uobl x16tdsg8 x1hl2dhg xggy1nq x1a2a7pz xkrqix3 x1sur9pj x1fey0fg x1s688f\" role=\"link\" href=\"https:\/\/www.facebook.com\/hashtag\/d%C3%ADamundialdelaretina?__cft__[0]=AZV7-s87mL3-FjfhnNl351GzMREpwGKzf7mb9LJNQSRk1o_3va7QpXRODERlUGj3LontJoangM4e7iAxZ60KS3Y_j5O01BX7-XbOgx5ZaFNI1xlycNzTgZq-CqyJPiNmG59hHNLzSWr3YkDxbWnCvWIoBZoIjrP1n2F5eBdZjjn6dRolc4-Nzmrc5X7Tk8xlKidlV9Q6fmjwu7v7xExLXwap&amp;__tn__=*NK-y-R\">#D\u00edaMundialdelaRetina<\/a><\/span><\/li>\n<\/ul>\n<\/div>\n<\/div>\n<\/div>\n<div class=\"html-div xdj266r x14z9mp xat24cr x1lziwak xexx8yu xyri2b x18d9i69 x1c1uobl\" dir=\"auto\">\n<div class=\"html-div xdj266r x14z9mp xat24cr x1lziwak xexx8yu xyri2b x18d9i69 x1c1uobl\" dir=\"auto\">\n<div class=\"html-div xdj266r x14z9mp xat24cr x1lziwak xexx8yu xyri2b x18d9i69 x1c1uobl\" data-ad-rendering-role=\"story_message\">\n<div class=\"x1l90r2v x1iorvi4 x1g0dm76 xpdmqnj\" data-ad-comet-preview=\"message\" data-ad-preview=\"message\">\n<div class=\"x78zum5 xdt5ytf xz62fqu x16ldp7u\">\n<div class=\"xu06os2 x1ok221b\">\n<div class=\"html-div xdj266r x14z9mp xat24cr x1lziwak xexx8yu xyri2b x18d9i69 x1c1uobl\">\n<div class=\"x14z9mp xat24cr x1lziwak x1vvkbs xtlvy1s x126k92a\"><strong>La retina ye una parte fundamental del g\u00fceyu<\/strong>, encargada de captar la lluz y convertila en se\u00f1ales que&#8217;l celebru puede interpretar como imaxes.<\/div>\n<div><!--more--><\/div>\n<div class=\"x14z9mp xat24cr x1lziwak x1vvkbs xtlvy1s x126k92a\">\n<div dir=\"auto\">La perda de visi\u00f3n por enfermedaes retinianas afecta muncho m\u00e1s que la vista: impacta na vida diaria de pacientes, families y cuidadores. Munches d&#8217;estes enfermedaes ent\u00e1 nun tienen cura y l&#8217;accesu a un diagn\u00f3sticu precisu sigue siendo un retu. Por eso, nesti d\u00eda, recordamos la importancia de la investigaci\u00f3n y el sofitu a quien conviven con patolox\u00edes de la retina. Tamos al to llau para curiar el to sal\u00fa visual y dar visibilid\u00e1 a esta realid\u00e1.<\/div>\n<div dir=\"auto\"><\/div>\n<div dir=\"auto\" style=\"text-align: center\">\n<!-- iframe plugin v.6.0 wordpress.org\/plugins\/iframe\/ -->\n<iframe loading=\"lazy\" src=\"https:\/\/www.facebook.com\/plugins\/video.php?height=476&#038;href=https%3A%2F%2Fwww.facebook.com%2Freel%2F827526293170553%2F&#038;show_text=false&#038;width=476&#038;t=0\" width=\"476\" height=\"476\" style=\"border:none;overflow:hidden\" scrolling=\"no\" frameborder=\"0\" allowfullscreen=\"true\" allow=\"autoplay; clipboard-write; encrypted-media; picture-in-picture; web-share\" 0=\"\/iframe\" class=\"iframe-class\"><\/iframe>\n<\/div>\n<div dir=\"auto\"><\/div>\n<div dir=\"auto\" style=\"text-align: center\"><a href=\"https:\/\/cfw51.rabbitloader.xyz\/eyJjIjp0cnVlLCJoIjoiY2lydWdpYW9jdWxhcm1hZHJpZC5jb20iLCJ2Ijo4Mzc1NjY0MzIsInIiOjEsImkiOiI3OTY4MGYzMC05NTQ1LTQ4ZjktZTA2YS1kYmJkOTM4YWVlMDAifQ\/wp-content\/uploads\/2024\/10\/07-La-retina_-funcion-patologias-y-cuidados-esenciales-scaled.jpg\"><img loading=\"lazy\" decoding=\"async\" class=\"aligncenter size-large\" src=\"https:\/\/cfw51.rabbitloader.xyz\/eyJjIjp0cnVlLCJoIjoiY2lydWdpYW9jdWxhcm1hZHJpZC5jb20iLCJ2Ijo4Mzc1NjY0MzIsInIiOjEsImkiOiI3OTY4MGYzMC05NTQ1LTQ4ZjktZTA2YS1kYmJkOTM4YWVlMDAifQ\/wp-content\/uploads\/2024\/10\/07-La-retina_-funcion-patologias-y-cuidados-esenciales-scaled.jpg\" width=\"1920\" height=\"1097\" \/><\/a><\/div>\n<div dir=\"auto\"><\/div>\n<div dir=\"auto\">\u00bfQu\u00e9 ye la retina y por qu\u00e9 ye tan importante?<strong> La retina ye una fina capa de tex\u00edu nervioso asitiada no fondero del g\u00fceyu.<\/strong> Funciona como un sensor\u201d que capta la lluz y tresforma eses se\u00f1ales n&#8217;impulsos el\u00e9ctricos que&#8217;l celebru convierte n&#8217;imaxes. Ensin una retina sana, la visi\u00f3n deteri\u00f3rase progresivamente hasta llegar, en dellos casos, a la ceguera. Enfermedaes como la dexeneraci\u00f3n macular asociada a la ed\u00e1 (DMAE), la retinosis pigmentaria, la retinopat\u00eda diab\u00e9tica, los desprendimientos de retina o determinaes distrofias hereditaries pueden estropiar esta estructura vital.<\/div>\n<div dir=\"auto\"><\/div>\n<div dir=\"auto\">La celebraci\u00f3n a\u00f1al<strong> tien como oxetivu informar a les persones sobro les formes de curiar los sos g\u00fceyos.<\/strong> Aseg\u00farese de realizar revisiones oculares con regularid\u00e1,\u00a0 tenga en cuenta l&#8217;usu desatama\u00f1\u00e1u de dispositivos electr\u00f3nicos, y\u00e1 que pueden ser perxudiciales pa les retines col pasu del tiempu. Am\u00e1s, cualquier activid\u00e1 f\u00edsica tami\u00e9n ameyora&#8217;l fluxu sangu\u00edneo en tol cuerpu.<\/div>\n<div dir=\"auto\"><\/div>\n<\/div>\n<\/div>\n<\/div>\n<\/div>\n<\/div>\n<\/div>\n<\/div>\n<\/div>\n<p style=\"text-align: center\"><a href=\"https:\/\/scontent-bcn1-1.xx.fbcdn.net\/v\/t39.30808-6\/489032350_24149480131320576_6628626501459636776_n.jpg?_nc_cat=102&amp;ccb=1-7&amp;_nc_sid=127cfc&amp;_nc_ohc=PkV5nnS4ZOgQ7kNvwEWymC9&amp;_nc_oc=Adn-rnU1pEkSOSy49m_4p6tIE_KmVKrFsLXMqdmwVCF5Vx1jPzJE2QSy0Mzzi8GWGFFO_HPDtuWR2CZgSlXrZrXA&amp;_nc_zt=23&amp;_nc_ht=scontent-bcn1-1.xx&amp;_nc_gid=rpgU_NOVb_Fb4k2CtTG8oA&amp;oh=00_Afbo_15_k3r_-jBAjFQFJfgslgYVibhK6sq0-jweNZB4MA&amp;oe=68E066BA\"><img loading=\"lazy\" decoding=\"async\" class=\"aligncenter size-large\" src=\"https:\/\/scontent-bcn1-1.xx.fbcdn.net\/v\/t39.30808-6\/489032350_24149480131320576_6628626501459636776_n.jpg?_nc_cat=102&amp;ccb=1-7&amp;_nc_sid=127cfc&amp;_nc_ohc=PkV5nnS4ZOgQ7kNvwEWymC9&amp;_nc_oc=Adn-rnU1pEkSOSy49m_4p6tIE_KmVKrFsLXMqdmwVCF5Vx1jPzJE2QSy0Mzzi8GWGFFO_HPDtuWR2CZgSlXrZrXA&amp;_nc_zt=23&amp;_nc_ht=scontent-bcn1-1.xx&amp;_nc_gid=rpgU_NOVb_Fb4k2CtTG8oA&amp;oh=00_Afbo_15_k3r_-jBAjFQFJfgslgYVibhK6sq0-jweNZB4MA&amp;oe=68E066BA\" width=\"2000\" height=\"2000\" \/><\/a><\/p>\n","protected":false},"excerpt":{"rendered":"<p>Instituto Oftalmol\u00f3gico Fern\u00e1ndez-Vega (IOFV)\/#D\u00edaMundialdelaRetina La retina ye una parte fundamental del g\u00fceyu, encargada de captar la lluz y convertila en se\u00f1ales que&#8217;l celebru puede interpretar como imaxes.<\/p>\n","protected":false},"author":117,"featured_media":0,"comment_status":"closed","ping_status":"open","sticky":false,"template":"","format":"standard","meta":{"footnotes":""},"categories":[6],"tags":[],"class_list":["post-58955","post","type-post","status-publish","format-standard","hentry","category-dia-de"],"_links":{"self":[{"href":"https:\/\/edublog.educastur.es\/ixuxu\/wp-json\/wp\/v2\/posts\/58955","targetHints":{"allow":["GET"]}}],"collection":[{"href":"https:\/\/edublog.educastur.es\/ixuxu\/wp-json\/wp\/v2\/posts"}],"about":[{"href":"https:\/\/edublog.educastur.es\/ixuxu\/wp-json\/wp\/v2\/types\/post"}],"author":[{"embeddable":true,"href":"https:\/\/edublog.educastur.es\/ixuxu\/wp-json\/wp\/v2\/users\/117"}],"replies":[{"embeddable":true,"href":"https:\/\/edublog.educastur.es\/ixuxu\/wp-json\/wp\/v2\/comments?post=58955"}],"version-history":[{"count":7,"href":"https:\/\/edublog.educastur.es\/ixuxu\/wp-json\/wp\/v2\/posts\/58955\/revisions"}],"predecessor-version":[{"id":58968,"href":"https:\/\/edublog.educastur.es\/ixuxu\/wp-json\/wp\/v2\/posts\/58955\/revisions\/58968"}],"wp:attachment":[{"href":"https:\/\/edublog.educastur.es\/ixuxu\/wp-json\/wp\/v2\/media?parent=58955"}],"wp:term":[{"taxonomy":"category","embeddable":true,"href":"https:\/\/edublog.educastur.es\/ixuxu\/wp-json\/wp\/v2\/categories?post=58955"},{"taxonomy":"post_tag","embeddable":true,"href":"https:\/\/edublog.educastur.es\/ixuxu\/wp-json\/wp\/v2\/tags?post=58955"}],"curies":[{"name":"wp","href":"https:\/\/api.w.org\/{rel}","templated":true}]}}