{"id":58976,"date":"2025-09-29T12:05:41","date_gmt":"2025-09-29T10:05:41","guid":{"rendered":"https:\/\/edublog.educastur.es\/ixuxu\/?p=58976"},"modified":"2025-09-29T20:42:50","modified_gmt":"2025-09-29T18:42:50","slug":"desafios-de-ladministracion-en-el-campo-de-la-intelixencia-artificial","status":"publish","type":"post","link":"https:\/\/edublog.educastur.es\/ixuxu\/2025\/09\/desafios-de-ladministracion-en-el-campo-de-la-intelixencia-artificial\/","title":{"rendered":"Desaf\u00edos de l&#8217;Alministraci\u00f3nnel campu de la Intelixencia Artificial"},"content":{"rendered":"<div class=\"html-div xdj266r xat24cr x1lziwak xexx8yu xyri2b x18d9i69 x1c1uobl x78zum5 x2lah0s xqtp20y x1xegmmw\" style=\"text-align: center\"><a href=\"https:\/\/actualidad.asturias.es\/documents\/537115\/2834813\/2025_09_29+Jornada+sobre+IA+%281%29.jpg\/11a7b45f-61d7-3e9c-8cb0-05365ea1b2e5?t=1759150397824\"><img loading=\"lazy\" decoding=\"async\" class=\"aligncenter \" src=\"https:\/\/actualidad.asturias.es\/documents\/537115\/2834813\/2025_09_29+Jornada+sobre+IA+%281%29.jpg\/11a7b45f-61d7-3e9c-8cb0-05365ea1b2e5?t=1759150397824\" width=\"447\" height=\"335\" \/><\/a><\/div>\n<div class=\"x78zum5 xdt5ytf xz62fqu x16ldp7u\">\n<div class=\"xu06os2 x1ok221b\">\n<div class=\"html-div xdj266r x14z9mp xat24cr x1lziwak xexx8yu xyri2b x18d9i69 x1c1uobl\" data-ad-rendering-role=\"profile_name\">\n<ul>\n<li class=\"html-h3 x14z9mp xat24cr x1lziwak xexx8yu xyri2b x18d9i69 x1c1uobl x1vvkbs x1heor9g x1qlqyl8 x1pd3egz x1a2a7pz x1gslohp x1yc453h\"><span class=\"x1lliihq x6ikm8r x10wlt62 x1n2onr6\"><span class=\"xt0psk2\"><span class=\"xjp7ctv\"><a class=\"x1i10hfl xjbqb8w x1ejq31n x18oe1m7 x1sy0etr xstzfhl x972fbf x10w94by x1qhh985 x14e42zd x9f619 x1ypdohk xt0psk2 x3ct3a4 xdj266r x14z9mp xat24cr x1lziwak xexx8yu xyri2b x18d9i69 x1c1uobl x16tdsg8 x1hl2dhg xggy1nq x1a2a7pz xkrqix3 x1sur9pj xzsf02u x1s688f\" role=\"link\" href=\"https:\/\/www.facebook.com\/educastur?__cft__[0]=AZXpXnNig9JmPOLg0usPQKwmvs6KlFVLqLSqCIe5pgJUWA0MAg0_jcFlR9L-Gq2ZPeN2d5AP15gwyV5dzUdWkhKfRXhR-ncMxR92OsVlsLBr0OwW9dcNzJVdwF8LD0ecAy8Zj3RG4VVjURvFbaJPQI0PvBWkxjq4NGA5mTFnHewWaMZdj0cMfAb82YyeXZj3ze27dCbuL2NVaVWyGV6U2nn4&amp;__tn__=-UC%2CP-y-R\"><b class=\"html-b xdj266r x14z9mp xat24cr x1lziwak xexx8yu xyri2b x18d9i69 x1c1uobl x1hl2dhg x16tdsg8 x1vvkbs x1s688f\"><span class=\"html-span xdj266r x14z9mp xat24cr x1lziwak xexx8yu xyri2b x18d9i69 x1c1uobl x1hl2dhg x16tdsg8 x1vvkbs\">Consejer\u00eda de Educaci\u00f3n del Principado<\/span><\/b><\/a><\/span><\/span><\/span><span class=\"html-span xexx8yu xyri2b x18d9i69 x1c1uobl x1hl2dhg x16tdsg8 x1vvkbs x3nfvp2 x1j61x8r x1fcty0u xdj266r xat24cr xm2jcoa x1mpyi22 xxymvpz xlup9mm x1kky2od\"><img loading=\"lazy\" decoding=\"async\" class=\"xz74otr x15mokao x1ga7v0g x16uus16 xbiv7yw\" src=\"https:\/\/static.xx.fbcdn.net\/images\/emoji.php\/v9\/t7c\/1\/16\/1f9e0.png\" alt=\"\ud83e\udde0\" width=\"16\" height=\"16\" \/><\/span><span class=\"html-span xexx8yu xyri2b x18d9i69 x1c1uobl x1hl2dhg x16tdsg8 x1vvkbs x3nfvp2 x1j61x8r x1fcty0u xdj266r xat24cr xm2jcoa x1mpyi22 xxymvpz xlup9mm x1kky2od\"><img loading=\"lazy\" decoding=\"async\" class=\"xz74otr x15mokao x1ga7v0g x16uus16 xbiv7yw\" src=\"https:\/\/static.xx.fbcdn.net\/images\/emoji.php\/v9\/t81\/1\/16\/1f5a5.png\" alt=\"\ud83d\udda5\ufe0f\" width=\"16\" height=\"16\" \/><img loading=\"lazy\" decoding=\"async\" class=\"xz74otr x15mokao x1ga7v0g x16uus16 xbiv7yw\" src=\"https:\/\/static.xx.fbcdn.net\/images\/emoji.php\/v9\/ta2\/1\/16\/1f9f7.png\" alt=\"\ud83e\uddf7\" width=\"16\" height=\"16\" \/><\/span> <span class=\"html-span xdj266r x14z9mp xat24cr x1lziwak xexx8yu xyri2b x18d9i69 x1c1uobl x1hl2dhg x16tdsg8 x1vvkbs\"><a class=\"x1i10hfl xjbqb8w x1ejq31n x18oe1m7 x1sy0etr xstzfhl x972fbf x10w94by x1qhh985 x14e42zd x9f619 x1ypdohk xt0psk2 x3ct3a4 xdj266r x14z9mp xat24cr x1lziwak xexx8yu xyri2b x18d9i69 x1c1uobl x16tdsg8 x1hl2dhg xggy1nq x1a2a7pz xkrqix3 x1sur9pj x1fey0fg x1s688f\" role=\"link\" href=\"https:\/\/l.facebook.com\/l.php?u=https%3A%2F%2Facortar.link%2FO6dnit%3Ffbclid%3DIwZXh0bgNhZW0CMTAAYnJpZBEwTVZMR2llOHFCVkpQYkZGUwEeaYmP_8UNec-FjIDYlmaVqWWNDKIxrt7PofE_PbrzIHZbGe_7ZIVUvSWa2g4_aem_UweMbMNz2jhdOVVyUgerew&amp;h=AT2mVNGOR7iMJMtdDmxqnW3LZa51KYtWOZqdv6oDelYKtNszFiINEJtO_Eem0J4SaAQIVSO_Bk7GpNwFXAvnnXqh5MuFZPnxDms8k3vbJUvXIfUXo14brWls9bEvy0vgulIF41VUBksMLUkq10j53eXAErhfuw&amp;__tn__=-UK-y-R&amp;c[0]=AT2th64koPHOII8f99mBEbvvArvWjQWIPUQwpyQ4AbZj6toBdtKkWOQW-Hh-cKYgWGspx-OWpws0uAzjFcFNhW7m8JS_FlbW7rcEn6PqwYimrQ548TPO5slV96lCEju75jPAYiJb3NRd8bKdhCn-4YXMW_4C-Geqy2HEBb7V8EqO8YADXg6Uw00VRPXQjGYXFhaxBN0hySgsOiddCJKr1lLUASbDk13B9P70PC6DVA4rpvmA\" target=\"_blank\" rel=\"nofollow noopener noreferrer\">https:\/\/acortar.link\/O6dnit<\/a><\/span><\/li>\n<\/ul>\n<\/div>\n<\/div>\n<\/div>\n<div class=\"html-div xdj266r x14z9mp xat24cr x1lziwak xexx8yu xyri2b x18d9i69 x1c1uobl\" dir=\"auto\">\n<div class=\"html-div xdj266r x14z9mp xat24cr x1lziwak xexx8yu xyri2b x18d9i69 x1c1uobl\" dir=\"auto\">\n<div class=\"html-div xdj266r x14z9mp xat24cr x1lziwak xexx8yu xyri2b x18d9i69 x1c1uobl\" data-ad-rendering-role=\"story_message\">\n<div class=\"x1l90r2v x1iorvi4 x1g0dm76 xpdmqnj\" data-ad-comet-preview=\"message\" data-ad-preview=\"message\">\n<div class=\"x78zum5 xdt5ytf xz62fqu x16ldp7u\">\n<div class=\"xu06os2 x1ok221b\">\n<div class=\"html-div xdj266r x14z9mp xat24cr x1lziwak xexx8yu xyri2b x18d9i69 x1c1uobl\">\n<div dir=\"auto\">\n<div class=\"xdj266r x14z9mp xat24cr x1lziwak x1vvkbs x126k92a\">\n<div dir=\"auto\">La conseyera d&#8217;Educaci\u00f3n, Eva Ledo, espunxo g\u00fcei los desaf\u00edos, oportunidaes ya iniciatives que-y correspuende asumir a l&#8217;Alministraci\u00f3n nel campu de la intelixencia artificial, mientres la inauguraci\u00f3n de la xornada Les distintes cares de la IA, entamada pol Conseyu Escolar del Princip\u00e1u.<\/div>\n<div dir=\"auto\"><!--more--><\/div>\n<div dir=\"auto\">Ledo detall\u00f3 les actuaciones impulsaes pola conseyer\u00eda en materia de formaci\u00f3n, tantu del profesor\u00e1u \u2013que se cuadruplic\u00f3 nun solu a\u00f1u\u2013 como del alumn\u00e1u dientro de la ense\u00f1anza reglada de Formaci\u00f3n Profesional.<\/div>\n<div dir=\"auto\"><\/div>\n<div dir=\"auto\" style=\"text-align: center\">\n<!-- iframe plugin v.6.0 wordpress.org\/plugins\/iframe\/ -->\n<iframe loading=\"lazy\" src=\"https:\/\/www.facebook.com\/plugins\/post.php?href=https%3A%2F%2Fwww.facebook.com%2Fphoto.php%3Ffbid%3D776426098695570%26set%3Da.108910392113814%26type%3D3&#038;show_text=false&#038;width=500\" width=\"500\" height=\"830\" style=\"border:none;overflow:hidden\" scrolling=\"no\" frameborder=\"0\" allowfullscreen=\"true\" allow=\"autoplay; clipboard-write; encrypted-media; picture-in-picture; web-share\" 0=\"\/iframe\" class=\"iframe-class\"><\/iframe>\n<\/div>\n<\/div>\n<\/div>\n<\/div>\n<\/div>\n<\/div>\n<\/div>\n<\/div>\n<\/div>\n<\/div>\n<p>&nbsp;<\/p>\n","protected":false},"excerpt":{"rendered":"<p>Consejer\u00eda de Educaci\u00f3n del Principado https:\/\/acortar.link\/O6dnit La conseyera d&#8217;Educaci\u00f3n, Eva Ledo, espunxo g\u00fcei los desaf\u00edos, oportunidaes ya iniciatives que-y correspuende asumir a l&#8217;Alministraci\u00f3n nel campu de la intelixencia artificial, mientres la inauguraci\u00f3n de la xornada Les distintes cares de la IA, entamada pol Conseyu Escolar del Princip\u00e1u.<\/p>\n","protected":false},"author":117,"featured_media":0,"comment_status":"closed","ping_status":"open","sticky":false,"template":"","format":"standard","meta":{"footnotes":""},"categories":[132,261],"tags":[],"class_list":["post-58976","post","type-post","status-publish","format-standard","hentry","category-educastur","category-intelixencia-artificial"],"_links":{"self":[{"href":"https:\/\/edublog.educastur.es\/ixuxu\/wp-json\/wp\/v2\/posts\/58976","targetHints":{"allow":["GET"]}}],"collection":[{"href":"https:\/\/edublog.educastur.es\/ixuxu\/wp-json\/wp\/v2\/posts"}],"about":[{"href":"https:\/\/edublog.educastur.es\/ixuxu\/wp-json\/wp\/v2\/types\/post"}],"author":[{"embeddable":true,"href":"https:\/\/edublog.educastur.es\/ixuxu\/wp-json\/wp\/v2\/users\/117"}],"replies":[{"embeddable":true,"href":"https:\/\/edublog.educastur.es\/ixuxu\/wp-json\/wp\/v2\/comments?post=58976"}],"version-history":[{"count":5,"href":"https:\/\/edublog.educastur.es\/ixuxu\/wp-json\/wp\/v2\/posts\/58976\/revisions"}],"predecessor-version":[{"id":58983,"href":"https:\/\/edublog.educastur.es\/ixuxu\/wp-json\/wp\/v2\/posts\/58976\/revisions\/58983"}],"wp:attachment":[{"href":"https:\/\/edublog.educastur.es\/ixuxu\/wp-json\/wp\/v2\/media?parent=58976"}],"wp:term":[{"taxonomy":"category","embeddable":true,"href":"https:\/\/edublog.educastur.es\/ixuxu\/wp-json\/wp\/v2\/categories?post=58976"},{"taxonomy":"post_tag","embeddable":true,"href":"https:\/\/edublog.educastur.es\/ixuxu\/wp-json\/wp\/v2\/tags?post=58976"}],"curies":[{"name":"wp","href":"https:\/\/api.w.org\/{rel}","templated":true}]}}