{"id":59006,"date":"2025-09-29T08:25:50","date_gmt":"2025-09-29T06:25:50","guid":{"rendered":"https:\/\/edublog.educastur.es\/ixuxu\/?p=59006"},"modified":"2025-09-30T05:08:22","modified_gmt":"2025-09-30T03:08:22","slug":"estau-del-tiempu-llunes-29-de-setiembre","status":"publish","type":"post","link":"https:\/\/edublog.educastur.es\/ixuxu\/2025\/09\/estau-del-tiempu-llunes-29-de-setiembre\/","title":{"rendered":"Est\u00e1u del tiempu: llunes 29 de setiembre"},"content":{"rendered":"<div class=\"xdj266r x14z9mp xat24cr x1lziwak x1vvkbs x126k92a\" style=\"text-align: center\"><a href=\"http:\/\/edublog.educastur.es\/ixuxu\/files\/2024\/11\/467747825_894074599540617_1227988172354431857_n.jpg\"><img loading=\"lazy\" decoding=\"async\" class=\"aligncenter  wp-image-36071\" src=\"http:\/\/edublog.educastur.es\/ixuxu\/files\/2024\/11\/467747825_894074599540617_1227988172354431857_n.jpg\" alt=\"\" width=\"208\" height=\"144\" srcset=\"https:\/\/edublog.educastur.es\/ixuxu\/files\/2024\/11\/467747825_894074599540617_1227988172354431857_n.jpg 450w, https:\/\/edublog.educastur.es\/ixuxu\/files\/2024\/11\/467747825_894074599540617_1227988172354431857_n-300x208.jpg 300w, https:\/\/edublog.educastur.es\/ixuxu\/files\/2024\/11\/467747825_894074599540617_1227988172354431857_n-433x300.jpg 433w\" sizes=\"auto, (max-width: 208px) 100vw, 208px\" \/><\/a><\/div>\n<div class=\"x14z9mp xat24cr x1lziwak x1vvkbs xtlvy1s x126k92a\">\n<ul>\n<li dir=\"auto\"><strong><span style=\"color: #008080\">Alborecemos<\/span><\/strong> con nubosid\u00e1 baxa ya con unes temperatures que tan alrodiu de los 14\u00baC, rexistr\u00e1ndose nel puirtu Payares 5,5\u00baC.<\/li>\n<\/ul>\n<\/div>\n<div class=\"x14z9mp xat24cr x1lziwak x1vvkbs xtlvy1s x126k92a\">\n<ul>\n<li dir=\"auto\"><strong><span style=\"color: #008080\">G\u00fcei<\/span> <\/strong>van dir dixebr\u00e1ndose los estratos del alborecer, pa dexanos nubes ya claros o abancios nes hores centrales del d\u00eda, surdiendo de nuevu al atapecer tando, como ye vezu nestes situaciones, m\u00e1s escampl\u00e1u pa la cordelera y fastera surocidental d&#8217;Asturies. Les temperatures camudar\u00e1n poco o subir\u00e1n llixeramente.<\/li>\n<\/ul>\n<p>&nbsp;<\/p>\n<\/div>\n<p><!--more--><\/p>\n<div class=\"x14z9mp xat24cr x1lziwak x1vvkbs xtlvy1s x126k92a\">\n<ul>\n<li dir=\"auto\"><span style=\"color: #008080\"><strong>Ma\u00f1ana martes<\/strong><\/span> volveremos alborecer con nubosid\u00e1 estratificada na fastera central asturiana, tando escampl\u00e1u nes zones altes y surocidente asturianu. Esti d\u00eda los estratos dixebrar\u00e1n primeru pa dexanos un d\u00eda soleyeru y prestosu hasta que al atapecer surda de nuevu, na fastera central asturiana, nubosid\u00e1 estratificada. Les temperatures n&#8217;ascensu y l&#8217;aire del nord\u00e9s que pue soplar con raches moderaes nel llitoral faciendo baxar perell\u00ed la sensaci\u00f3n t\u00e9rmica.<\/li>\n<\/ul>\n<\/div>\n<div class=\"x14z9mp xat24cr x1lziwak x1vvkbs xtlvy1s x126k92a\">\n<ul>\n<li dir=\"auto\"><strong><span style=\"color: #008080\">Polo menos hasta&#8217;l vienres<\/span><\/strong> el tiempu va tar mui estable con sol y ascensu paulatinu de les temperatures.<\/li>\n<\/ul>\n<\/div>\n","protected":false},"excerpt":{"rendered":"<p>Alborecemos con nubosid\u00e1 baxa ya con unes temperatures que tan alrodiu de los 14\u00baC, rexistr\u00e1ndose nel puirtu Payares 5,5\u00baC. G\u00fcei van dir dixebr\u00e1ndose los estratos del alborecer, pa dexanos nubes ya claros o abancios nes hores centrales del d\u00eda, surdiendo de nuevu al atapecer tando, como ye vezu nestes situaciones, m\u00e1s escampl\u00e1u pa la cordelera [&hellip;]<\/p>\n","protected":false},"author":117,"featured_media":0,"comment_status":"closed","ping_status":"open","sticky":false,"template":"","format":"standard","meta":{"footnotes":""},"categories":[5],"tags":[],"class_list":["post-59006","post","type-post","status-publish","format-standard","hentry","category-tiempu"],"_links":{"self":[{"href":"https:\/\/edublog.educastur.es\/ixuxu\/wp-json\/wp\/v2\/posts\/59006","targetHints":{"allow":["GET"]}}],"collection":[{"href":"https:\/\/edublog.educastur.es\/ixuxu\/wp-json\/wp\/v2\/posts"}],"about":[{"href":"https:\/\/edublog.educastur.es\/ixuxu\/wp-json\/wp\/v2\/types\/post"}],"author":[{"embeddable":true,"href":"https:\/\/edublog.educastur.es\/ixuxu\/wp-json\/wp\/v2\/users\/117"}],"replies":[{"embeddable":true,"href":"https:\/\/edublog.educastur.es\/ixuxu\/wp-json\/wp\/v2\/comments?post=59006"}],"version-history":[{"count":2,"href":"https:\/\/edublog.educastur.es\/ixuxu\/wp-json\/wp\/v2\/posts\/59006\/revisions"}],"predecessor-version":[{"id":59011,"href":"https:\/\/edublog.educastur.es\/ixuxu\/wp-json\/wp\/v2\/posts\/59006\/revisions\/59011"}],"wp:attachment":[{"href":"https:\/\/edublog.educastur.es\/ixuxu\/wp-json\/wp\/v2\/media?parent=59006"}],"wp:term":[{"taxonomy":"category","embeddable":true,"href":"https:\/\/edublog.educastur.es\/ixuxu\/wp-json\/wp\/v2\/categories?post=59006"},{"taxonomy":"post_tag","embeddable":true,"href":"https:\/\/edublog.educastur.es\/ixuxu\/wp-json\/wp\/v2\/tags?post=59006"}],"curies":[{"name":"wp","href":"https:\/\/api.w.org\/{rel}","templated":true}]}}